{"id":16230,"date":"2020-07-14T13:23:31","date_gmt":"2020-07-14T13:23:31","guid":{"rendered":"http:\/\/www.iceagetv.com\/radiosite\/?p=16230"},"modified":"2020-07-14T13:23:31","modified_gmt":"2020-07-14T13:23:31","slug":"un-alpiniste-autrichien-de-21-ans-est-mort-apres-avoir-fait-une-chute-dune-cinquantaine-de-metres-au-retour-dune-ascension-de-laiguille-dibona-dans-les-alpes-francaises","status":"publish","type":"post","link":"https:\/\/www.iceagetv.com\/radiosite\/un-alpiniste-autrichien-de-21-ans-est-mort-apres-avoir-fait-une-chute-dune-cinquantaine-de-metres-au-retour-dune-ascension-de-laiguille-dibona-dans-les-alpes-francaises\/","title":{"rendered":"Un alpiniste autrichien de 21 ans est mort apr\u00e8s avoir fait une chute d\u2019une cinquantaine de m\u00e8tres au retour d\u2019une ascension de l\u2019aiguille Dibona, dans les Alpes fran\u00e7aises"},"content":{"rendered":"\n<p>Un alpiniste autrichien de 21 ans est mort apr\u00e8s avoir fait une chute d\u2019une cinquantaine de m\u00e8tres au retour d\u2019une ascension de l\u2019aiguille Dibona, dans le massif des Ecrins, dans les Alpes fran\u00e7aises, a-t-on appris mardi aupr\u00e8s de la police.<\/p>\n\n\n\n<p>Le drame est survenu lundi apr\u00e8s-midi au dessus du refuge du Soreiller dans la commune de Saint-Christophe-en-Oisans, a-t-on appris aupr\u00e8s de la compagnie de CRS (Compagnies r\u00e9publicaines de s\u00e9curit\u00e9 &#8211; corps sp\u00e9cialis\u00e9 de la police nationale fran\u00e7aise) de la ville de Brian\u00e7on (est).<\/p>\n\n\n\n<p>Selon le journal Le Dauphin\u00e9 lib\u00e9r\u00e9, le jeune homme aurait chut\u00e9 pendant une descente en rappel. Il \u00e9tait accompagn\u00e9 d\u2019un autre alpiniste qui avait r\u00e9alis\u00e9 cette op\u00e9ration sans encombre.<\/p>\n\n\n\n<p>La victime \u00e9tait d\u00e9c\u00e9d\u00e9e \u00e0 l\u2019arriv\u00e9e des secours.<\/p>\n\n\n\n<p>Selon le journal r\u00e9gional, les deux hommes avaient d\u00e9cid\u00e9 de rebrousser chemin avant d\u2019atteindre le sommet de l\u2019aiguille, qui culmine \u00e0 3.131 m\u00e8tres. Ils appartenaient \u00e0 un groupe de quatre personnes, qui s\u2019\u00e9tait scind\u00e9 en deux, les deux autres alpinistes tentant l\u2019ascension par une voie diff\u00e9rente.<\/p>\n","protected":false},"excerpt":{"rendered":"<p>Un alpiniste autrichien de 21 ans est mort apr\u00e8s avoir fait une chute d\u2019une cinquantaine de m\u00e8tres au retour d\u2019une ascension de l\u2019aiguille Dibona, dans le massif des Ecrins, dans les Alpes fran\u00e7aises, a-t-on appris mardi aupr\u00e8s de la police. Le drame est survenu lundi apr\u00e8s-midi au dessus du refuge du Soreiller dans la commune [&hellip;]<\/p>\n","protected":false},"author":2,"featured_media":0,"comment_status":"open","ping_status":"open","sticky":false,"template":"","format":"standard","meta":{"_jetpack_memberships_contains_paid_content":false,"footnotes":"","jetpack_publicize_message":"","jetpack_publicize_feature_enabled":true,"jetpack_social_post_already_shared":true,"jetpack_social_options":{"image_generator_settings":{"template":"highway","default_image_id":0,"font":"","enabled":false},"version":2},"_wpas_customize_per_network":false},"categories":[405],"tags":[2816],"class_list":["post-16230","post","type-post","status-publish","format-standard","hentry","category-actu-france-monde","tag-un-alpiniste-autrichien-de-21-ans-est-mort-apres-avoir-fait-une-chute-dune-cinquantaine-de-metres-au-retour-dune-ascension-de-laiguille-dibona"],"jetpack_publicize_connections":[],"jetpack_featured_media_url":"","jetpack_sharing_enabled":true,"_links":{"self":[{"href":"https:\/\/www.iceagetv.com\/radiosite\/wp-json\/wp\/v2\/posts\/16230","targetHints":{"allow":["GET"]}}],"collection":[{"href":"https:\/\/www.iceagetv.com\/radiosite\/wp-json\/wp\/v2\/posts"}],"about":[{"href":"https:\/\/www.iceagetv.com\/radiosite\/wp-json\/wp\/v2\/types\/post"}],"author":[{"embeddable":true,"href":"https:\/\/www.iceagetv.com\/radiosite\/wp-json\/wp\/v2\/users\/2"}],"replies":[{"embeddable":true,"href":"https:\/\/www.iceagetv.com\/radiosite\/wp-json\/wp\/v2\/comments?post=16230"}],"version-history":[{"count":1,"href":"https:\/\/www.iceagetv.com\/radiosite\/wp-json\/wp\/v2\/posts\/16230\/revisions"}],"predecessor-version":[{"id":16231,"href":"https:\/\/www.iceagetv.com\/radiosite\/wp-json\/wp\/v2\/posts\/16230\/revisions\/16231"}],"wp:attachment":[{"href":"https:\/\/www.iceagetv.com\/radiosite\/wp-json\/wp\/v2\/media?parent=16230"}],"wp:term":[{"taxonomy":"category","embeddable":true,"href":"https:\/\/www.iceagetv.com\/radiosite\/wp-json\/wp\/v2\/categories?post=16230"},{"taxonomy":"post_tag","embeddable":true,"href":"https:\/\/www.iceagetv.com\/radiosite\/wp-json\/wp\/v2\/tags?post=16230"}],"curies":[{"name":"wp","href":"https:\/\/api.w.org\/{rel}","templated":true}]}}