{"id":16235,"date":"2020-07-15T14:45:37","date_gmt":"2020-07-15T14:45:37","guid":{"rendered":"http:\/\/www.iceagetv.com\/radiosite\/?p=16235"},"modified":"2020-07-15T14:45:37","modified_gmt":"2020-07-15T14:45:37","slug":"presidence-de-france-televisions-le-csa-vient-de-devoiler-la-liste-des-candidatures-recevables-voici-les-noms-des-candidats-qui-seront-auditionnes-la-semaine-prochaine","status":"publish","type":"post","link":"https:\/\/www.iceagetv.com\/radiosite\/presidence-de-france-televisions-le-csa-vient-de-devoiler-la-liste-des-candidatures-recevables-voici-les-noms-des-candidats-qui-seront-auditionnes-la-semaine-prochaine\/","title":{"rendered":"Pr\u00e9sidence de France T\u00e9l\u00e9visions: Le CSA vient de d\u00e9voiler la liste des candidatures recevables &#8211; Voici les noms des candidats qui seront auditionn\u00e9s la semaine prochaine"},"content":{"rendered":"\n<p>Le CSA a re\u00e7u 12 candidatures pour la pr\u00e9sidence de France T\u00e9l\u00e9visions et a retenu huit postulants, dont l\u2019actuelle patronne Delphine Ernotte et l\u2019ex-patron de RTL Christopher Baldelli qui seront auditionn\u00e9s lundi et mardi, a-t-il annonc\u00e9 mercredi dans un communiqu\u00e9.<\/p>\n\n\n\n<p><strong>Deux femmes et six hommes, tous sp\u00e9cialistes de l&rsquo;audiovisuel. Deux journalistes, un politique et cinq dirigeants: revue des huit candidats en lice pour la pr\u00e9sidence de France T\u00e9l\u00e9visions.<\/strong><\/p>\n\n\n\n<p><strong>&#8211; Delphine Ernotte-Cunci<\/strong><\/p>\n\n\n\n<p>Ex-patronne d&rsquo;Orange France, premi\u00e8re femme nomm\u00e9e \u00e0 la t\u00eate de France T\u00e9l\u00e9visions, Delphine Ernotte, 53 ans, est une sp\u00e9cialiste du num\u00e9rique. Sous son mandat ont \u00e9t\u00e9 lanc\u00e9s la cha\u00eene d&rsquo;informations Franceinfo, plusieurs plateformes (Okoo, Lumni, france.tv, Slash) et bient\u00f4t Salto, le service de vid\u00e9os par abonnement d\u00e9tenu par France T\u00e9l\u00e9visions, TF1 et M6.<\/p>\n\n\n\n<p>Militante de l&rsquo;\u00e9galit\u00e9 hommes-femmes, sous son impulsion, Anne-Sophie Lapix a notamment remplac\u00e9 David Pujadas aux commandes du JT de 20H. Son d\u00e9but de mandat a aussi \u00e9t\u00e9 marqu\u00e9 par ses propos contre les \u00ab\u00a0hommes blancs de plus de 50 ans\u00a0\u00bb, qu&rsquo;elle avait jug\u00e9s trop nombreux sur les cha\u00eenes du groupe et qui ont \u00e9t\u00e9 suivis du d\u00e9part de figures comme Julien Lepers ou Patrick S\u00e9bastien.<\/p>\n\n\n\n<p><strong>&#8211; Christopher Baldelli<\/strong><\/p>\n\n\n\n<p>L&rsquo;ex-pr\u00e9sident du directoire du groupe RTL a maintenu la radio \u00e0 un tr\u00e8s haut niveau d&rsquo;audiences pendant ces dix derni\u00e8res ann\u00e9es. Ag\u00e9 de 55 ans, M. Baldelli connait bien le service public o\u00f9 il a \u00e9t\u00e9 directeur d\u00e9l\u00e9gu\u00e9 puis directeur g\u00e9n\u00e9ral de France 2, entre 1999 et 2005. A RTL, il a notamment d\u00e9bauch\u00e9 Laurent Ruquier pour l&rsquo;animation des Grosses T\u00eates. Il a \u00e9galement choisi de maintenir Eric Zemmour \u00e0 l&rsquo;antenne malgr\u00e9 plusieurs pol\u00e9miques.<\/p>\n\n\n\n<p>Egalement pass\u00e9 par la presse quotidienne r\u00e9gionale, il a \u00e9t\u00e9 conseiller des ministres Nicolas Sarkozy, Philippe Douste-Blazy et Alain Jupp\u00e9.<\/p>\n\n\n\n<p><strong>&#8211; Serge Schick<\/strong><\/p>\n\n\n\n<p>Fin connaisseur de l&rsquo;audiovisuel public, il faisait partie depuis 2017 du comit\u00e9 ex\u00e9cutif de Radio France, en tant que directeur de la strat\u00e9gie des publics et du d\u00e9veloppement des marques. Il a dirig\u00e9 auparavant Ina Expert, qui regroupe les activit\u00e9s d&rsquo;enseignement, de recherche, et d&rsquo;expertise de l&rsquo;Institut national de l&rsquo;audiovisuel. Lui aussi connait bien France T\u00e9l\u00e9visions, o\u00f9 il a \u00e9t\u00e9 charg\u00e9 de l&rsquo;\u00e9laboration du plan strat\u00e9gique du groupe de 1994 \u00e0 2000, avant de cofonder les cha\u00eenes th\u00e9matiques Histoire et Mezzo.<\/p>\n\n\n\n<p><strong>&#8211; Jean-Paul Philippot<\/strong><\/p>\n\n\n\n<p>Administrateur g\u00e9n\u00e9ral de la RTBF (radiot\u00e9l\u00e9vision publique belge francophone) depuis 2002, il a contribu\u00e9 \u00e0 assainir les finances de la RTBF et \u00e0 lui faire prendre son virage num\u00e9rique. Jean-Paul Philippot, 60 ans, a \u00e9t\u00e9 reconduit en f\u00e9vrier pour un quatri\u00e8me mandat de six ans malgr\u00e9 une pol\u00e9mique sur son salaire. Il a \u00e9galement pr\u00e9sid\u00e9 pendant neuf ans l&rsquo;Union europ\u00e9enne de radio-t\u00e9l\u00e9vision, le groupement europ\u00e9en des principales t\u00e9l\u00e9visions nationales, dont Delphine Ernotte est vice-pr\u00e9sidente.<\/p>\n\n\n\n<p><strong>&#8211; Sandrine Roustan<\/strong><\/p>\n\n\n\n<p>Sp\u00e9cialiste de la production TV, Sandrine Roustan a \u00e9t\u00e9 directrice des programmes de France 4 entre 2012 et 2014. Elle a d\u00e9but\u00e9 comme journaliste sur Canal + avant de devenir adjointe au directeur des magazines de M6. Licenci\u00e9e de France 4, elle travaille actuellement pour le deuxi\u00e8me plus gros groupe m\u00e9diatique chinois Shanghai Media en tant que directrice du d\u00e9veloppement international.<\/p>\n\n\n\n<p><strong>&#8211; Pierre-Etienne Pommier<\/strong><\/p>\n\n\n\n<p>Touche-\u00e0-tout, \u00e9voluant entre les m\u00e9dias et le marketing, M. Pommier, 49 ans, est depuis juin 2019 conseiller num\u00e9rique du groupe LREM \u00e0 l&rsquo;Assembl\u00e9e nationale. Apr\u00e8s avoir travaill\u00e9 \u00e0 Canal+, Harris Interactive et Paris Premi\u00e8re, il a fond\u00e9 une petite agence de presse, Bubble, et une plateforme d&rsquo;\u00e9ducation num\u00e9rique, Pythagora, qu&rsquo;il a revendues.<\/p>\n\n\n\n<p><strong>&#8211; Serge Cimino<\/strong><\/p>\n\n\n\n<p>Journaliste au service \u00ab\u00a0politique int\u00e9rieure\u00a0\u00bb et d\u00e9l\u00e9gu\u00e9 SNJ \u00e0 France T\u00e9l\u00e9visions, Serge Cimino, 56 ans, s&rsquo;\u00e9tait d\u00e9j\u00e0 pr\u00e9sent\u00e9 en 2015. Il pr\u00e9sente un projet \u00e9labor\u00e9 avec son syndicat pour d\u00e9fendre les \u00ab\u00a0missions de Service Public\u00a0\u00bb de France T\u00e9l\u00e9visions, \u00ab\u00a0pour retrouver du commun et du collectif\u00a0\u00bb. Dans son projet publi\u00e9 mercredi, il avance plusieurs propositions pour remettre les salari\u00e9s et de la d\u00e9mocratie \u00ab\u00a0au coeur du projet d&rsquo;entreprise\u00a0\u00bb. En 2015, sa candidature avait \u00e9t\u00e9 \u00e9cart\u00e9e au premier tour.<\/p>\n\n\n\n<p><strong>&#8211; Michel Goldstein<\/strong><\/p>\n\n\n\n<p>Ancien footballeur professionnel, \u00e2g\u00e9 de 59 ans, Michel Goldstein est notamment chroniqueur et commentateur au service des sports de France T\u00e9l\u00e9visions. Il s&rsquo;\u00e9tait port\u00e9 candidat en 2018 pour la pr\u00e9sidence de France M\u00e9dias Monde, entreprise qui regroupe France 24 et Radio France International, apr\u00e8s l&rsquo;invalidation du nouveau mandat de Marie-Christine Saragosse \u00e0 la suite d&rsquo;un malentendu administratif.<\/p>\n","protected":false},"excerpt":{"rendered":"<p>Le CSA a re\u00e7u 12 candidatures pour la pr\u00e9sidence de France T\u00e9l\u00e9visions et a retenu huit postulants, dont l\u2019actuelle patronne Delphine Ernotte et l\u2019ex-patron de RTL Christopher Baldelli qui seront auditionn\u00e9s lundi et mardi, a-t-il annonc\u00e9 mercredi dans un communiqu\u00e9. Deux femmes et six hommes, tous sp\u00e9cialistes de l&rsquo;audiovisuel. Deux journalistes, un politique et cinq [&hellip;]<\/p>\n","protected":false},"author":2,"featured_media":16236,"comment_status":"open","ping_status":"open","sticky":false,"template":"","format":"standard","meta":{"_jetpack_memberships_contains_paid_content":false,"footnotes":"","jetpack_publicize_message":"","jetpack_publicize_feature_enabled":true,"jetpack_social_post_already_shared":true,"jetpack_social_options":{"image_generator_settings":{"template":"highway","default_image_id":0,"font":"","enabled":false},"version":2},"_wpas_customize_per_network":false},"categories":[405],"tags":[],"class_list":["post-16235","post","type-post","status-publish","format-standard","has-post-thumbnail","hentry","category-actu-france-monde"],"jetpack_publicize_connections":[],"jetpack_featured_media_url":"https:\/\/i0.wp.com\/www.iceagetv.com\/radiosite\/wp-content\/uploads\/2020\/07\/presidence-de-france-tele.png?fit=625%2C272&ssl=1","jetpack_sharing_enabled":true,"_links":{"self":[{"href":"https:\/\/www.iceagetv.com\/radiosite\/wp-json\/wp\/v2\/posts\/16235","targetHints":{"allow":["GET"]}}],"collection":[{"href":"https:\/\/www.iceagetv.com\/radiosite\/wp-json\/wp\/v2\/posts"}],"about":[{"href":"https:\/\/www.iceagetv.com\/radiosite\/wp-json\/wp\/v2\/types\/post"}],"author":[{"embeddable":true,"href":"https:\/\/www.iceagetv.com\/radiosite\/wp-json\/wp\/v2\/users\/2"}],"replies":[{"embeddable":true,"href":"https:\/\/www.iceagetv.com\/radiosite\/wp-json\/wp\/v2\/comments?post=16235"}],"version-history":[{"count":1,"href":"https:\/\/www.iceagetv.com\/radiosite\/wp-json\/wp\/v2\/posts\/16235\/revisions"}],"predecessor-version":[{"id":16237,"href":"https:\/\/www.iceagetv.com\/radiosite\/wp-json\/wp\/v2\/posts\/16235\/revisions\/16237"}],"wp:featuredmedia":[{"embeddable":true,"href":"https:\/\/www.iceagetv.com\/radiosite\/wp-json\/wp\/v2\/media\/16236"}],"wp:attachment":[{"href":"https:\/\/www.iceagetv.com\/radiosite\/wp-json\/wp\/v2\/media?parent=16235"}],"wp:term":[{"taxonomy":"category","embeddable":true,"href":"https:\/\/www.iceagetv.com\/radiosite\/wp-json\/wp\/v2\/categories?post=16235"},{"taxonomy":"post_tag","embeddable":true,"href":"https:\/\/www.iceagetv.com\/radiosite\/wp-json\/wp\/v2\/tags?post=16235"}],"curies":[{"name":"wp","href":"https:\/\/api.w.org\/{rel}","templated":true}]}}