{"id":16244,"date":"2020-07-16T11:05:13","date_gmt":"2020-07-16T11:05:13","guid":{"rendered":"http:\/\/www.iceagetv.com\/radiosite\/?p=16244"},"modified":"2020-07-16T11:05:13","modified_gmt":"2020-07-16T11:05:13","slug":"jean-castex-annonce-le-port-du-masque-obligatoire-dans-les-lieux-publics-clos-des-la-semaine-prochaine","status":"publish","type":"post","link":"https:\/\/www.iceagetv.com\/radiosite\/jean-castex-annonce-le-port-du-masque-obligatoire-dans-les-lieux-publics-clos-des-la-semaine-prochaine\/","title":{"rendered":"Jean Castex annonce le port du masque obligatoire dans les lieux publics clos d\u00e8s \u00ab\u00a0la semaine prochaine\u00a0\u00bb"},"content":{"rendered":"\n<p>Ce devait \u00eatre le 1er ao\u00fbt. Ce sera finalement plus t\u00f4t: le port du&nbsp;masque sera obligatoire dans les lieux publics clos d\u00e8s \u00ab\u00a0la semaine prochaine\u00a0\u00bb, a annonc\u00e9 ce jeudi matin Jean Castex.&nbsp;<\/p>\n\n\n\n<p>Plus t\u00f4t dans la matin\u00e9e, Olivier V\u00e9ran, ministre de la Sant\u00e9, avait indiqu\u00e9 avoir constater des \u00ab\u00a0signaux faibles de reprise\u00a0\u00bb de l&rsquo;\u00e9pid\u00e9mie de Covid-19 sont signal\u00e9s dans des h\u00f4pitaux parisiens, appelant \u00e0 la \u00ab\u00a0vigilance\u00a0\u00bb des Fran\u00e7ais.<\/p>\n\n\n\n<blockquote class=\"wp-block-quote is-layout-flow wp-block-quote-is-layout-flow\"><p>\u00ab\u00a0Nous assistons dans certains h\u00f4pitaux parisiens \u00e0 des signaux faibles de reprise \u00e9pid\u00e9mique, c&rsquo;est pourquoi je demande aux Fran\u00e7ais de rester particuli\u00e8rement vigilants, actifs, contre le virus\u00a0\u00bb, a d\u00e9clar\u00e9 le ministre sur France Inter, qui ne \u00ab\u00a0veut plus confiner le pays\u00a0\u00bb.&nbsp;<\/p><\/blockquote>\n\n\n\n<p>Il s&rsquo;agit d&rsquo;indicateurs \u00ab\u00a0non pas inqui\u00e9tants, mais d&rsquo;attention particuli\u00e8re\u00a0\u00bb de reprise, comme le nombre d&rsquo;appels \u00e0 SOS M\u00e9decins, au Samu et d&rsquo;admissions \u00e0 l&rsquo;h\u00f4pital, a-t-il d\u00e9taill\u00e9.<\/p>\n\n\n\n<p>Il avait ainsi demand\u00e9 au pr\u00e9fet de Mayenne, qui compte plusieurs foyers de Covid-19, de mettre en place \u00ab\u00a0l&rsquo;obligation de port du masque\u00a0\u00bb dans les lieux publics clos \u00ab\u00a0sans attendre\u00a0\u00bb le 1er ao\u00fbt.<\/p>\n","protected":false},"excerpt":{"rendered":"<p>Ce devait \u00eatre le 1er ao\u00fbt. Ce sera finalement plus t\u00f4t: le port du&nbsp;masque sera obligatoire dans les lieux publics clos d\u00e8s \u00ab\u00a0la semaine prochaine\u00a0\u00bb, a annonc\u00e9 ce jeudi matin Jean Castex.&nbsp; Plus t\u00f4t dans la matin\u00e9e, Olivier V\u00e9ran, ministre de la Sant\u00e9, avait indiqu\u00e9 avoir constater des \u00ab\u00a0signaux faibles de reprise\u00a0\u00bb de l&rsquo;\u00e9pid\u00e9mie de [&hellip;]<\/p>\n","protected":false},"author":2,"featured_media":16245,"comment_status":"open","ping_status":"open","sticky":false,"template":"","format":"standard","meta":{"_jetpack_memberships_contains_paid_content":false,"footnotes":"","jetpack_publicize_message":"","jetpack_publicize_feature_enabled":true,"jetpack_social_post_already_shared":true,"jetpack_social_options":{"image_generator_settings":{"template":"highway","default_image_id":0,"font":"","enabled":false},"version":2},"_wpas_customize_per_network":false},"categories":[405],"tags":[],"class_list":["post-16244","post","type-post","status-publish","format-standard","has-post-thumbnail","hentry","category-actu-france-monde"],"jetpack_publicize_connections":[],"jetpack_featured_media_url":"https:\/\/i0.wp.com\/www.iceagetv.com\/radiosite\/wp-content\/uploads\/2020\/07\/Jean-Castex-annonce-le-port-du-masque-obligatoire-dans-les-lieux-publics-clos.jpg?fit=1165%2C708&ssl=1","jetpack_sharing_enabled":true,"_links":{"self":[{"href":"https:\/\/www.iceagetv.com\/radiosite\/wp-json\/wp\/v2\/posts\/16244","targetHints":{"allow":["GET"]}}],"collection":[{"href":"https:\/\/www.iceagetv.com\/radiosite\/wp-json\/wp\/v2\/posts"}],"about":[{"href":"https:\/\/www.iceagetv.com\/radiosite\/wp-json\/wp\/v2\/types\/post"}],"author":[{"embeddable":true,"href":"https:\/\/www.iceagetv.com\/radiosite\/wp-json\/wp\/v2\/users\/2"}],"replies":[{"embeddable":true,"href":"https:\/\/www.iceagetv.com\/radiosite\/wp-json\/wp\/v2\/comments?post=16244"}],"version-history":[{"count":1,"href":"https:\/\/www.iceagetv.com\/radiosite\/wp-json\/wp\/v2\/posts\/16244\/revisions"}],"predecessor-version":[{"id":16246,"href":"https:\/\/www.iceagetv.com\/radiosite\/wp-json\/wp\/v2\/posts\/16244\/revisions\/16246"}],"wp:featuredmedia":[{"embeddable":true,"href":"https:\/\/www.iceagetv.com\/radiosite\/wp-json\/wp\/v2\/media\/16245"}],"wp:attachment":[{"href":"https:\/\/www.iceagetv.com\/radiosite\/wp-json\/wp\/v2\/media?parent=16244"}],"wp:term":[{"taxonomy":"category","embeddable":true,"href":"https:\/\/www.iceagetv.com\/radiosite\/wp-json\/wp\/v2\/categories?post=16244"},{"taxonomy":"post_tag","embeddable":true,"href":"https:\/\/www.iceagetv.com\/radiosite\/wp-json\/wp\/v2\/tags?post=16244"}],"curies":[{"name":"wp","href":"https:\/\/api.w.org\/{rel}","templated":true}]}}