{"id":16253,"date":"2020-07-18T09:37:26","date_gmt":"2020-07-18T09:37:26","guid":{"rendered":"http:\/\/www.iceagetv.com\/radiosite\/?p=16253"},"modified":"2020-07-18T09:37:26","modified_gmt":"2020-07-18T09:37:26","slug":"cathedrale-de-nantes-la-piste-de-lincendie-criminel-evoque-car-3-departs-de-feu-a-des-endroits-differents-ont-ete-signales-ouverture-dune-enquete-pour-incendie-criminel","status":"publish","type":"post","link":"https:\/\/www.iceagetv.com\/radiosite\/cathedrale-de-nantes-la-piste-de-lincendie-criminel-evoque-car-3-departs-de-feu-a-des-endroits-differents-ont-ete-signales-ouverture-dune-enquete-pour-incendie-criminel\/","title":{"rendered":"Cath\u00e9drale de Nantes : La piste de l\u2019incendie criminel \u00e9voqu\u00e9 car \u00ab\u00a03 d\u00e9parts de feu \u00e0 des endroits diff\u00e9rents\u00a0\u00bb ont \u00e9t\u00e9 signal\u00e9s &#8211; Ouverture d&rsquo;une enqu\u00eate pour \u00ab\u00a0incendie criminel\u00a0\u00bb"},"content":{"rendered":"\n<p>Cath\u00e9drale de Nantes : La piste de l\u2019incendie criminel \u00e9voqu\u00e9 car \u00ab\u00a03 d\u00e9parts de feu \u00e0 des endroits diff\u00e9rents\u00a0\u00bb ont \u00e9t\u00e9 signal\u00e9s &#8211; Ouverture d&rsquo;une enqu\u00eate pour \u00ab\u00a0incendie criminel\u00a0\u00bb <strong>Le procureur de la R\u00e9publique de Nantes a confirm\u00e9 l&rsquo;hypoth\u00e8se criminelle \u00e0 France Bleu Loire Oc\u00e9an<\/strong>\u00a0: \u00ab\u00a0Trois d\u00e9parts de feu, \u00e7a nous am\u00e8ne \u00e0 privil\u00e9gier l&rsquo;hypoth\u00e8se criminelle, ce n&rsquo;est pas le fruit du hasard\u00a0\u00bb. Il a indiqu\u00e9 qu&rsquo;une enqu\u00eate judiciaire est ouverte, le service r\u00e9gional de la police judiciaire a \u00e9t\u00e9 saisi. Le procureur de la R\u00e9publique, les pompiers et la police judiciaire doivent entrer dans la cath\u00e9drale aujourd&rsquo;hui pour \u00ab\u00a0faire quelques constatations pour regarder par nous-m\u00eames les d\u00e9g\u00e2ts et nous rendre compte des circonstances de commission des faits\u00a0\u00bb.  <strong>Le parquet de Nantes annonce l&rsquo;ouverture d&rsquo;une enqu\u00eate pour \u00ab\u00a0incendie volontaire\u00a0\u00bb<\/strong>  <strong>Presse Oc\u00e9an semble confirmer l&rsquo;hypoth\u00e8se d&rsquo;un acte criminel en rapportant les propos du procureur :<\/strong>\u00a0\u00ab\u00a0Selon le procureur de la R\u00e9publique de Nantes, Pierre Senn\u00e8s, \u00ab trois d\u00e9parts de feu \u00bb ont \u00e9t\u00e9 observ\u00e9s \u00e0 l\u2019int\u00e9rieur de la cath\u00e9drale de Nantes, ce samedi matin. \u00ab Un au niveau du grand orgue, un \u00e0 droite et un autre \u00e0 gauche de la nef\u00a0\u00bb  <strong>Selon\u00a0<a rel=\"noreferrer noopener\" href=\"https:\/\/www.ouest-france.fr\/pays-de-la-loire\/nantes-44000\/nantes-un-incendie-se-declare-a-la-cathedrale-6910957\" target=\"_blank\">Ouest France<\/a>, la piste de l\u2019incendie criminel serait \u00e9voqu\u00e9e car il y aurait eu plusieurs d\u00e9parts de feu<\/strong>.  Le chef des secours prend la parole, sur place \u00e0 Nantes : \u00ab\u00a0Les secours ont \u00e9t\u00e9 alert\u00e9s vers 7h45.<strong>\u00a0Le foyer s&rsquo;est d\u00e9clar\u00e9 au niveau de l&rsquo;orgue. On n&rsquo;est pas un sc\u00e9nario comme Notre Dame de Paris, et la toiture n&rsquo;est pas touch\u00e9e.\u00a0<\/strong>Plus d&rsquo;une centaine d&rsquo;hommes sont mobilis\u00e9es. Nous sommes dans les phases de reconnaissance et nous avons tent\u00e9 de prot\u00e9ger les oeuvres d&rsquo;art qui \u00e9taient sur place. Nous avons du d\u00e9foncer les portes \u00e0 la hache pour entrer dans la cath\u00e9drale car l&rsquo;incendie \u00e9tait violent.<strong>\u00a0Le grand orgue est enti\u00e8rement d\u00e9truit. le feu est circonscrit\u00a0\u00bb<\/strong> <\/p>\n","protected":false},"excerpt":{"rendered":"<p>Cath\u00e9drale de Nantes : La piste de l\u2019incendie criminel \u00e9voqu\u00e9 car \u00ab\u00a03 d\u00e9parts de feu \u00e0 des endroits diff\u00e9rents\u00a0\u00bb ont \u00e9t\u00e9 signal\u00e9s &#8211; Ouverture d&rsquo;une enqu\u00eate pour \u00ab\u00a0incendie criminel\u00a0\u00bb Le procureur de la R\u00e9publique de Nantes a confirm\u00e9 l&rsquo;hypoth\u00e8se criminelle \u00e0 France Bleu Loire Oc\u00e9an\u00a0: \u00ab\u00a0Trois d\u00e9parts de feu, \u00e7a nous am\u00e8ne \u00e0 privil\u00e9gier l&rsquo;hypoth\u00e8se [&hellip;]<\/p>\n","protected":false},"author":2,"featured_media":16254,"comment_status":"open","ping_status":"open","sticky":false,"template":"","format":"standard","meta":{"_jetpack_memberships_contains_paid_content":false,"footnotes":"","jetpack_publicize_message":"","jetpack_publicize_feature_enabled":true,"jetpack_social_post_already_shared":true,"jetpack_social_options":{"image_generator_settings":{"template":"highway","default_image_id":0,"font":"","enabled":false},"version":2},"_wpas_customize_per_network":false},"categories":[405],"tags":[],"class_list":["post-16253","post","type-post","status-publish","format-standard","has-post-thumbnail","hentry","category-actu-france-monde"],"jetpack_publicize_connections":[],"jetpack_featured_media_url":"https:\/\/i0.wp.com\/www.iceagetv.com\/radiosite\/wp-content\/uploads\/2020\/07\/Cath%C3%A9drale-de-Nantes.png?fit=884%2C379&ssl=1","jetpack_sharing_enabled":true,"_links":{"self":[{"href":"https:\/\/www.iceagetv.com\/radiosite\/wp-json\/wp\/v2\/posts\/16253","targetHints":{"allow":["GET"]}}],"collection":[{"href":"https:\/\/www.iceagetv.com\/radiosite\/wp-json\/wp\/v2\/posts"}],"about":[{"href":"https:\/\/www.iceagetv.com\/radiosite\/wp-json\/wp\/v2\/types\/post"}],"author":[{"embeddable":true,"href":"https:\/\/www.iceagetv.com\/radiosite\/wp-json\/wp\/v2\/users\/2"}],"replies":[{"embeddable":true,"href":"https:\/\/www.iceagetv.com\/radiosite\/wp-json\/wp\/v2\/comments?post=16253"}],"version-history":[{"count":1,"href":"https:\/\/www.iceagetv.com\/radiosite\/wp-json\/wp\/v2\/posts\/16253\/revisions"}],"predecessor-version":[{"id":16255,"href":"https:\/\/www.iceagetv.com\/radiosite\/wp-json\/wp\/v2\/posts\/16253\/revisions\/16255"}],"wp:featuredmedia":[{"embeddable":true,"href":"https:\/\/www.iceagetv.com\/radiosite\/wp-json\/wp\/v2\/media\/16254"}],"wp:attachment":[{"href":"https:\/\/www.iceagetv.com\/radiosite\/wp-json\/wp\/v2\/media?parent=16253"}],"wp:term":[{"taxonomy":"category","embeddable":true,"href":"https:\/\/www.iceagetv.com\/radiosite\/wp-json\/wp\/v2\/categories?post=16253"},{"taxonomy":"post_tag","embeddable":true,"href":"https:\/\/www.iceagetv.com\/radiosite\/wp-json\/wp\/v2\/tags?post=16253"}],"curies":[{"name":"wp","href":"https:\/\/api.w.org\/{rel}","templated":true}]}}