{"id":16257,"date":"2020-07-19T07:27:38","date_gmt":"2020-07-19T07:27:38","guid":{"rendered":"http:\/\/www.iceagetv.com\/radiosite\/?p=16257"},"modified":"2020-07-19T07:27:38","modified_gmt":"2020-07-19T07:27:38","slug":"cathedrale-de-nantes-un-homme-a-ete-place-en-garde-a-vue-ce-ressortissant-rwandais-de-39-ans-inconnu-des-services-de-police-est-benevole-du-diocese-rtl","status":"publish","type":"post","link":"https:\/\/www.iceagetv.com\/radiosite\/cathedrale-de-nantes-un-homme-a-ete-place-en-garde-a-vue-ce-ressortissant-rwandais-de-39-ans-inconnu-des-services-de-police-est-benevole-du-diocese-rtl\/","title":{"rendered":"Cath\u00e9drale de Nantes &#8211; Un homme a \u00e9t\u00e9 plac\u00e9 en garde \u00e0 vue. Ce ressortissant rwandais de 39 ans, inconnu des services de police est b\u00e9n\u00e9vole du dioc\u00e8se (RTL)"},"content":{"rendered":"\n<p> <strong><a rel=\"noreferrer noopener\" href=\"https:\/\/www.rtl.fr\/actu\/justice-faits-divers\/incendie-de-la-cathedrale-de-nantes-un-homme-a-ete-place-en-garde-a-vue-7800677984\" target=\"_blank\">Selon RTL<\/a>, un homme a \u00e9t\u00e9 plac\u00e9 en garde \u00e0 vue.\u00a0Ce ressortissant rwandais de 39 ans, inconnu des services de police et b\u00e9n\u00e9vole du dioc\u00e8se, a \u00e9t\u00e9 interpell\u00e9 le jour de l&rsquo;incendie.<\/strong>\u00a0Il\u00a0aurait fait part de sa col\u00e8re concernant son visa expir\u00e9.\u00a0 <\/p>\n\n\n\n<p>La cath\u00e9drale gothique Saint-Pierre-et-Saint-Paul de Nantes a \u00e9t\u00e9 victime samedi d&rsquo;un incendie, rapidement circonscrit, mais qui a toutefois d\u00e9truit le grand orgue, un \u00e9v\u00e9nement qui a conduit \u00e0 l&rsquo;ouverture d<strong>&lsquo;une enqu\u00eate pour \u00ab\u00a0incendie volontaire\u00a0\u00bb<\/strong>&nbsp;tandis que le Premier ministre Jean Castex s&rsquo;est rendu sur place. Le procureur de la R\u00e9publique de Nantes Pierre Senn\u00e8s a annonc\u00e9&nbsp; l&rsquo;ouverture d&rsquo;une enqu\u00eate pour \u00ab\u00a0incendie volontaire\u00a0\u00bb en pr\u00e9cisant que&nbsp;<strong>\u00ab\u00a0trois points de feu distincts\u00a0\u00bb ont \u00e9t\u00e9 relev\u00e9s<\/strong>. Mais \u00ab\u00a0il n&rsquo;y a pas de conclusion \u00e0 tirer maintenant\u00a0\u00bb, a-t-il ajout\u00e9. La police judiciaire a \u00e9t\u00e9 saisie et un expert incendie du laboratoire de police technique et scientifique de Paris est attendu \u00e0 Nantes pour examiner les d\u00e9parts de feu et l&rsquo;installation \u00e9lectrique de la cath\u00e9drale, a-t-il ajout\u00e9.<\/p>\n\n\n\n<p><strong>Les premi\u00e8res constations r\u00e9alis\u00e9es dans le cadre de l&rsquo;enqu\u00eate pour \u00abincendie volontaire\u00bb dans la cath\u00e9drale de Nantes n&rsquo;ont pas permis de trouver de traces d&rsquo;effraction<\/strong>, a pr\u00e9cis\u00e9 samedi \u00e0 l&rsquo;AFP le procureur de la R\u00e9publique de Nantes Pierre Senn\u00e8s.<\/p>\n\n\n\n<p>\u00abOn n&rsquo;a pas trouv\u00e9 dans les acc\u00e8s ext\u00e9rieurs de traces d&rsquo;effraction\u00bb, a-t-il dit \u00e0 l&rsquo;AFP. Trois points de d\u00e9part de feu ont \u00e9t\u00e9 constat\u00e9s dans la cath\u00e9drale \u00ab\u00e0 une distance cons\u00e9quente les uns des autres\u00bb, a-t-il pr\u00e9cis\u00e9.<\/p>\n\n\n\n<p>D&rsquo;apr\u00e8s les premiers \u00e9l\u00e9ments, \u00ab\u00a0les d\u00e9g\u00e2ts sont concentr\u00e9s sur le grand orgue, qui semble \u00eatre enti\u00e8rement d\u00e9truit. La plateforme sur laquelle il se situe est tr\u00e8s instable et menace de s&rsquo;effondrer\u00a0\u00bb, a dit M. Ferlay. Il a toutefois indiqu\u00e9 que les d\u00e9g\u00e2ts ne pouvaient \u00eatre compar\u00e9s aux incendies de Notre-Dame, \u00e0 celui de cette m\u00eame cath\u00e9drale en 1972 ou encore \u00e0 celui de Saint-Donatien \u00e0 Nantes en 2015. Laurent Delpire, conservateur des Antiquit\u00e9s et objets d&rsquo;art de Loire-Atlantique, a list\u00e9 les \u00e9l\u00e9ments touch\u00e9s par le sinistre : l&rsquo;orgue et le buffet d&rsquo;orgue du XVIIe si\u00e8cle, un tableau d&rsquo;Hippolyte Flandrin du XIXe, une partie des stalles du c\u0153ur qui \u00e9taient r\u00e9centes et les vitraux de la fa\u00e7ade, dont une partie \u00e9tait des vestiges de vitraux du XVIe si\u00e8cle, le reste \u00e9tant moderne.<\/p>\n\n\n\n<p><\/p>\n","protected":false},"excerpt":{"rendered":"<p>Selon RTL, un homme a \u00e9t\u00e9 plac\u00e9 en garde \u00e0 vue.\u00a0Ce ressortissant rwandais de 39 ans, inconnu des services de police et b\u00e9n\u00e9vole du dioc\u00e8se, a \u00e9t\u00e9 interpell\u00e9 le jour de l&rsquo;incendie.\u00a0Il\u00a0aurait fait part de sa col\u00e8re concernant son visa expir\u00e9.\u00a0 La cath\u00e9drale gothique Saint-Pierre-et-Saint-Paul de Nantes a \u00e9t\u00e9 victime samedi d&rsquo;un incendie, rapidement circonscrit, [&hellip;]<\/p>\n","protected":false},"author":2,"featured_media":16258,"comment_status":"open","ping_status":"open","sticky":false,"template":"","format":"standard","meta":{"_jetpack_memberships_contains_paid_content":false,"footnotes":"","jetpack_publicize_message":"","jetpack_publicize_feature_enabled":true,"jetpack_social_post_already_shared":true,"jetpack_social_options":{"image_generator_settings":{"template":"highway","default_image_id":0,"font":"","enabled":false},"version":2},"_wpas_customize_per_network":false},"categories":[405],"tags":[],"class_list":["post-16257","post","type-post","status-publish","format-standard","has-post-thumbnail","hentry","category-actu-france-monde"],"jetpack_publicize_connections":[],"jetpack_featured_media_url":"https:\/\/i0.wp.com\/www.iceagetv.com\/radiosite\/wp-content\/uploads\/2020\/07\/Un-homme-a-%C3%A9t%C3%A9-plac%C3%A9-en-garde-%C3%A0-vue.png?fit=890%2C373&ssl=1","jetpack_sharing_enabled":true,"_links":{"self":[{"href":"https:\/\/www.iceagetv.com\/radiosite\/wp-json\/wp\/v2\/posts\/16257","targetHints":{"allow":["GET"]}}],"collection":[{"href":"https:\/\/www.iceagetv.com\/radiosite\/wp-json\/wp\/v2\/posts"}],"about":[{"href":"https:\/\/www.iceagetv.com\/radiosite\/wp-json\/wp\/v2\/types\/post"}],"author":[{"embeddable":true,"href":"https:\/\/www.iceagetv.com\/radiosite\/wp-json\/wp\/v2\/users\/2"}],"replies":[{"embeddable":true,"href":"https:\/\/www.iceagetv.com\/radiosite\/wp-json\/wp\/v2\/comments?post=16257"}],"version-history":[{"count":1,"href":"https:\/\/www.iceagetv.com\/radiosite\/wp-json\/wp\/v2\/posts\/16257\/revisions"}],"predecessor-version":[{"id":16259,"href":"https:\/\/www.iceagetv.com\/radiosite\/wp-json\/wp\/v2\/posts\/16257\/revisions\/16259"}],"wp:featuredmedia":[{"embeddable":true,"href":"https:\/\/www.iceagetv.com\/radiosite\/wp-json\/wp\/v2\/media\/16258"}],"wp:attachment":[{"href":"https:\/\/www.iceagetv.com\/radiosite\/wp-json\/wp\/v2\/media?parent=16257"}],"wp:term":[{"taxonomy":"category","embeddable":true,"href":"https:\/\/www.iceagetv.com\/radiosite\/wp-json\/wp\/v2\/categories?post=16257"},{"taxonomy":"post_tag","embeddable":true,"href":"https:\/\/www.iceagetv.com\/radiosite\/wp-json\/wp\/v2\/tags?post=16257"}],"curies":[{"name":"wp","href":"https:\/\/api.w.org\/{rel}","templated":true}]}}