{"id":16264,"date":"2020-07-19T08:33:35","date_gmt":"2020-07-19T08:33:35","guid":{"rendered":"http:\/\/www.iceagetv.com\/radiosite\/?p=16264"},"modified":"2020-07-19T08:33:35","modified_gmt":"2020-07-19T08:33:35","slug":"coronavirus-salarie-depuis-20-ans-dune-entreprise-bretonne-il-est-licencie-pour-avoir-ote-son-masque-quelques-minutes-sur-son-lieu-de-travail","status":"publish","type":"post","link":"https:\/\/www.iceagetv.com\/radiosite\/coronavirus-salarie-depuis-20-ans-dune-entreprise-bretonne-il-est-licencie-pour-avoir-ote-son-masque-quelques-minutes-sur-son-lieu-de-travail\/","title":{"rendered":"Coronavirus : Salari\u00e9 depuis 20 ans d\u2019une entreprise bretonne, il est licenci\u00e9 pour avoir \u00f4t\u00e9 son masque quelques minutes sur son lieu de travail"},"content":{"rendered":"\n<p>Un salari\u00e9 d\u2019une entreprise bretonne a perdu son emploi pour avoir \u00f4t\u00e9 son masque quelques minutes sur son lieu de travail. Malgr\u00e9 vingt ans d\u2019anciennet\u00e9, le salari\u00e9 de 51 ans s\u2019est vu appliquer une sanction exemplaire. Selon le journal Le T\u00e9l\u00e9gramme, son employeur, la soci\u00e9t\u00e9 Le Nouy fen\u00eatres et fermetures, situ\u00e9e \u00e0 Briec dans le Finist\u00e8re, lui a transmis un courrier recommand\u00e9 le 11 juin dernier : \u00abVous avez \u00e9t\u00e9 vu le 28 mai \u00e0 votre poste de travail dans l&rsquo;entreprise sans votre masque et n&rsquo;ayant aucun masque pr\u00e8s de vous \u00e0 disposition (\u2026) De ce fait vous n&rsquo;\u00e9tiez pas prot\u00e9g\u00e9 et \u00e9tiez susceptible de mettre en danger la sant\u00e9 des autres collaborateurs.\u00bb<\/p>\n\n\n\n<p>Stup\u00e9fait en apprenant la nouvelle, le salari\u00e9 a expliqu\u00e9 qu\u2019\u00abil faisait chaud\u00bb. Rajoutant : \u00abJ\u2019ai enlev\u00e9 mon masque pour respirer un peu. Je souffre d\u2019asthme. D&rsquo;ailleurs, j&rsquo;avais \u00e9t\u00e9 en arr\u00eat de travail pour cette raison du 16 mars au 24 mai.\u00bb Le licenciement semble encore plus inexplicable au regard du contexte. Le cariste se trouvait, selon ses dires, en ext\u00e9rieur. Il affirme \u00e9galement qu\u2019il n\u2019y avait personne \u00e0 150 m\u00e8tres \u00e0 la ronde.<\/p>\n\n\n\n<p>L\u2019homme de 51 ans a indiqu\u00e9 vouloir saisir le conseil des prud\u2019hommes, appuy\u00e9 par Force Ouvri\u00e8re.&nbsp;<\/p>\n","protected":false},"excerpt":{"rendered":"<p>Un salari\u00e9 d\u2019une entreprise bretonne a perdu son emploi pour avoir \u00f4t\u00e9 son masque quelques minutes sur son lieu de travail. Malgr\u00e9 vingt ans d\u2019anciennet\u00e9, le salari\u00e9 de 51 ans s\u2019est vu appliquer une sanction exemplaire. Selon le journal Le T\u00e9l\u00e9gramme, son employeur, la soci\u00e9t\u00e9 Le Nouy fen\u00eatres et fermetures, situ\u00e9e \u00e0 Briec dans le [&hellip;]<\/p>\n","protected":false},"author":2,"featured_media":16265,"comment_status":"open","ping_status":"open","sticky":false,"template":"","format":"standard","meta":{"_jetpack_memberships_contains_paid_content":false,"footnotes":"","jetpack_publicize_message":"","jetpack_publicize_feature_enabled":true,"jetpack_social_post_already_shared":true,"jetpack_social_options":{"image_generator_settings":{"template":"highway","default_image_id":0,"font":"","enabled":false},"version":2},"_wpas_customize_per_network":false},"categories":[405],"tags":[],"class_list":["post-16264","post","type-post","status-publish","format-standard","has-post-thumbnail","hentry","category-actu-france-monde"],"jetpack_publicize_connections":[],"jetpack_featured_media_url":"https:\/\/i0.wp.com\/www.iceagetv.com\/radiosite\/wp-content\/uploads\/2020\/07\/Salari%C3%A9-depuis-20-ans-d%E2%80%99une-entreprise-bretonne-il-est-licenci%C3%A9-pour-avoir-%C3%B4t%C3%A9-son-masque-quelques-minutes-sur-son-lieu-de-travail.png?fit=638%2C279&ssl=1","jetpack_sharing_enabled":true,"_links":{"self":[{"href":"https:\/\/www.iceagetv.com\/radiosite\/wp-json\/wp\/v2\/posts\/16264","targetHints":{"allow":["GET"]}}],"collection":[{"href":"https:\/\/www.iceagetv.com\/radiosite\/wp-json\/wp\/v2\/posts"}],"about":[{"href":"https:\/\/www.iceagetv.com\/radiosite\/wp-json\/wp\/v2\/types\/post"}],"author":[{"embeddable":true,"href":"https:\/\/www.iceagetv.com\/radiosite\/wp-json\/wp\/v2\/users\/2"}],"replies":[{"embeddable":true,"href":"https:\/\/www.iceagetv.com\/radiosite\/wp-json\/wp\/v2\/comments?post=16264"}],"version-history":[{"count":1,"href":"https:\/\/www.iceagetv.com\/radiosite\/wp-json\/wp\/v2\/posts\/16264\/revisions"}],"predecessor-version":[{"id":16266,"href":"https:\/\/www.iceagetv.com\/radiosite\/wp-json\/wp\/v2\/posts\/16264\/revisions\/16266"}],"wp:featuredmedia":[{"embeddable":true,"href":"https:\/\/www.iceagetv.com\/radiosite\/wp-json\/wp\/v2\/media\/16265"}],"wp:attachment":[{"href":"https:\/\/www.iceagetv.com\/radiosite\/wp-json\/wp\/v2\/media?parent=16264"}],"wp:term":[{"taxonomy":"category","embeddable":true,"href":"https:\/\/www.iceagetv.com\/radiosite\/wp-json\/wp\/v2\/categories?post=16264"},{"taxonomy":"post_tag","embeddable":true,"href":"https:\/\/www.iceagetv.com\/radiosite\/wp-json\/wp\/v2\/tags?post=16264"}],"curies":[{"name":"wp","href":"https:\/\/api.w.org\/{rel}","templated":true}]}}