{"id":16271,"date":"2020-07-20T18:26:53","date_gmt":"2020-07-20T18:26:53","guid":{"rendered":"http:\/\/www.iceagetv.com\/radiosite\/?p=16271"},"modified":"2020-07-20T18:26:53","modified_gmt":"2020-07-20T18:26:53","slug":"coronavirus-143-cas-supplementaires-detectes-en-3-jours-en-bretagne","status":"publish","type":"post","link":"https:\/\/www.iceagetv.com\/radiosite\/coronavirus-143-cas-supplementaires-detectes-en-3-jours-en-bretagne\/","title":{"rendered":"CORONAVIRUS: 143 CAS SUPPL\u00c9MENTAIRES D\u00c9TECT\u00c9S EN 3 JOURS EN BRETAGNE"},"content":{"rendered":"\n<p> En plein coeur de l&rsquo;\u00e9t\u00e9, le masque devient obligatoire, ce lundi, dans les lieux publics clos. Cette mesure r\u00e9pond aux signes d&rsquo;un\u00a0<strong><a rel=\"noreferrer noopener\" href=\"https:\/\/www.bfmtv.com\/sante\/coronavirus-les-precautions-prendre-pendant-les-vacances_AV-202007190102.html\" target=\"_blank\">l\u00e9ger regain du virus<\/a>.<\/strong>\u00a0Les autorit\u00e9s appellent par ailleurs \u00e0 la vigilance dans le Grand-Est, o\u00f9 le nombre de cas remonte. <\/p>\n\n\n\n<h2 class=\"wp-block-heading\">143 cas suppl\u00e9mentaires d\u00e9tect\u00e9s en 3 jours en Bretagne<\/h2>\n\n\n\n<p>Le nombre de cas de coronavirus en Bretagne \u00ab\u00a0a augment\u00e9 plus rapidement et est pass\u00e9 \u00e0 143 cas suppl\u00e9mentaires \u00e0 la date du 20 juillet\u00a0\u00bb, a indiqu\u00e9 l&rsquo;Agence r\u00e9gionale de Sant\u00e9 ce lundi.<\/p>\n\n\n\n<p>Au total, 3403 personnes ont \u00e9t\u00e9 test\u00e9es positives au Covid-19 dans la r\u00e9gion depuis le 28 f\u00e9vrier dernier.<\/p>\n\n\n\n<h2 class=\"wp-block-heading\">On est en train de casser la courbe\u00a0\u00bb, commente V\u00e9ran en Mayenne<\/h2>\n\n\n\n<p>Olivier V\u00e9ran a estim\u00e9, ce lundi apr\u00e8s-midi, que la r\u00e9duction de la positivit\u00e9 du nombre de tests en Mayenne \u00e9tait \u00ab\u00a0une bonne nouvelle\u00a0\u00bb.<\/p>\n\n\n\n<blockquote class=\"wp-block-quote is-layout-flow wp-block-quote-is-layout-flow\"><p>\u00ab\u00a0Sur 100 tests qu&rsquo;on faisait, il y avait jusqu&rsquo;\u00e0 8 \u00e0 9 tests positifs au d\u00e9but. Puis \u00e7a a \u00e9t\u00e9 5, et maintenant c&rsquo;est 3\u00a0\u00bb, a d\u00e9clar\u00e9 le ministre de la Sant\u00e9.<\/p><\/blockquote>\n\n\n\n<p>\u00ab\u00a0\u00c7a veut dire qu&rsquo;on augmente le nombre de tests et on en trouve moins statistiquement et proportionnellement. \u00c7a ne veut pas dire que c&rsquo;est derri\u00e8re nous mais \u00e7a veut dire qu&rsquo;on est en train de casser la courbe, et c&rsquo;est ce qu&rsquo;on cherche \u00e0 faire\u00a0\u00bb, a-t-il ajout\u00e9 pendant son d\u00e9placement en Mayenne.<\/p>\n\n\n\n<h2 class=\"wp-block-heading\">Deux projets de vaccins \u00ab\u00a0produisent une r\u00e9ponse immunitaire\u00a0\u00bb<\/h2>\n\n\n\n<p><a href=\"https:\/\/www.bfmtv.com\/sante\/covid-19-deux-projets-de-vaccins-produisent-une-reponse-immunitaire_AD-202007200142.html\">Deux projets de vaccin, un britannique et un chinois, ont produit une r\u00e9ponse immunitaire importante&nbsp;<\/a>et d\u00e9montr\u00e9 leur s\u00fbret\u00e9 pour les patients, selon les r\u00e9sultats de deux essais cliniques distincts, publi\u00e9s lundi dans la revue m\u00e9dicale britannique&nbsp;<strong><em><a href=\"https:\/\/www.thelancet.com\/\" target=\"_blank\" rel=\"noreferrer noopener\">The Lancet<\/a><\/em><\/strong>.<\/p>\n\n\n\n<p>Le premier, d\u00e9velopp\u00e9 par l&rsquo;universit\u00e9 d&rsquo;Oxford en partenariat avec AstraZeneca, a g\u00e9n\u00e9r\u00e9 \u00ab\u00a0une forte r\u00e9ponse immunitaire\u00a0\u00bb dans un essai sur plus de 1000 patients, tandis que le second, soutenu par CanSino Biologics, a provoqu\u00e9 une forte r\u00e9action en terme d&rsquo;anticorps dans un autre essai chez la plupart des quelque 500 participants.<\/p>\n\n\n\n<h2 class=\"wp-block-heading\">Olivier V\u00e9ran est arriv\u00e9 en Mayenne<\/h2>\n\n\n\n<p>Le ministre de la Sant\u00e9 Olivier V\u00e9ran, est arriv\u00e9 en Mayenne ce lundi apr\u00e8s-midi, un d\u00e9partement particuli\u00e8rement touch\u00e9 par la reprise de l&rsquo;\u00e9pid\u00e9mie de Covid-19 ces derni\u00e8res semaines. \u00c0 leur arriv\u00e9e dans l&rsquo;un des centres de d\u00e9pistage de l&rsquo;Huisserie, lui et tous ses collaborateurs \u00e9taient porteurs d&rsquo;un masque.<\/p>\n\n\n\n<h2 class=\"wp-block-heading\">La Russie enregistre moins de 6000 cas quotidiens<\/h2>\n\n\n\n<p>La Russie a enregistr\u00e9 ce lundi moins de 6000 cas quotidiens de nouveau coronavirus, une premi\u00e8re depuis fin avril pour le pays, quatri\u00e8me dans le monde en nombre de contaminations.<\/p>\n\n\n\n<p>Selon les statistiques officielles, 5940 nouveaux cas de Covid-19 ont \u00e9t\u00e9 d\u00e9tect\u00e9s en Russie lors des derni\u00e8res 24 heures, alors que depuis d\u00e9but juillet, le nombre de cas quotidiens \u00e9tait toujours sup\u00e9rieur \u00e0 6000.<\/p>\n\n\n\n<p>La Russie a \u00e9galement enregistr\u00e9 86 d\u00e9c\u00e8s lors des derni\u00e8res 24 heures, le chiffre le plus bas depuis d\u00e9but mai.<\/p>\n\n\n\n<h2 class=\"wp-block-heading\">Les pr\u00e9cautions \u00e0 prendre pendant les vacances<\/h2>\n\n\n\n<p>Les vacances d&rsquo;\u00e9t\u00e9 battent leur plein. Les plages se remplissent, les terrasses des caf\u00e9s et restaurants sont investies par les vacanciers. Pour beaucoup, le confinement et l&rsquo;\u00e9pid\u00e9mie du coronavirus para\u00eessent lointains. Pourtant, alors que les signes de reprises se multiplient, les sp\u00e9cialistes insistent sur l&rsquo;importance<a rel=\"noreferrer noopener\" href=\"https:\/\/www.bfmtv.com\/sante\/seconde-vague-de-coronavirus-ces-signaux-qui-inquietent-les-scientifiques_AV-202007090144.html\" target=\"_blank\">\u00a0<strong>de ne pas se rel\u00e2cher dans le respect des gestes barri\u00e8res<\/strong><\/a>. BFMTV.com\u00a0<a rel=\"noreferrer noopener\" href=\"https:\/\/www.bfmtv.com\/sante\/coronavirus-les-precautions-prendre-pendant-les-vacances_AV-202007190102.html\" target=\"_blank\">fait le point<\/a>\u00a0sur les bons comportements \u00e0 adopter pour profiter de ses vacances en toute s\u00e9curit\u00e9.<\/p>\n\n\n\n<h2 class=\"wp-block-heading\">Appel \u00e0 la vigilance dans le Grand Est, o\u00f9 le nombre de cas remonte<\/h2>\n\n\n\n<p>Les autorit\u00e9s du Grand Est ont appel\u00e9 ce lundi \u00e0 la vigilance et au respect des gestes barri\u00e8res apr\u00e8s avoir constat\u00e9 ces derniers jours un certain rel\u00e2chement et une augmentation du nombre de cas de Covid-19 dans la r\u00e9gion. \u00ab\u00a0Un rel\u00e2chement a \u00e9t\u00e9 observ\u00e9 un peu partout. Le virus circule encore\u00a0\u00bb, a mis en garde la pr\u00e9f\u00e8te du Grand Est, Josiane Chevalier.<\/p>\n\n\n\n<p>Celle-ci en a appel\u00e9 \u00ab\u00a0\u00e0 la responsabilit\u00e9 individuelle: on ne r\u00e9ussira pas sans le civisme, la responsabilit\u00e9 de chacun\u00a0\u00bb. \u00ab\u00a0Un confinement co\u00fbte 10 milliards d&rsquo;euros par semaine, d&rsquo;o\u00f9 l&rsquo;importance de la pr\u00e9vention\u00a0\u00bb, a-t-elle ajout\u00e9.<\/p>\n\n\n\n<p>Le Grand Est a \u00e9t\u00e9 une des r\u00e9gions les plus touch\u00e9es par l&rsquo;\u00e9pid\u00e9mie de coronavirus et si la situation s&rsquo;est nettement am\u00e9lior\u00e9e, les autorit\u00e9s sanitaires ont observ\u00e9 ces derniers jours une augmentation du nombre de cas.<\/p>\n\n\n\n<p><br><\/p>\n\n\n\n<p><\/p>\n\n\n\n<p><\/p>\n\n\n\n<p><\/p>\n\n\n\n<p><\/p>\n","protected":false},"excerpt":{"rendered":"<p>En plein coeur de l&rsquo;\u00e9t\u00e9, le masque devient obligatoire, ce lundi, dans les lieux publics clos. Cette mesure r\u00e9pond aux signes d&rsquo;un\u00a0l\u00e9ger regain du virus.\u00a0Les autorit\u00e9s appellent par ailleurs \u00e0 la vigilance dans le Grand-Est, o\u00f9 le nombre de cas remonte. 143 cas suppl\u00e9mentaires d\u00e9tect\u00e9s en 3 jours en Bretagne Le nombre de cas de [&hellip;]<\/p>\n","protected":false},"author":2,"featured_media":16272,"comment_status":"open","ping_status":"open","sticky":false,"template":"","format":"standard","meta":{"_jetpack_memberships_contains_paid_content":false,"footnotes":"","jetpack_publicize_message":"","jetpack_publicize_feature_enabled":true,"jetpack_social_post_already_shared":true,"jetpack_social_options":{"image_generator_settings":{"template":"highway","default_image_id":0,"font":"","enabled":false},"version":2},"_wpas_customize_per_network":false},"categories":[405],"tags":[],"class_list":["post-16271","post","type-post","status-publish","format-standard","has-post-thumbnail","hentry","category-actu-france-monde"],"jetpack_publicize_connections":[],"jetpack_featured_media_url":"https:\/\/i0.wp.com\/www.iceagetv.com\/radiosite\/wp-content\/uploads\/2020\/07\/143-CAS-SUPPL%C3%89MENTAIRES-D%C3%89TECT%C3%89S-EN-3-JOURS-EN-BRETAGNE.jpg?fit=768%2C432&ssl=1","jetpack_sharing_enabled":true,"_links":{"self":[{"href":"https:\/\/www.iceagetv.com\/radiosite\/wp-json\/wp\/v2\/posts\/16271","targetHints":{"allow":["GET"]}}],"collection":[{"href":"https:\/\/www.iceagetv.com\/radiosite\/wp-json\/wp\/v2\/posts"}],"about":[{"href":"https:\/\/www.iceagetv.com\/radiosite\/wp-json\/wp\/v2\/types\/post"}],"author":[{"embeddable":true,"href":"https:\/\/www.iceagetv.com\/radiosite\/wp-json\/wp\/v2\/users\/2"}],"replies":[{"embeddable":true,"href":"https:\/\/www.iceagetv.com\/radiosite\/wp-json\/wp\/v2\/comments?post=16271"}],"version-history":[{"count":1,"href":"https:\/\/www.iceagetv.com\/radiosite\/wp-json\/wp\/v2\/posts\/16271\/revisions"}],"predecessor-version":[{"id":16273,"href":"https:\/\/www.iceagetv.com\/radiosite\/wp-json\/wp\/v2\/posts\/16271\/revisions\/16273"}],"wp:featuredmedia":[{"embeddable":true,"href":"https:\/\/www.iceagetv.com\/radiosite\/wp-json\/wp\/v2\/media\/16272"}],"wp:attachment":[{"href":"https:\/\/www.iceagetv.com\/radiosite\/wp-json\/wp\/v2\/media?parent=16271"}],"wp:term":[{"taxonomy":"category","embeddable":true,"href":"https:\/\/www.iceagetv.com\/radiosite\/wp-json\/wp\/v2\/categories?post=16271"},{"taxonomy":"post_tag","embeddable":true,"href":"https:\/\/www.iceagetv.com\/radiosite\/wp-json\/wp\/v2\/tags?post=16271"}],"curies":[{"name":"wp","href":"https:\/\/api.w.org\/{rel}","templated":true}]}}