{"id":16277,"date":"2020-07-20T18:32:42","date_gmt":"2020-07-20T18:32:42","guid":{"rendered":"http:\/\/www.iceagetv.com\/radiosite\/?p=16277"},"modified":"2020-07-20T18:32:42","modified_gmt":"2020-07-20T18:32:42","slug":"football-en-raison-du-coronavirus-le-ballon-dor-ne-sera-pas-decerne-cette-annee-une-premiere-depuis-sa-creation-en-1956","status":"publish","type":"post","link":"https:\/\/www.iceagetv.com\/radiosite\/football-en-raison-du-coronavirus-le-ballon-dor-ne-sera-pas-decerne-cette-annee-une-premiere-depuis-sa-creation-en-1956\/","title":{"rendered":"Football: En raison du coronavirus, le Ballon d&rsquo;or ne sera pas d\u00e9cern\u00e9 cette ann\u00e9e &#8211; Une premi\u00e8re depuis sa cr\u00e9ation en 1956"},"content":{"rendered":"\n<p>Le Ballon d\u2019Or, r\u00e9compense individuelle la plus prestigieuse du football, ne sera pas attribu\u00e9 en 2020 \u00e0 cause d\u2019une saison boulevers\u00e9e par la pand\u00e9mie de Covid-19, a annonc\u00e9 lundi l\u2019hebdomadaire France Football qui le d\u00e9cerne. \u00abPour la premi\u00e8re fois depuis 1956, le Ballon d\u2019Or va faire une pause. Il n\u2019y aura pas d\u2019\u00e9dition 2020, car il s\u2019av\u00e8re, apr\u00e8s r\u00e9flexion, que toutes les conditions ne sont pas r\u00e9unies. Nous pensons qu\u2019une ann\u00e9e aussi singuli\u00e8re ne peut -ni ne doit- \u00eatre trait\u00e9e comme une ann\u00e9e ordinaire\u00bb, affirme le r\u00e9dacteur en chef de la revue, Pascal Ferr\u00e9, dans un communiqu\u00e9.<\/p>\n\n\n\n<p>L\u2019Argentin Lionel Messi et l\u2019Am\u00e9ricaine Megan Rapinoe, sacr\u00e9s en 2019, n\u2019auront donc pas de successeur cette ann\u00e9e. Les troph\u00e9es Kopa, sacrant le meilleur jeune de moins de 21 ans (d\u00e9cern\u00e9 en 2019 au N\u00e9erlandais Matthijs de Ligt), et Yachine, r\u00e9compensant le meilleur gardien (remport\u00e9 en 2019 par le Br\u00e9silien Alisson Becker), ne seront pas non plus attribu\u00e9s.<\/p>\n\n\n\n<p>France Football justifie cette d\u00e9cision par \u00abl\u2019\u00e9quit\u00e9 qui pr\u00e9vaut pour ce titre honorifique (qui) ne pourrait \u00eatre pr\u00e9serv\u00e9e, notamment au niveau statistique et \u00e9galement de la pr\u00e9paration puisque tous les aspirants \u00e0 la r\u00e9compense ne pourraient pas \u00eatre log\u00e9s \u00e0 la m\u00eame enseigne\u00bb. La pand\u00e9mie de Covid-19 a forc\u00e9 tous les grands championnats de football \u00e0 s\u2019arr\u00eater pendant plusieurs mois, et entra\u00een\u00e9 le report \u00e0 2021 de l\u2019Euro-2020.<\/p>\n\n\n\n<p>Certains championnats ont repris \u00e0 huis clos, comme en Allemagne, Espagne, Angleterre ou Italie, d\u2019autres comme la Ligue 1 fran\u00e7aise ou la quasi-totalit\u00e9 des championnats f\u00e9minins ont eux \u00e9t\u00e9 d\u00e9finitivement stopp\u00e9s. En Europe, la Ligue des champions et la Ligue Europa doivent elles reprendre en ao\u00fbt avec des huiti\u00e8mes de finale \u00e0 huis clos puis un tournoi final \u00e0 huit (\u00abFinal 8\u00bb) sans matches aller-retour \u00e0 Lisbonne.<\/p>\n\n\n\n<p>\u00abNous ne souhaitions pas apposer au palmar\u00e8s une ast\u00e9risque ind\u00e9l\u00e9bile du style +troph\u00e9e remport\u00e9 dans des circonstances exceptionnelles dues \u00e0 la crise sanitaire du Covid-19+. Nous pr\u00e9f\u00e9rerons toujours une petite entorse (\u00e0 notre histoire) \u00e0 une grosse cicatrice\u00bb, argumente France Football. Le magazine d\u00e9signera \u00e0 la place un onze id\u00e9al des meilleurs joueurs de tous les temps, apr\u00e8s un vote du jury habituel du Ballon d\u2019Or.<\/p>\n","protected":false},"excerpt":{"rendered":"<p>Le Ballon d\u2019Or, r\u00e9compense individuelle la plus prestigieuse du football, ne sera pas attribu\u00e9 en 2020 \u00e0 cause d\u2019une saison boulevers\u00e9e par la pand\u00e9mie de Covid-19, a annonc\u00e9 lundi l\u2019hebdomadaire France Football qui le d\u00e9cerne. \u00abPour la premi\u00e8re fois depuis 1956, le Ballon d\u2019Or va faire une pause. Il n\u2019y aura pas d\u2019\u00e9dition 2020, car [&hellip;]<\/p>\n","protected":false},"author":2,"featured_media":16278,"comment_status":"open","ping_status":"open","sticky":false,"template":"","format":"standard","meta":{"_jetpack_memberships_contains_paid_content":false,"footnotes":"","jetpack_publicize_message":"","jetpack_publicize_feature_enabled":true,"jetpack_social_post_already_shared":true,"jetpack_social_options":{"image_generator_settings":{"template":"highway","default_image_id":0,"font":"","enabled":false},"version":2},"_wpas_customize_per_network":false},"categories":[405],"tags":[],"class_list":["post-16277","post","type-post","status-publish","format-standard","has-post-thumbnail","hentry","category-actu-france-monde"],"jetpack_publicize_connections":[],"jetpack_featured_media_url":"https:\/\/i0.wp.com\/www.iceagetv.com\/radiosite\/wp-content\/uploads\/2020\/07\/le-Ballon-dor-ne-sera-pas-d%C3%A9cern%C3%A9-cette-ann%C3%A9e.png?fit=622%2C262&ssl=1","jetpack_sharing_enabled":true,"_links":{"self":[{"href":"https:\/\/www.iceagetv.com\/radiosite\/wp-json\/wp\/v2\/posts\/16277","targetHints":{"allow":["GET"]}}],"collection":[{"href":"https:\/\/www.iceagetv.com\/radiosite\/wp-json\/wp\/v2\/posts"}],"about":[{"href":"https:\/\/www.iceagetv.com\/radiosite\/wp-json\/wp\/v2\/types\/post"}],"author":[{"embeddable":true,"href":"https:\/\/www.iceagetv.com\/radiosite\/wp-json\/wp\/v2\/users\/2"}],"replies":[{"embeddable":true,"href":"https:\/\/www.iceagetv.com\/radiosite\/wp-json\/wp\/v2\/comments?post=16277"}],"version-history":[{"count":1,"href":"https:\/\/www.iceagetv.com\/radiosite\/wp-json\/wp\/v2\/posts\/16277\/revisions"}],"predecessor-version":[{"id":16279,"href":"https:\/\/www.iceagetv.com\/radiosite\/wp-json\/wp\/v2\/posts\/16277\/revisions\/16279"}],"wp:featuredmedia":[{"embeddable":true,"href":"https:\/\/www.iceagetv.com\/radiosite\/wp-json\/wp\/v2\/media\/16278"}],"wp:attachment":[{"href":"https:\/\/www.iceagetv.com\/radiosite\/wp-json\/wp\/v2\/media?parent=16277"}],"wp:term":[{"taxonomy":"category","embeddable":true,"href":"https:\/\/www.iceagetv.com\/radiosite\/wp-json\/wp\/v2\/categories?post=16277"},{"taxonomy":"post_tag","embeddable":true,"href":"https:\/\/www.iceagetv.com\/radiosite\/wp-json\/wp\/v2\/tags?post=16277"}],"curies":[{"name":"wp","href":"https:\/\/api.w.org\/{rel}","templated":true}]}}