{"id":16283,"date":"2020-07-21T18:27:39","date_gmt":"2020-07-21T18:27:39","guid":{"rendered":"http:\/\/www.iceagetv.com\/radiosite\/?p=16283"},"modified":"2020-07-21T18:27:39","modified_gmt":"2020-07-21T18:27:39","slug":"coronavirus-pourquoi-il-faut-prendre-le-taux-dincidence-de-lepidemie-avec-des-pincettes","status":"publish","type":"post","link":"https:\/\/www.iceagetv.com\/radiosite\/coronavirus-pourquoi-il-faut-prendre-le-taux-dincidence-de-lepidemie-avec-des-pincettes\/","title":{"rendered":"Coronavirus : pourquoi il faut prendre le \u00ab\u00a0taux d&rsquo;incidence\u00a0\u00bb de l&rsquo;\u00e9pid\u00e9mie avec des pincettes"},"content":{"rendered":"\n<p> Le\u00a0<a rel=\"noreferrer noopener\" href=\"https:\/\/www.francetvinfo.fr\/sante\/maladie\/coronavirus\/\" target=\"_blank\">coronavirus<\/a>\u00a0<em>\u00ab\u00a0ne demande qu&rsquo;\u00e0 repartir. D&rsquo;ailleurs, il repart\u00a0\u00bb<\/em>, a estim\u00e9 sur\u00a0<a rel=\"noreferrer noopener\" href=\"https:\/\/www.francetvinfo.fr\/sante\/maladie\/coronavirus\/confinement\/coronavirus-il-faut-des-installations-de-depistage-rapide-et-massif-alerte-une-epidemiologiste_4050871.html\" target=\"_blank\">franceinfo<\/a>\u00a0l&rsquo;\u00e9pid\u00e9miologiste Catherine Hill. Le ministre de la Sant\u00e9, Olivier V\u00e9ran a lui aussi partag\u00e9 son inqui\u00e9tude face \u00e0 la\u00a0<em>\u00ab\u00a0reprise \u00e9pid\u00e9mique dans certains endroits\u00a0\u00bb<\/em>, lundi 20 juillet sur franceinfo. Un peu plus de 200 clusters sont actifs, selon les derni\u00e8res donn\u00e9es de la direction g\u00e9n\u00e9rale de la sant\u00e9.\u00a0<a rel=\"noreferrer noopener\" href=\"https:\/\/www.francetvinfo.fr\/sante\/maladie\/coronavirus\/coronavirus-ce-que-l-on-sait-de-la-degradation-de-la-situation-sanitaire-en-mayenne_4046801.html\" target=\"_blank\">La Mayenne<\/a>\u00a0est notamment au centre de l&rsquo;attention depuis que le taux d&rsquo;incidence a d\u00e9pass\u00e9 le seuil d&rsquo;alerte. Mais cet indicateur pourrait bien \u00eatre\u00a0<em>\u00ab\u00a0trompeur\u00a0\u00bb,<\/em>\u00a0avertit Catherine Hill. <\/p>\n\n\n\n<h2 class=\"wp-block-heading\">Il \u00ab\u00a0illustre la dynamique de l&rsquo;\u00e9pid\u00e9mie\u00a0\u00bb<\/h2>\n\n\n\n<p>Le taux d&rsquo;incidence correspond au nombre de personnes infect\u00e9es sur une semaine, dans une population de 100&nbsp;000&nbsp;habitants. Deux seuils ont \u00e9t\u00e9 fix\u00e9s par le minist\u00e8re de la Sant\u00e9&nbsp;: le seuil de vigilance est atteint si plus de dix personnes sont infect\u00e9es pour 100&nbsp;000&nbsp;habitants. Le seuil d&rsquo;alerte se trouve \u00e0 50 personnes infect\u00e9es.&nbsp;<em>\u00ab\u00a0Il compl\u00e8te le taux de fr\u00e9quence d&rsquo;une maladie, qui est le nombre de cas global au sein de la population,<\/em>&nbsp;pr\u00e9cise Emmanuel Rusch, pr\u00e9sident de la Soci\u00e9t\u00e9 fran\u00e7aise de sant\u00e9 publique, \u00e0 franceinfo.&nbsp;<em>Il illustre la dynamique de l&rsquo;\u00e9pid\u00e9mie au sein de la population, alors que le taux de fr\u00e9quence montre l&rsquo;importance de celle-ci.\u00a0\u00bb<\/em><\/p>\n\n\n\n<p>Comme le montre la carte ci-dessous, au 12\u00a0juillet, le taux d&rsquo;incidence en Mayenne \u00e9tait de 52,72 nouveaux cas en sept jours pour 100\u00a0000\u00a0habitants, selon le\u00a0<a rel=\"noreferrer noopener\" href=\"https:\/\/www.gouvernement.fr\/info-coronavirus\/carte-et-donnees\" target=\"_blank\">suivi quotidien de l&rsquo;\u00e9pid\u00e9mie du site du gouvernement<\/a>. La Mayenne a \u00e9t\u00e9 class\u00e9e mercredi 15 juillet parmi les d\u00e9partements en situation de\u00a0<em>\u00ab\u00a0vuln\u00e9rabilit\u00e9 \u00e9lev\u00e9e\u00a0\u00bb<\/em>, comme Mayotte et la Guyane.<\/p>\n\n\n\n<h2 class=\"wp-block-heading\">Il d\u00e9pend du p\u00e9rim\u00e8tre de la population test\u00e9e<\/h2>\n\n\n\n<p>Taux d&rsquo;incidence, taux de positivit\u00e9 des tests PCR, facteur de reproduction du virus, taux d&rsquo;occupation des lits en r\u00e9animation par des patients atteints du Covid-19\u2026 Difficile de s&rsquo;y retrouver dans les&nbsp;<a href=\"https:\/\/www.francetvinfo.fr\/sante\/maladie\/coronavirus\/coronavirus-quels-sont-les-quatre-nouveaux-indicateurs-qui-definissent-si-un-departement-est-rouge-orange-ou-vert_3985193.html\" target=\"_blank\" rel=\"noreferrer noopener\">diff\u00e9rents indicateurs retenus par le gouvernement<\/a>.&nbsp;<em>\u00ab\u00a0Le fait qu&rsquo;il y ait une pl\u00e9thore d&rsquo;indicateur est une preuve qu&rsquo;il y a un probl\u00e8me<\/em>, regrette Catherine Hill.&nbsp;<em>Il faut \u00eatre m\u00e9fiant avec tous les indicateurs qui reposent sur la positivit\u00e9 des tests, ils sont probl\u00e9matiques parce qu&rsquo;ils d\u00e9pendent de la proportion de la population qui est test\u00e9e.\u00a0\u00bb<\/em><\/p>\n\n\n\n<p>En clair, si on teste plus largement la population, les nombres de cas connus et de tests positifs augmentent, mais la proportion de tests positifs diminue.<em>&nbsp;\u00ab\u00a0Cette proportion est aujourd&rsquo;hui tr\u00e8s faible\u00a0\u00bb<\/em>, affirme-t-elle. Au d\u00e9but de l&rsquo;\u00e9pid\u00e9mie en France, environ un tiers des tests \u00e9taient positifs, alors qu&rsquo;aujourd&rsquo;hui, nous sommes \u00e0 1%.<\/p>\n\n\n\n<p><em>\u00ab\u00a0Il faut faire attention avec le taux d&rsquo;incidence, car plus vous allez d\u00e9pister de gens, plus le nombre de cas positifs va \u00eatre grand et plus ce taux va augmenter\u00a0\u00bb,\u00a0<\/em>abonde l&rsquo;\u00e9pid\u00e9miologiste Martin Blachier \u00e0 franceinfo.<em>\u00a0\u00ab\u00a0Le taux d&rsquo;incidence, d\u00e9fini comme le nombre de personnes test\u00e9es positives rapport\u00e9 au nombre d&rsquo;habitants, d\u00e9pend \u00e9norm\u00e9ment du p\u00e9rim\u00e8tre de la population test\u00e9e,<\/em>\u00a0\u00e9taye Catherine Hill,<em>\u00a0si on ne teste que les personnes symptomatiques qui le sollicitent on va sous-estimer consid\u00e9rablement la vraie incidence qui est la fr\u00e9quence des contaminations dans la population.\u00a0\u00bb<\/em><\/p>\n\n\n\n<p>Sant\u00e9 publique France ne dit pas autre chose. Face \u00e0 une flamb\u00e9e de cas dans le Nord, l&rsquo;institution assure \u00e0 France 3 que&nbsp;<em>\u00ab\u00a0le taux d&rsquo;incidence n&rsquo;est lisible qu&rsquo;avec d&rsquo;autres indicateurs. Ici, le taux de d\u00e9pistage a augment\u00e9 entre mi-juin et mi-juillet dans le Nord, passant de 374 d\u00e9pistages pour 100&nbsp;000 habitants \u00e0 605 la semaine derni\u00e8re. Il est donc logique que le nombre de cas d\u00e9tect\u00e9s augmente. La variable qui peut tout changer est le taux de positivit\u00e9. Dans ce cas pr\u00e9cis, il est pass\u00e9 de 1,6 \u00e0 1,7 en un mois, il reste stable\u00a0\u00bb.<\/em><\/p>\n\n\n\n<p>Pour Catherine Hill, les hospitalisations, les admissions en r\u00e9animation et les d\u00e9c\u00e8s sont moins d\u00e9pendants de la pratique des tests.&nbsp;<em>\u00ab\u00a0Un bon indicateur, quoique un peu tardif par rapport \u00e0 la contamination, serait le nombre d&rsquo;hospitalisations chaque jour, en indiquant si ces cas sont dans des foyers connus ou pas, et o\u00f9 ils sont\u00a0\u00bb<\/em>, avance-t-elle.<\/p>\n\n\n\n<h2 class=\"wp-block-heading\">\u00ab\u00a0Difficile d&rsquo;avoir une vue d&rsquo;ensemble de la circulation et de la propagation du virus\u00a0\u00bb<\/h2>\n\n\n\n<p>Comment donc mieux surveiller l&rsquo;\u00e9volution de l&rsquo;\u00e9pid\u00e9mie\u00a0? Catherine Hill plaide pour des tests virologiques massifs, des tests PCR,\u00a0<em>\u00ab\u00a0en cherchant le virus au fond du nez\u00a0\u00bb<\/em>, pour\u00a0<em>\u00ab\u00a0trouver les porteurs du virus\u00a0\u00bb<\/em>, \u00e0 l&rsquo;image de ce qui s&rsquo;est fait \u00e0 P\u00e9kin, en Chine.\u00a0<em>\u00ab\u00a0Ils ont test\u00e9 2,3\u00a0millions de personnes entre le 11 et le 20 juin et dans les 8 ou 10\u00a0derniers jours, il y a z\u00e9ro cas \u00e0 P\u00e9kin\u00a0\u00bb<\/em>, assure l&rsquo;\u00e9pid\u00e9miologiste, tandis qu&rsquo;<em>\u00ab\u00a0en France, il y a des cas tous les jours, beaucoup. Et encore, on ne les conna\u00eet pas tous\u00a0\u00bb.<\/em><\/p>\n\n\n\n<p>D&rsquo;apr\u00e8s elle, si on pouvait identifier tous les porteurs du virus qui risquent de contaminer les personnes qu&rsquo;ils c\u00f4toient&nbsp;<em>\u00ab\u00a0d&rsquo;un coup de baguette magique\u00a0\u00bb<\/em>, ils seraient isol\u00e9s&nbsp;<em>\u00ab\u00a0imm\u00e9diatement\u00a0\u00bb<\/em>&nbsp;et&nbsp;<em>\u00ab\u00a0l&rsquo;\u00e9pid\u00e9mie serait totalement contr\u00f4l\u00e9e en isolant aussi ceux qu&rsquo;ils ont crois\u00e9s dans les cinq jours pr\u00e9c\u00e9dents\u00a0\u00bb<\/em>.<\/p>\n\n\n\n<p><em>\u00ab\u00a0Il est tr\u00e8s difficile d&rsquo;avoir une vue d&rsquo;ensemble de la circulation et de la propagation du virus,<\/em>&nbsp;conc\u00e8de toutefois Martin Blachier,&nbsp;<em>on ne sait pas si les bonnes personnes se font tester. On observe par exemple que l&rsquo;infection circule chez les jeunes, mais qu&rsquo;ils ne se testent pas. Si ce sont les gens qui ne sortent jamais de chez eux qui se font tester, on ne pourra pas avoir une id\u00e9e tr\u00e8s pr\u00e9cise.\u00a0\u00bb<\/em><\/p>\n\n\n\n<p><\/p>\n\n\n\n<p><\/p>\n\n\n\n<p><\/p>\n\n\n\n<p><\/p>\n","protected":false},"excerpt":{"rendered":"<p>Le\u00a0coronavirus\u00a0\u00ab\u00a0ne demande qu&rsquo;\u00e0 repartir. D&rsquo;ailleurs, il repart\u00a0\u00bb, a estim\u00e9 sur\u00a0franceinfo\u00a0l&rsquo;\u00e9pid\u00e9miologiste Catherine Hill. Le ministre de la Sant\u00e9, Olivier V\u00e9ran a lui aussi partag\u00e9 son inqui\u00e9tude face \u00e0 la\u00a0\u00ab\u00a0reprise \u00e9pid\u00e9mique dans certains endroits\u00a0\u00bb, lundi 20 juillet sur franceinfo. Un peu plus de 200 clusters sont actifs, selon les derni\u00e8res donn\u00e9es de la direction g\u00e9n\u00e9rale de la [&hellip;]<\/p>\n","protected":false},"author":2,"featured_media":16284,"comment_status":"open","ping_status":"open","sticky":false,"template":"","format":"standard","meta":{"_jetpack_memberships_contains_paid_content":false,"footnotes":"","jetpack_publicize_message":"","jetpack_publicize_feature_enabled":true,"jetpack_social_post_already_shared":true,"jetpack_social_options":{"image_generator_settings":{"template":"highway","default_image_id":0,"font":"","enabled":false},"version":2},"_wpas_customize_per_network":false},"categories":[405],"tags":[],"class_list":["post-16283","post","type-post","status-publish","format-standard","has-post-thumbnail","hentry","category-actu-france-monde"],"jetpack_publicize_connections":[],"jetpack_featured_media_url":"https:\/\/i0.wp.com\/www.iceagetv.com\/radiosite\/wp-content\/uploads\/2020\/07\/pourquoi-il-faut-prendre-le-taux-dincidence-de-l%C3%A9pid%C3%A9mie-avec-des-pincettes.jpg?fit=1023%2C384&ssl=1","jetpack_sharing_enabled":true,"_links":{"self":[{"href":"https:\/\/www.iceagetv.com\/radiosite\/wp-json\/wp\/v2\/posts\/16283","targetHints":{"allow":["GET"]}}],"collection":[{"href":"https:\/\/www.iceagetv.com\/radiosite\/wp-json\/wp\/v2\/posts"}],"about":[{"href":"https:\/\/www.iceagetv.com\/radiosite\/wp-json\/wp\/v2\/types\/post"}],"author":[{"embeddable":true,"href":"https:\/\/www.iceagetv.com\/radiosite\/wp-json\/wp\/v2\/users\/2"}],"replies":[{"embeddable":true,"href":"https:\/\/www.iceagetv.com\/radiosite\/wp-json\/wp\/v2\/comments?post=16283"}],"version-history":[{"count":1,"href":"https:\/\/www.iceagetv.com\/radiosite\/wp-json\/wp\/v2\/posts\/16283\/revisions"}],"predecessor-version":[{"id":16285,"href":"https:\/\/www.iceagetv.com\/radiosite\/wp-json\/wp\/v2\/posts\/16283\/revisions\/16285"}],"wp:featuredmedia":[{"embeddable":true,"href":"https:\/\/www.iceagetv.com\/radiosite\/wp-json\/wp\/v2\/media\/16284"}],"wp:attachment":[{"href":"https:\/\/www.iceagetv.com\/radiosite\/wp-json\/wp\/v2\/media?parent=16283"}],"wp:term":[{"taxonomy":"category","embeddable":true,"href":"https:\/\/www.iceagetv.com\/radiosite\/wp-json\/wp\/v2\/categories?post=16283"},{"taxonomy":"post_tag","embeddable":true,"href":"https:\/\/www.iceagetv.com\/radiosite\/wp-json\/wp\/v2\/tags?post=16283"}],"curies":[{"name":"wp","href":"https:\/\/api.w.org\/{rel}","templated":true}]}}