{"id":16289,"date":"2020-07-23T15:11:10","date_gmt":"2020-07-23T15:11:10","guid":{"rendered":"http:\/\/www.iceagetv.com\/radiosite\/?p=16289"},"modified":"2020-07-23T15:11:10","modified_gmt":"2020-07-23T15:11:10","slug":"aides-financieres-et-contrats-dinsertion-le-detail-du-plan-jeunes-de-65-milliards-deuros","status":"publish","type":"post","link":"https:\/\/www.iceagetv.com\/radiosite\/aides-financieres-et-contrats-dinsertion-le-detail-du-plan-jeunes-de-65-milliards-deuros\/","title":{"rendered":"Aides financi\u00e8res et contrats d\u2019insertion : le d\u00e9tail du plan jeunes de 6,5 milliards d\u2019euros"},"content":{"rendered":"\n<p>Le gouvernement a pr\u00e9sent\u00e9, jeudi 23&nbsp;juillet, un plan jeunes d\u2019une enveloppe globale de 6,5&nbsp;milliards d\u2019euros sur deux ans avec&nbsp;<a href=\"https:\/\/www.lemonde.fr\/economie\/article\/2020\/07\/22\/l-aide-a-l-embauche-des-jeunes-concernera-les-salaires-jusqu-a-deux-smic-confirme-emmanuel-macron_6046993_3234.html\">en mesure-phare une aide \u2013&nbsp;d\u00e9j\u00e0 annonc\u00e9e&nbsp;\u2013 de 4&nbsp;000&nbsp;euros<\/a>&nbsp;pour favoriser 450&nbsp;000&nbsp;embauches d\u2019ici au mois de janvier.<\/p>\n\n\n\n<p>Baptis\u00e9 \u00ab&nbsp;Un jeune, une solution&nbsp;\u00bb, ce plan table aussi sur la signature de 230&nbsp;000&nbsp;contrats d\u2019apprentissage et 10&nbsp;000&nbsp;contrats de professionnalisation. Outre 100&nbsp;000&nbsp;places suppl\u00e9mentaires en service civique, il pr\u00e9voit 300&nbsp;000&nbsp;<em>\u00ab&nbsp;parcours d\u2019insertion&nbsp;\u00bb<\/em>, dont 60&nbsp;000&nbsp;contrats aid\u00e9s dans le secteur marchand, et 200&nbsp;000&nbsp;places suppl\u00e9mentaires en formation.<\/p>\n\n\n\n<p>Ce plan est destin\u00e9 \u00e0 soutenir l\u2019arriv\u00e9e de 700&nbsp;000&nbsp;\u00e0 800&nbsp;000 jeunes sur le march\u00e9 du travail&nbsp;<em>\u00ab&nbsp;dans une rentr\u00e9e compliqu\u00e9e&nbsp;\u00bb,<\/em>&nbsp;selon le premier ministre, qui l\u2019a pr\u00e9sent\u00e9 apr\u00e8s la visite d\u2019un centre de formation d\u2019apprentis \u00e0 Besan\u00e7on, o\u00f9 il a multipli\u00e9 les \u00e9changes avec les jeunes.<\/p>\n\n\n\n<h2 class=\"wp-block-heading\">Des formations \u00ab&nbsp;dans les m\u00e9tiers d\u2019avenir&nbsp;\u00bb<\/h2>\n\n\n\n<p>Pour aider les entreprises qui h\u00e9sitent \u00e0 embaucher en ce moment, le gouvernement instaure une prime pour tout jeune de moins de 25&nbsp;ans recrut\u00e9 entre ao\u00fbt et janvier sur un contrat d\u2019au moins trois mois&nbsp;<a href=\"https:\/\/www.lemonde.fr\/economie\/article\/2020\/07\/22\/l-aide-a-l-embauche-des-jeunes-concernera-les-salaires-jusqu-a-deux-smic-confirme-emmanuel-macron_6046993_3234.html\">jusqu\u2019\u00e0 deux smic<\/a>. Cette&nbsp;<em>\u00ab&nbsp;compensation de cotisations&nbsp;\u00bb<\/em>&nbsp;sera de 1&nbsp;000&nbsp;euros chaque trimestre pendant un an maximum.<\/p>\n\n\n\n<p>Le plan reprend aussi les aides, d\u00e9j\u00e0 en vigueur depuis le 1<sup>er<\/sup>&nbsp;juillet, pour les embauches de jeunes en alternance d\u2019ici \u00e0 la fin f\u00e9vrier&nbsp;: 5&nbsp;000&nbsp;euros pour un apprenti ou un contrat de professionnalisation de moins de 18&nbsp;ans, 8&nbsp;000&nbsp;euros pour un majeur. Il pr\u00e9voit \u00e9galement 20&nbsp;000&nbsp;missions suppl\u00e9mentaires en service civique d\u00e8s cette ann\u00e9e, d\u2019une dur\u00e9e moyenne de huit mois, et 80&nbsp;000 l\u2019ann\u00e9e prochaine.<\/p>\n\n\n\n<p>Pour les jeunes en \u00e9chec dans l\u2019enseignement sup\u00e9rieur, 100&nbsp;000&nbsp;formations qualifiantes ou pr\u00e9qualifiantes seront propos\u00e9es&nbsp;<em>\u00ab&nbsp;dans les m\u00e9tiers d\u2019avenir&nbsp;\u00bb<\/em>&nbsp;(transition \u00e9cologique, sant\u00e9, num\u00e9rique, secteurs prioritaires du plan de relance).<\/p>\n\n\n\n<h2 class=\"wp-block-heading\">\u00ab&nbsp;On enferme les jeunes dans la pr\u00e9carit\u00e9&nbsp;\u00bb, regrette la CGT<\/h2>\n\n\n\n<p>Par ailleurs, le plan marque aussi le retour des&nbsp;<em>\u00ab&nbsp;contrats aid\u00e9s&nbsp;\u00bb<\/em>&nbsp;dans le secteur marchand, qui avaient \u00e9t\u00e9 supprim\u00e9s en&nbsp;2017 par la nouvelle majorit\u00e9 (sauf en outremer), mais en les ciblant sur les jeunes les plus \u00e9loign\u00e9s de l\u2019emploi. Sont ainsi pr\u00e9vus 60&nbsp;000 contrats initiative emploi (CIE) pour des jeunes rencontrant des difficult\u00e9s particuli\u00e8res d\u2019insertion dont une partie du salaire est financ\u00e9e par l\u2019Etat. Dans le secteur associatif ou public, les contrats aid\u00e9s (parcours emplois comp\u00e9tences, au nombre de 94&nbsp;000 en&nbsp;2019) seront augment\u00e9s de 60&nbsp;000 en&nbsp;2021.<\/p>\n\n\n\n<p>Le plan pr\u00e9voit aussi 150&nbsp;000 entr\u00e9es en garantie jeunes en&nbsp;2021 (contre 100&nbsp;000 initialement programm\u00e9es), un dispositif d\u2019insertion g\u00e9r\u00e9 par les missions locales pour les jeunes sans emploi ni formation, avec un accompagnement renforc\u00e9 pendant un an et une allocation mensuelle de 497&nbsp;euros.<\/p>\n\n\n\n<p>Philippe Martinez, secr\u00e9taire g\u00e9n\u00e9ral de la Conf\u00e9d\u00e9ration g\u00e9n\u00e9rale du travail (CGT), a regrett\u00e9 sur Franceinfo que&nbsp;<em>\u00ab&nbsp;beaucoup d\u2019exon\u00e9rations et de cadeaux&nbsp;\u00bb<\/em>&nbsp;soient accord\u00e9s au patronat sans garantie que les jeunes gardent un emploi stable.&nbsp;<em>\u00ab&nbsp;Nous proposions que ces aides soient conditionn\u00e9es \u00e0 des embauches en CDI&nbsp;<\/em>[contrat \u00e0 dur\u00e9e ind\u00e9termin\u00e9e]<em>. Avec de telles mesures, on enferme les jeunes dans la pr\u00e9carit\u00e9. Or, on ne construit pas sa vie dans la pr\u00e9carit\u00e9.&nbsp;\u00bb<\/em><\/p>\n","protected":false},"excerpt":{"rendered":"<p>Le gouvernement a pr\u00e9sent\u00e9, jeudi 23&nbsp;juillet, un plan jeunes d\u2019une enveloppe globale de 6,5&nbsp;milliards d\u2019euros sur deux ans avec&nbsp;en mesure-phare une aide \u2013&nbsp;d\u00e9j\u00e0 annonc\u00e9e&nbsp;\u2013 de 4&nbsp;000&nbsp;euros&nbsp;pour favoriser 450&nbsp;000&nbsp;embauches d\u2019ici au mois de janvier. Baptis\u00e9 \u00ab&nbsp;Un jeune, une solution&nbsp;\u00bb, ce plan table aussi sur la signature de 230&nbsp;000&nbsp;contrats d\u2019apprentissage et 10&nbsp;000&nbsp;contrats de professionnalisation. Outre 100&nbsp;000&nbsp;places suppl\u00e9mentaires [&hellip;]<\/p>\n","protected":false},"author":2,"featured_media":16290,"comment_status":"open","ping_status":"open","sticky":false,"template":"","format":"standard","meta":{"_jetpack_memberships_contains_paid_content":false,"footnotes":"","jetpack_publicize_message":"","jetpack_publicize_feature_enabled":true,"jetpack_social_post_already_shared":true,"jetpack_social_options":{"image_generator_settings":{"template":"highway","default_image_id":0,"font":"","enabled":false},"version":2},"_wpas_customize_per_network":false},"categories":[405],"tags":[],"class_list":["post-16289","post","type-post","status-publish","format-standard","has-post-thumbnail","hentry","category-actu-france-monde"],"jetpack_publicize_connections":[],"jetpack_featured_media_url":"https:\/\/i0.wp.com\/www.iceagetv.com\/radiosite\/wp-content\/uploads\/2020\/07\/Plan-jeunes.jpg?fit=1118%2C420&ssl=1","jetpack_sharing_enabled":true,"_links":{"self":[{"href":"https:\/\/www.iceagetv.com\/radiosite\/wp-json\/wp\/v2\/posts\/16289","targetHints":{"allow":["GET"]}}],"collection":[{"href":"https:\/\/www.iceagetv.com\/radiosite\/wp-json\/wp\/v2\/posts"}],"about":[{"href":"https:\/\/www.iceagetv.com\/radiosite\/wp-json\/wp\/v2\/types\/post"}],"author":[{"embeddable":true,"href":"https:\/\/www.iceagetv.com\/radiosite\/wp-json\/wp\/v2\/users\/2"}],"replies":[{"embeddable":true,"href":"https:\/\/www.iceagetv.com\/radiosite\/wp-json\/wp\/v2\/comments?post=16289"}],"version-history":[{"count":1,"href":"https:\/\/www.iceagetv.com\/radiosite\/wp-json\/wp\/v2\/posts\/16289\/revisions"}],"predecessor-version":[{"id":16291,"href":"https:\/\/www.iceagetv.com\/radiosite\/wp-json\/wp\/v2\/posts\/16289\/revisions\/16291"}],"wp:featuredmedia":[{"embeddable":true,"href":"https:\/\/www.iceagetv.com\/radiosite\/wp-json\/wp\/v2\/media\/16290"}],"wp:attachment":[{"href":"https:\/\/www.iceagetv.com\/radiosite\/wp-json\/wp\/v2\/media?parent=16289"}],"wp:term":[{"taxonomy":"category","embeddable":true,"href":"https:\/\/www.iceagetv.com\/radiosite\/wp-json\/wp\/v2\/categories?post=16289"},{"taxonomy":"post_tag","embeddable":true,"href":"https:\/\/www.iceagetv.com\/radiosite\/wp-json\/wp\/v2\/tags?post=16289"}],"curies":[{"name":"wp","href":"https:\/\/api.w.org\/{rel}","templated":true}]}}