{"id":16295,"date":"2020-07-24T12:47:17","date_gmt":"2020-07-24T12:47:17","guid":{"rendered":"http:\/\/www.iceagetv.com\/radiosite\/?p=16295"},"modified":"2020-07-24T12:47:17","modified_gmt":"2020-07-24T12:47:17","slug":"jair-bolsonaro-teste-positif-au-covid-19-se-balade-a-moto-et-discute-sans-masque","status":"publish","type":"post","link":"https:\/\/www.iceagetv.com\/radiosite\/jair-bolsonaro-teste-positif-au-covid-19-se-balade-a-moto-et-discute-sans-masque\/","title":{"rendered":"Jair Bolsonaro, test\u00e9 positif au Covid-19, se balade \u00e0 moto et discute sans masque"},"content":{"rendered":"\n<p>Le pr\u00e9sident br\u00e9silien contamin\u00e9 par le Covid-19 s&rsquo;est promen\u00e9 jeudi en deux roues et s&rsquo;est entretenu sans que son visage ne soit couvert avec des balayeurs pr\u00e8s de la r\u00e9sidence pr\u00e9sidentielle \u00e0 Brasilia, selon des photos diffus\u00e9es dans les m\u00e9dias.<\/p>\n\n\n\n<p><em>Planalto ne commentera pas<\/em>\u00ab\u00a0. Les clich\u00e9s du pr\u00e9sident br\u00e9silien Jair Bolsonaro, contamin\u00e9 par le coronavirus, &nbsp;se promenant \u00e0 moto jeudi, et entretenant sans masque avec des balayeurs pr\u00e8s de sa r\u00e9sidence \u00e0 Brasilia ne donneront lieu \u00e0 aucune pr\u00e9cision, a averti le secr\u00e9tariat \u00e0 la Communication de la pr\u00e9sidence br\u00e9silienne.<\/p>\n\n\n\n<p>Sur des photos diffus\u00e9es dans les m\u00e9dias, ce dernier est apparu sans casque et sans masque en train de discuter avec un balayeur, qui ne portait pas de masque lui non plus. Sur une autre photo, le pr\u00e9sident est casqu\u00e9, mais la visi\u00e8re de son casque est lev\u00e9e et il salue \u00e0 une certaine distance deux balayeurs aux abords du palais d&rsquo;Alvorada, sa r\u00e9sidence officielle \u00e0 Brasilia, o\u00f9 il est confin\u00e9 depuis que le diagnostic de contamination a \u00e9t\u00e9 pos\u00e9.<\/p>\n\n\n\n<h3 class=\"wp-block-heading\">Une balade \u00e0 \u00ab\u00a0l&rsquo;image de la monstruosit\u00e9 de Bolsonaro\u00a0\u00bb<\/h3>\n\n\n\n<p>Dans un message qu&rsquo;il a publi\u00e9 jeudi sur Facebook, Jair Bolsonaro a d\u00e9clar\u00e9 qu&rsquo;il se sent \u00ab\u00a0tr\u00e8s bien\u00a0\u00bb mais qu&rsquo;il est \u00ab\u00a0un peu stress\u00e9 d&rsquo;\u00eatre enferm\u00e9\u00a0\u00bb.&nbsp;Un parlementaire f\u00e9d\u00e9ral, Marcelo Freixo, a fustig\u00e9 le comportement du pr\u00e9sident. Cette promenade \u00e0 moto est \u00ab\u00a0l&rsquo;image de la monstruosit\u00e9 de Bolsonaro et de son m\u00e9pris pour la vie des Br\u00e9siliens\u00a0\u00bb, a-t-il tweet\u00e9.<\/p>\n\n\n\n<p><br> Pour rappel, le chef d&rsquo;Etat de 65 ans, a annonc\u00e9 le 7 juillet qu&rsquo;il avait contract\u00e9 le Covid-19 et a d\u00e9clar\u00e9 mercredi que selon un nouveau test, il \u00e9tait toujours positif. L&rsquo;ancien militaire d&rsquo;extr\u00eame droite a souvent minimis\u00e9 la gravit\u00e9 de la pand\u00e9mie, qu&rsquo;il a longtemps qualifi\u00e9e de \u00ab\u00a0grippette\u00a0\u00bb. Il a critiqu\u00e9 les mesures de confinement d\u00e9cid\u00e9s par les gouverneurs des Etats br\u00e9siliens, mettant en avant la n\u00e9cessit\u00e9 de ne pas bloquer l&rsquo;\u00e9conomie nationale.  A la date de jeudi, le Br\u00e9sil, qui est apr\u00e8s les Etats-Unis le pays le plus lourdement atteint par le Covid-19, comptait pr\u00e8s de 2,3 millions de cas de contamination et plus de 84.000 d\u00e9c\u00e8s. <\/p>\n\n\n\n<p><\/p>\n","protected":false},"excerpt":{"rendered":"<p>Le pr\u00e9sident br\u00e9silien contamin\u00e9 par le Covid-19 s&rsquo;est promen\u00e9 jeudi en deux roues et s&rsquo;est entretenu sans que son visage ne soit couvert avec des balayeurs pr\u00e8s de la r\u00e9sidence pr\u00e9sidentielle \u00e0 Brasilia, selon des photos diffus\u00e9es dans les m\u00e9dias. Planalto ne commentera pas\u00ab\u00a0. Les clich\u00e9s du pr\u00e9sident br\u00e9silien Jair Bolsonaro, contamin\u00e9 par le coronavirus, [&hellip;]<\/p>\n","protected":false},"author":2,"featured_media":16296,"comment_status":"open","ping_status":"open","sticky":false,"template":"","format":"standard","meta":{"_jetpack_memberships_contains_paid_content":false,"footnotes":"","jetpack_publicize_message":"","jetpack_publicize_feature_enabled":true,"jetpack_social_post_already_shared":true,"jetpack_social_options":{"image_generator_settings":{"template":"highway","default_image_id":0,"font":"","enabled":false},"version":2},"_wpas_customize_per_network":false},"categories":[405],"tags":[],"class_list":["post-16295","post","type-post","status-publish","format-standard","has-post-thumbnail","hentry","category-actu-france-monde"],"jetpack_publicize_connections":[],"jetpack_featured_media_url":"https:\/\/i0.wp.com\/www.iceagetv.com\/radiosite\/wp-content\/uploads\/2020\/07\/Jair-Bolsonaro.jpeg?fit=1024%2C576&ssl=1","jetpack_sharing_enabled":true,"_links":{"self":[{"href":"https:\/\/www.iceagetv.com\/radiosite\/wp-json\/wp\/v2\/posts\/16295","targetHints":{"allow":["GET"]}}],"collection":[{"href":"https:\/\/www.iceagetv.com\/radiosite\/wp-json\/wp\/v2\/posts"}],"about":[{"href":"https:\/\/www.iceagetv.com\/radiosite\/wp-json\/wp\/v2\/types\/post"}],"author":[{"embeddable":true,"href":"https:\/\/www.iceagetv.com\/radiosite\/wp-json\/wp\/v2\/users\/2"}],"replies":[{"embeddable":true,"href":"https:\/\/www.iceagetv.com\/radiosite\/wp-json\/wp\/v2\/comments?post=16295"}],"version-history":[{"count":1,"href":"https:\/\/www.iceagetv.com\/radiosite\/wp-json\/wp\/v2\/posts\/16295\/revisions"}],"predecessor-version":[{"id":16297,"href":"https:\/\/www.iceagetv.com\/radiosite\/wp-json\/wp\/v2\/posts\/16295\/revisions\/16297"}],"wp:featuredmedia":[{"embeddable":true,"href":"https:\/\/www.iceagetv.com\/radiosite\/wp-json\/wp\/v2\/media\/16296"}],"wp:attachment":[{"href":"https:\/\/www.iceagetv.com\/radiosite\/wp-json\/wp\/v2\/media?parent=16295"}],"wp:term":[{"taxonomy":"category","embeddable":true,"href":"https:\/\/www.iceagetv.com\/radiosite\/wp-json\/wp\/v2\/categories?post=16295"},{"taxonomy":"post_tag","embeddable":true,"href":"https:\/\/www.iceagetv.com\/radiosite\/wp-json\/wp\/v2\/tags?post=16295"}],"curies":[{"name":"wp","href":"https:\/\/api.w.org\/{rel}","templated":true}]}}