{"id":16304,"date":"2020-07-25T13:37:26","date_gmt":"2020-07-25T13:37:26","guid":{"rendered":"http:\/\/www.iceagetv.com\/radiosite\/?p=16304"},"modified":"2020-07-25T13:37:26","modified_gmt":"2020-07-25T13:37:26","slug":"stupefiants-police-municipale-les-annonces-de-jean-castex-sur-linsecurite","status":"publish","type":"post","link":"https:\/\/www.iceagetv.com\/radiosite\/stupefiants-police-municipale-les-annonces-de-jean-castex-sur-linsecurite\/","title":{"rendered":"STUP\u00c9FIANTS, POLICE MUNICIPALE: LES ANNONCES DE JEAN CASTEX SUR L&rsquo;INS\u00c9CURIT\u00c9"},"content":{"rendered":"\n<p>\n\nLe Premier ministre effectuait ce samedi un d\u00e9placement sur le th\u00e8me de l&rsquo;ins\u00e9curit\u00e9.<\/p>\n\n\n\n<p>En&nbsp;<a href=\"https:\/\/www.bfmtv.com\/politique\/castex-attendu-a-nice-pour-des-annonces-concretes-sur-l-insecurite_AD-202007250027.html\" target=\"_blank\" rel=\"noreferrer noopener\">d\u00e9placement \u00e0 Nice sur le th\u00e8me de l&rsquo;ins\u00e9curit\u00e9<\/a>, aux c\u00f4t\u00e9s de G\u00e9rald Darmanin et d&rsquo;\u00c9ric Dupond-Moretti, Jean Castex a annonc\u00e9 plusieurs mesures li\u00e9es \u00e0 cette th\u00e9matique.<\/p>\n\n\n\n<h2 class=\"wp-block-heading\">\u00b7 60 policiers d\u00e9ploy\u00e9s \u00e0 Nice<\/h2>\n\n\n\n<p>Localement, le Premier ministre a fait part du d\u00e9ploiement \u00e0 Nice de 60 policiers \u00ab\u00a0dans les semaines \u00e0 venir\u00a0\u00bb au cours d&rsquo;une allocution prononc\u00e9e \u00e0 la mi-journ\u00e9e depuis la pr\u00e9fecture des Alpes-Maritimes.<\/p>\n\n\n\n<p>Par ailleurs, 150 emplois vont \u00eatre cr\u00e9\u00e9s afin de renforcer l&rsquo;action p\u00e9nale de proximit\u00e9, a \u00e9galement indiqu\u00e9 le chef du gouvernement, qui a point\u00e9 le probl\u00e8me de l&rsquo;attractivit\u00e9 de Nice pour les policiers.<\/p>\n\n\n\n<p>Pour y rem\u00e9dier, une indemnit\u00e9 sera vers\u00e9e aux fonctionnaires de police en poste depuis plus de deux ans dans la ville.<\/p>\n\n\n\n<h2 class=\"wp-block-heading\">\u00b7 Exp\u00e9rimentation sur les comp\u00e9tences de la police municipale<\/h2>\n\n\n\n<p>Le Premier ministre a par ailleurs annonc\u00e9 le lancement d&rsquo;une exp\u00e9rimentation sur \u00ab\u00a0l&rsquo;extension des comp\u00e9tences de la police municipale\u00a0\u00bb.<\/p>\n\n\n\n<blockquote class=\"wp-block-quote is-layout-flow wp-block-quote-is-layout-flow\"><p>Cette exp\u00e9rimentation, qui sera mise en place \u00e0 Nice, se fera \u00ab\u00a0dans un cadre qui sera fix\u00e9 par les ministres ici pr\u00e9sents\u00a0\u00bb, a d\u00e9clar\u00e9 le Premier ministre, G\u00e9rald Darmanin et \u00c9ric Dupond-Moretti.<\/p><\/blockquote>\n\n\n\n<p>Cette annonce a \u00e9t\u00e9 salu\u00e9e dans la foul\u00e9e par le maire Les R\u00e9publicains de Nice Christian Estrosi, farouche partisan d&rsquo;une telle mesure&nbsp;<a href=\"https:\/\/www.bfmtv.com\/politique\/insecurite-a-nice-estrosi-plaide-pour-renforcer-les-pouvoirs-de-police-du-maire_AN-202007250051.html\">pour laquelle il plaidait encore ce samedi matin,<\/a>&nbsp;et qui a parall\u00e8lement annonc\u00e9 le recrutement prochain de 80 policiers municipaux suppl\u00e9mentaires.<\/p>\n\n\n\n<h2 class=\"wp-block-heading\">\u00b7 Forfaitisation des d\u00e9lits li\u00e9s aux stup\u00e9fiants<\/h2>\n\n\n\n<p>Au niveau national, Jean Castex a \u00e9galement annonc\u00e9 que la&nbsp;<a href=\"https:\/\/www.bfmtv.com\/politique\/jean-castex-annonce-la-generalisation-de-la-forfaitisation-des-delits-de-stupefiants-a-la-rentree_AD-202007250071.html\" target=\"_blank\" rel=\"noreferrer noopener\">forfaitisation des d\u00e9lits li\u00e9s aux stup\u00e9diants serait \u00ab\u00a0g\u00e9n\u00e9ralis\u00e9e d\u00e8s la rentr\u00e9e\u00a0\u00bb<\/a>, afin d'\u00a0\u00bbappliquer une sanction sans d\u00e9lai\u00a0\u00bb et lutter \u00ab\u00a0contre les points de revente qui gangr\u00e8nent les quartiers\u00a0\u00bb.<\/p>\n\n\n\n<p>Ce d\u00e9placement se d\u00e9roule peu apr\u00e8s plusieurs faits divers. Lundi, une fusillade a \u00e9clat\u00e9 devant un supermarch\u00e9 en plein jour, dans le quartier sensible des Moulins \u00e0 Nice, o\u00f9 le Premier ministre s&rsquo;est rendu ce samedi matin.<\/p>\n","protected":false},"excerpt":{"rendered":"<p>Le Premier ministre effectuait ce samedi un d\u00e9placement sur le th\u00e8me de l&rsquo;ins\u00e9curit\u00e9. En&nbsp;d\u00e9placement \u00e0 Nice sur le th\u00e8me de l&rsquo;ins\u00e9curit\u00e9, aux c\u00f4t\u00e9s de G\u00e9rald Darmanin et d&rsquo;\u00c9ric Dupond-Moretti, Jean Castex a annonc\u00e9 plusieurs mesures li\u00e9es \u00e0 cette th\u00e9matique. \u00b7 60 policiers d\u00e9ploy\u00e9s \u00e0 Nice Localement, le Premier ministre a fait part du d\u00e9ploiement \u00e0 [&hellip;]<\/p>\n","protected":false},"author":2,"featured_media":16305,"comment_status":"open","ping_status":"open","sticky":false,"template":"","format":"standard","meta":{"_jetpack_memberships_contains_paid_content":false,"footnotes":"","jetpack_publicize_message":"","jetpack_publicize_feature_enabled":true,"jetpack_social_post_already_shared":true,"jetpack_social_options":{"image_generator_settings":{"template":"highway","default_image_id":0,"font":"","enabled":false},"version":2},"_wpas_customize_per_network":false},"categories":[405],"tags":[],"class_list":["post-16304","post","type-post","status-publish","format-standard","has-post-thumbnail","hentry","category-actu-france-monde"],"jetpack_publicize_connections":[],"jetpack_featured_media_url":"https:\/\/i0.wp.com\/www.iceagetv.com\/radiosite\/wp-content\/uploads\/2020\/07\/LES-ANNONCES-DE-JEAN-CASTEX-SUR-LINS%C3%89CURIT%C3%89.png?fit=816%2C250&ssl=1","jetpack_sharing_enabled":true,"_links":{"self":[{"href":"https:\/\/www.iceagetv.com\/radiosite\/wp-json\/wp\/v2\/posts\/16304","targetHints":{"allow":["GET"]}}],"collection":[{"href":"https:\/\/www.iceagetv.com\/radiosite\/wp-json\/wp\/v2\/posts"}],"about":[{"href":"https:\/\/www.iceagetv.com\/radiosite\/wp-json\/wp\/v2\/types\/post"}],"author":[{"embeddable":true,"href":"https:\/\/www.iceagetv.com\/radiosite\/wp-json\/wp\/v2\/users\/2"}],"replies":[{"embeddable":true,"href":"https:\/\/www.iceagetv.com\/radiosite\/wp-json\/wp\/v2\/comments?post=16304"}],"version-history":[{"count":1,"href":"https:\/\/www.iceagetv.com\/radiosite\/wp-json\/wp\/v2\/posts\/16304\/revisions"}],"predecessor-version":[{"id":16306,"href":"https:\/\/www.iceagetv.com\/radiosite\/wp-json\/wp\/v2\/posts\/16304\/revisions\/16306"}],"wp:featuredmedia":[{"embeddable":true,"href":"https:\/\/www.iceagetv.com\/radiosite\/wp-json\/wp\/v2\/media\/16305"}],"wp:attachment":[{"href":"https:\/\/www.iceagetv.com\/radiosite\/wp-json\/wp\/v2\/media?parent=16304"}],"wp:term":[{"taxonomy":"category","embeddable":true,"href":"https:\/\/www.iceagetv.com\/radiosite\/wp-json\/wp\/v2\/categories?post=16304"},{"taxonomy":"post_tag","embeddable":true,"href":"https:\/\/www.iceagetv.com\/radiosite\/wp-json\/wp\/v2\/tags?post=16304"}],"curies":[{"name":"wp","href":"https:\/\/api.w.org\/{rel}","templated":true}]}}