{"id":16307,"date":"2020-07-26T13:36:26","date_gmt":"2020-07-26T13:36:26","guid":{"rendered":"http:\/\/www.iceagetv.com\/radiosite\/?p=16307"},"modified":"2020-07-26T13:36:26","modified_gmt":"2020-07-26T13:36:26","slug":"cathedrale-de-nantes-lavocat-du-suspect-a-tenu-une-conference-de-presse-un-peu-avant-13h-mon-client-est-apeure-et-depasse-par-tout-ce-qui-se-passe-mais-soulage-apres-ses-aveux","status":"publish","type":"post","link":"https:\/\/www.iceagetv.com\/radiosite\/cathedrale-de-nantes-lavocat-du-suspect-a-tenu-une-conference-de-presse-un-peu-avant-13h-mon-client-est-apeure-et-depasse-par-tout-ce-qui-se-passe-mais-soulage-apres-ses-aveux\/","title":{"rendered":"Cath\u00e9drale de Nantes &#8211; L&rsquo;avocat du suspect a tenu une conf\u00e9rence de presse un peu avant 13h : \u00ab\u00a0Mon client est apeur\u00e9 et d\u00e9pass\u00e9 par tout ce qui se passe, mais soulag\u00e9 apr\u00e8s ses aveux\u00a0\u00bb"},"content":{"rendered":"\n<p> <strong>L&rsquo;avocat du suspect a tenu une conf\u00e9rence de presse un peu avant 13h : \u00ab\u00a0Il est temps d&rsquo;\u00eatre dans l&rsquo;apaisement. Mon client est apeur\u00e9 et d\u00e9pass\u00e9 par tout ce qui se passe, mais il est coop\u00e9ratif avec la justice. Il regrette les faits mais je ne peux pas en ditre beaucoup plus car il y a le secret de l&rsquo;instruction. Quand \u00e0 ses motivations, je ne veux pas en parler non plus, mon client r\u00e9serve cela \u00e0 la justice\u00a0\u00bb<\/strong>  <strong>Mon client a coop\u00e9r\u00e9\u00bb, a affirm\u00e9 au quotidien Presse-Oc\u00e9an l&rsquo;avocat du mis en examen, Me Quentin Chabert. \u00abIl regrette am\u00e8rement les faits et \u00e9voquer cela a \u00e9t\u00e9 pour lui une lib\u00e9ration. Mon client est aujourd\u2019hui rong\u00e9 par le remords et d\u00e9pass\u00e9 par l\u2019ampleur qu&rsquo;ont pris les \u00e9v\u00e9nements\u00bb, assure-t-il.<\/strong> <\/p>\n\n\n\n<p>Une semaine apr\u00e8s l&rsquo;incendie dans la cath\u00e9drale de Nantes, un b\u00e9n\u00e9vole rwandais du dioc\u00e8se est pass\u00e9 aux aveux et a \u00e9t\u00e9 plac\u00e9 en d\u00e9tention provisoire dans la nuit de samedi \u00e0 dimanche pour \u00ab\u00a0destructions et d\u00e9gradations par incendie\u00a0\u00bb.<\/p>\n\n\n\n<p>L&rsquo;homme \u00ab\u00a0a reconnu, lors de l&rsquo;interrogatoire de premi\u00e8re comparution devant le juge d&rsquo;instruction, avoir allum\u00e9 les trois feux dans la cath\u00e9drale: sur le grand orgue, le petit orgue et dans un panneau \u00e9lectrique\u00a0\u00bb, a pr\u00e9cis\u00e9 le procureur de la R\u00e9publique de Nantes Pierre Senn\u00e8s au quotidien. Cet homme de 39 ans, qui \u00e9tait charg\u00e9 de fermer la cath\u00e9drale la veille de l&rsquo;incendie, a \u00e9t\u00e9 mis en examen \u00ab\u00a0des chefs de destructions et d\u00e9gradations par incendie et plac\u00e9 en d\u00e9tention provisoire par le juge des libert\u00e9s et de la d\u00e9tention\u00a0\u00bb, a indiqu\u00e9 dans un communiqu\u00e9 le procureur.<\/p>\n\n\n\n<p>Le recteur de la cath\u00e9drale de Nantes, le p\u00e8re Hubert Champenois, avait expliqu\u00e9 la semaine derni\u00e8re que le b\u00e9n\u00e9vole \u00e9tait un \u00ab\u00a0Rwandais, venu se r\u00e9fugier en France il y a quelques ann\u00e9es\u00a0\u00bb.<\/p>\n\n\n\n<p>Selon le recteur, le b\u00e9n\u00e9vole est \u00ab\u00a0servant d&rsquo;autel\u00a0\u00bb et il le connaissait \u00ab\u00a0depuis quatre ou cinq ans\u00a0\u00bb. \u00ab\u00a0J&rsquo;ai confiance en lui comme en tous les collaborateurs\u00a0\u00bb, avait-il expliqu\u00e9 \u00e0 l&rsquo;AFP. L&rsquo;incendie de la cath\u00e9drale de Nantes, survenu 15 mois apr\u00e8s celui de Notre-Dame de Paris, a suscit\u00e9 une vive \u00e9motion chez les Nantais, dont certains ont conserv\u00e9 le souvenir d&rsquo;un pr\u00e9c\u00e9dent incendie de l&rsquo;\u00e9difice, le 28 janvier 1972. L&rsquo;\u00e9dification de cette cath\u00e9drale, de style gothique flamboyant, a dur\u00e9 plusieurs si\u00e8cles (de 1434 \u00e0 1891).<\/p>\n\n\n\n<p><strong>Le b\u00e9n\u00e9vole avait \u00e9t\u00e9 plac\u00e9 en garde \u00e0 vue le 18 juillet quelques heures apr\u00e8s l&rsquo;incendie et l&rsquo;ouverture de l&rsquo;enqu\u00eate, puis remis en libert\u00e9 le lendemain soir.<\/strong>&nbsp;Les enqu\u00eateurs souhaitaient l&rsquo;interroger car apr\u00e8s l&rsquo;incendie aucune trace d&rsquo;effraction n&rsquo;avait \u00e9t\u00e9 constat\u00e9e sur les acc\u00e8s \u00e0 l&rsquo;\u00e9difice dans lequel trois points de d\u00e9part de feu avaient \u00e9t\u00e9 constat\u00e9s.<\/p>\n\n\n\n<p>Dans le cadre de cette enqu\u00eate, \u00ab\u00a0plus de trente personnes\u00a0\u00bb ont \u00e9t\u00e9 entendues et une vingtaine d&rsquo;enqu\u00eateurs de la police judiciaire ont \u00e9t\u00e9 mobilis\u00e9s, avec notamment le renfort du laboratoire central de la pr\u00e9fecture de police de Paris, afin de d\u00e9terminer la cause de l&rsquo;incendie, selon le procureur. Le b\u00e9n\u00e9vole a \u00e9t\u00e9 de nouveau interpell\u00e9 et plac\u00e9 en garde \u00e0 vue samedi matin, puis pr\u00e9sent\u00e9 dans la soir\u00e9e au parquet de Nantes, qui a ouvert une information judiciaire, avant d&rsquo;\u00eatre mis en examen et plac\u00e9 en d\u00e9tention provisoire.<\/p>\n\n\n\n<p>Il encourt \u00ab\u00a0une peine de 10 ans d&#8217;emprisonnement et 150.000 euros d&rsquo;amende\u00a0\u00bb, a pr\u00e9cis\u00e9 le procureur Senn\u00e9s. L&rsquo;enqu\u00eate avait r\u00e9v\u00e9l\u00e9 l&rsquo;existence de trois points de feu distincts dans la cath\u00e9drale Saint-Pierre-et-Saint-Paul. \u00ab\u00a0Entre le grand orgue, qui est sur la fa\u00e7ade au premier \u00e9tage et les autres feux, vous avez quasiment toute la distance de la cath\u00e9drale. Ils sont quand m\u00eame \u00e0 une distance cons\u00e9quente les uns des autres\u00a0\u00bb, avait relev\u00e9 le jour de l&rsquo;incendie le procureur.<\/p>\n\n\n\n<p>L&rsquo;alerte avait \u00e9t\u00e9 donn\u00e9e le 18 juillet vers 07H45 par des passants qui avaient vu des flammes sortant de la cath\u00e9drale. Il a fallu environ deux heures aux sapeurs-pompiers pour circonscrire le feu qui a notamment d\u00e9truit un tableau d&rsquo;Hippolyte Flandrin du XIXe si\u00e8cle et le grand orgue.<\/p>\n\n\n\n<p>En dehors du grand orgue dont \u00ab\u00a0tr\u00e8s peu, voire pas du tout d&rsquo;\u00e9l\u00e9ments seront sauvables\u00a0\u00bb, selon Philippe Charron, responsable du p\u00f4le patrimoine \u00e0 la DRAC (Direction r\u00e9gionale des affaires culturelles), \u00ab\u00a0la plupart des \u0153uvres ont \u00e9t\u00e9 sauv\u00e9es\u00a0\u00bb et sont remis\u00e9es \u00ab\u00a0notamment dans le ch\u00e2teau de Nantes\u00a0\u00bb. \u00ab\u00a0On va compter en semaines la mise en s\u00e9curit\u00e9 du site, (&#8230;) en mois l&rsquo;investigation qui va se faire pierre par pierre\u00a0\u00bb et, concernant la dur\u00e9e du chantier de reconstruction pr\u00e9c\u00e9d\u00e9 d&rsquo;une phase d&rsquo;\u00e9tudes, \u00ab\u00a0l\u00e0, l&rsquo;unit\u00e9 sera plut\u00f4t l&rsquo;ann\u00e9e\u00a0\u00bb, a estim\u00e9 M. Charron. L\u2019\u00c9tat \u00ab\u00a0prendra toute sa part\u00a0\u00bb dans la reconstruction, a promis le Premier ministre Jean Castex, venu \u00e0 Nantes f\u00e9liciter les sapeurs-pompiers le jour de l&rsquo;incendie.<\/p>\n\n\n\n<p><strong>Face aux preuves qui s\u2019accumulaient, \u00ab\u00a0il a reconnu dans la nuit devant le juge avoir allum\u00e9 les trois foyers de l\u2019incendie de la cath\u00e9drale\u00a0\u00bb<\/strong>, a expliqu\u00e9 cette nuit le procureur de la R\u00e9publique de Nantes, Pierre Senn\u00e8s.&nbsp;Le b\u00e9n\u00e9vole avait \u00e9t\u00e9 plac\u00e9 en garde \u00e0 vue quelques heures apr\u00e8s l&rsquo;ouverture de l&rsquo;enqu\u00eate, le 18 juillet, puis remis en libert\u00e9 le lendemain soir. Les enqu\u00eateurs souhaitaient l&rsquo;interroger car apr\u00e8s l&rsquo;incendie aucune trace d&rsquo;effraction n&rsquo;avait \u00e9t\u00e9 constat\u00e9e sur les acc\u00e8s \u00e0 l&rsquo;\u00e9difice dans lequel trois points de d\u00e9part de feu avaient \u00e9t\u00e9 constat\u00e9s.<\/p>\n\n\n\n<p>L&rsquo;homme a \u00e9t\u00e9 mis en examen dans la nuit \u00ab\u00a0des chefs de destructions et d\u00e9gradations par incendie\u00a0\u00bb et plac\u00e9 en d\u00e9tention provisoire, conform\u00e9ment aux r\u00e9quisitions du parquet. Il encourt pour cette infraction \u00ab\u00a0une peine de 10 ans d&#8217;emprisonnement et 150.000 euros d&rsquo;amende\u00a0\u00bb, a ajout\u00e9 le procureur. Le suspect continuait alors \u00e0 nier les faits apr\u00e8s avoir \u00e9t\u00e9 interpell\u00e9 ce samedi 25 juillet.&nbsp;<\/p>\n\n\n\n<p>\u00abMon client a coop\u00e9r\u00e9\u00bb, a affirm\u00e9 au quotidien Presse-Oc\u00e9an l&rsquo;avocat du mis en examen, Me Quentin Chabert. \u00abIl regrette am\u00e8rement les faits et \u00e9voquer cela a \u00e9t\u00e9 pour lui une lib\u00e9ration. Mon client est aujourd&rsquo;hui rong\u00e9 par le remords et d\u00e9pass\u00e9 par l&rsquo;ampleur qu&rsquo;ont pris les \u00e9v\u00e9nements\u00bb, assure-t-il.<\/p>\n\n\n\n<p><strong>Il a reconnu, lors de l&rsquo;interrogatoire de premi\u00e8re comparution devant le juge d&rsquo;instruction, avoir allum\u00e9 les trois feux dans la cath\u00e9drale : sur le grand orgue, le petit orgue et dans un panneau \u00e9lectrique\u00ab, a pr\u00e9cis\u00e9 le procureur de la R\u00e9publique de Nantes Pierre Senn\u00e8s au quotidien.<\/strong><\/p>\n\n\n\n<p>Cet homme de 39 ans \u00e9tait charg\u00e9 de fermer la cath\u00e9drale la veille de l&rsquo;incendie. Il s&rsquo;agit d&rsquo;un \u00abRwandais, venu se r\u00e9fugier en France il y a quelques ann\u00e9es\u00bb, avait expliqu\u00e9 la semaine derni\u00e8re \u00e0 l&rsquo;AFP le recteur de la cath\u00e9drale de Nantes, le p\u00e8re Hubert Champenois. Selon le recteur, le b\u00e9n\u00e9vole est \u00abservant d&rsquo;autel\u00bb et il le connaissait \u00abdepuis quatre ou cinq ans\u00bb.<\/p>\n\n\n\n<p><\/p>\n\n\n\n<p><\/p>\n","protected":false},"excerpt":{"rendered":"<p>L&rsquo;avocat du suspect a tenu une conf\u00e9rence de presse un peu avant 13h : \u00ab\u00a0Il est temps d&rsquo;\u00eatre dans l&rsquo;apaisement. Mon client est apeur\u00e9 et d\u00e9pass\u00e9 par tout ce qui se passe, mais il est coop\u00e9ratif avec la justice. Il regrette les faits mais je ne peux pas en ditre beaucoup plus car il y [&hellip;]<\/p>\n","protected":false},"author":2,"featured_media":16308,"comment_status":"open","ping_status":"open","sticky":false,"template":"","format":"standard","meta":{"_jetpack_memberships_contains_paid_content":false,"footnotes":"","jetpack_publicize_message":"","jetpack_publicize_feature_enabled":true,"jetpack_social_post_already_shared":true,"jetpack_social_options":{"image_generator_settings":{"template":"highway","default_image_id":0,"font":"","enabled":false},"version":2},"_wpas_customize_per_network":false},"categories":[405],"tags":[],"class_list":["post-16307","post","type-post","status-publish","format-standard","has-post-thumbnail","hentry","category-actu-france-monde"],"jetpack_publicize_connections":[],"jetpack_featured_media_url":"https:\/\/i0.wp.com\/www.iceagetv.com\/radiosite\/wp-content\/uploads\/2020\/07\/Lavocat-du-suspect-a-tenu-une-conf%C3%A9rence-de-presse-un-peu-avant-13h.png?fit=879%2C363&ssl=1","jetpack_sharing_enabled":true,"_links":{"self":[{"href":"https:\/\/www.iceagetv.com\/radiosite\/wp-json\/wp\/v2\/posts\/16307","targetHints":{"allow":["GET"]}}],"collection":[{"href":"https:\/\/www.iceagetv.com\/radiosite\/wp-json\/wp\/v2\/posts"}],"about":[{"href":"https:\/\/www.iceagetv.com\/radiosite\/wp-json\/wp\/v2\/types\/post"}],"author":[{"embeddable":true,"href":"https:\/\/www.iceagetv.com\/radiosite\/wp-json\/wp\/v2\/users\/2"}],"replies":[{"embeddable":true,"href":"https:\/\/www.iceagetv.com\/radiosite\/wp-json\/wp\/v2\/comments?post=16307"}],"version-history":[{"count":1,"href":"https:\/\/www.iceagetv.com\/radiosite\/wp-json\/wp\/v2\/posts\/16307\/revisions"}],"predecessor-version":[{"id":16309,"href":"https:\/\/www.iceagetv.com\/radiosite\/wp-json\/wp\/v2\/posts\/16307\/revisions\/16309"}],"wp:featuredmedia":[{"embeddable":true,"href":"https:\/\/www.iceagetv.com\/radiosite\/wp-json\/wp\/v2\/media\/16308"}],"wp:attachment":[{"href":"https:\/\/www.iceagetv.com\/radiosite\/wp-json\/wp\/v2\/media?parent=16307"}],"wp:term":[{"taxonomy":"category","embeddable":true,"href":"https:\/\/www.iceagetv.com\/radiosite\/wp-json\/wp\/v2\/categories?post=16307"},{"taxonomy":"post_tag","embeddable":true,"href":"https:\/\/www.iceagetv.com\/radiosite\/wp-json\/wp\/v2\/tags?post=16307"}],"curies":[{"name":"wp","href":"https:\/\/api.w.org\/{rel}","templated":true}]}}