{"id":16314,"date":"2020-07-26T17:09:42","date_gmt":"2020-07-26T17:09:42","guid":{"rendered":"http:\/\/www.iceagetv.com\/radiosite\/?p=16314"},"modified":"2020-07-26T17:09:42","modified_gmt":"2020-07-26T17:09:42","slug":"meteo-forte-chaleur-attendue-cette-semaine-en-france-avec-des-pics-a-40-degres","status":"publish","type":"post","link":"https:\/\/www.iceagetv.com\/radiosite\/meteo-forte-chaleur-attendue-cette-semaine-en-france-avec-des-pics-a-40-degres\/","title":{"rendered":"M\u00e9t\u00e9o : Forte chaleur attendue cette semaine en France avec des pics \u00e0 40 degr\u00e9s"},"content":{"rendered":"\n<p>La derni\u00e8re semaine des juillettistes sera chaude.&nbsp;<a href=\"http:\/\/www.meteofrance.fr\/actualites\/84056258-week-end-globalement-estival-sauf-sur-le-nord-ouest-samedi\" target=\"_blank\" rel=\"noreferrer noopener\">Selon les pr\u00e9visions de M\u00e9t\u00e9o-France<\/a>, un pic de chaleur est attendu d\u00e8s ce lundi avec \u00ab&nbsp;en moyenne 30&nbsp;\u00b0C sur la moiti\u00e9 nord et 35&nbsp;\u00b0C sur la moiti\u00e9 sud&nbsp;\u00bb. Une augmentation des temp\u00e9ratures li\u00e9e \u00e0 une \u00ab&nbsp;pouss\u00e9e anticyclonique temporaire&nbsp;\u00bb. Mais le pays pourrait conna\u00eetre un second pic de chaleur&nbsp;<a href=\"https:\/\/actualite.lachainemeteo.com\/actualite-meteo\/2020-07-26\/meteo-semaine-a-venir-deux-pics-de-tres-fortes-chaleurs-55802\" target=\"_blank\" rel=\"noreferrer noopener\">\u00e0 en croire&nbsp;la Cha\u00eene M\u00e9t\u00e9o<\/a><em>.<\/em><\/p>\n\n\n\n<p><em>\u00ab<\/em>\u00a0L\u2019animation des masses d\u2019air met bien en \u00e9vidence les 2 pics de tr\u00e8s fortes chaleurs de cette semaine, li\u00e9s \u00e0 la remont\u00e9e de bouff\u00e9es d\u2019air d\u2019origine saharienne. La barre des 40\u00a0\u00b0C sera vraisemblablement atteinte dans le sud de la France vendredi prochain\u00a0\u00bb, pr\u00e9vient la cha\u00eene sp\u00e9cialis\u00e9e.<\/p>\n\n\n\n<h2 class=\"wp-block-heading\">S\u00e9cheresse et restriction<\/h2>\n\n\n\n<p>L\u2019Aquitaine comme la r\u00e9gion Midi-Pyr\u00e9n\u00e9es pourraient conna\u00eetre lundi des pics \u00e0 39 voire 40 degr\u00e9s poursuit la C<em>ha\u00eene M\u00e9t\u00e9o.\u00a0<\/em>L\u2019ensemble du pays sera touch\u00e9 par ces fortes chaleurs vendredi avec des maximales oscillant entre 36 et 38 degr\u00e9s dans le Sud et 32 \u00e0 37 degr\u00e9s dans le Nord.\u00a0Plusieurs d\u00e9partements, notamment au nord et nord-est de la France, sont d\u00e9j\u00e0 particuli\u00e8rement touch\u00e9s par la s\u00e9cheresse. Le 22\u00a0juillet dernier,\u00a0<a rel=\"noreferrer noopener\" href=\"http:\/\/www.meteofrance.fr\/actualites\/83839442-climat-un-debut-juillet-tres-sec\" target=\"_blank\">M\u00e9t\u00e9o-France alertait<\/a>\u00a0:\u00a0\u00ab\u00a0Sur les trois derniers mois (d\u2019avril \u00e0 juin), les sols se sont nettement ass\u00e9ch\u00e9s sur une large moiti\u00e9 nord et est du pays. De la Haute-Normandie aux Hauts-de-France et jusqu\u2019au Grand-Est, en C\u00f4te d\u2019Or et dans l\u2019Orne, les sols sont extr\u00eamement secs. Au sud de ces r\u00e9gions et dans la r\u00e9gion Auvergne-Rh\u00f4ne-Alpes, les sols restent tr\u00e8s secs\u00a0\u00bb.\u00a0Le Bas-Rhin, la Moselle et le Doubs ont d\u2019ores et d\u00e9j\u00e0 d\u00e9pass\u00e9 le seuil d\u2019alerte \u00e0 la s\u00e9cheresse et\u00a0<a href=\"https:\/\/www.20minutes.fr\/planete\/2828371-20200724-secheresse-bas-rhin-faudrait-situation-dure-agriculteurs-adaptent-attendent-pluie\">ont mis en place des mesures d\u2019\u00e9conomie d\u2019eau<\/a>. <\/p>\n\n\n\n<p><\/p>\n","protected":false},"excerpt":{"rendered":"<p>La derni\u00e8re semaine des juillettistes sera chaude.&nbsp;Selon les pr\u00e9visions de M\u00e9t\u00e9o-France, un pic de chaleur est attendu d\u00e8s ce lundi avec \u00ab&nbsp;en moyenne 30&nbsp;\u00b0C sur la moiti\u00e9 nord et 35&nbsp;\u00b0C sur la moiti\u00e9 sud&nbsp;\u00bb. Une augmentation des temp\u00e9ratures li\u00e9e \u00e0 une \u00ab&nbsp;pouss\u00e9e anticyclonique temporaire&nbsp;\u00bb. Mais le pays pourrait conna\u00eetre un second pic de chaleur&nbsp;\u00e0 en [&hellip;]<\/p>\n","protected":false},"author":2,"featured_media":16315,"comment_status":"open","ping_status":"open","sticky":false,"template":"","format":"standard","meta":{"_jetpack_memberships_contains_paid_content":false,"footnotes":"","jetpack_publicize_message":"","jetpack_publicize_feature_enabled":true,"jetpack_social_post_already_shared":true,"jetpack_social_options":{"image_generator_settings":{"template":"highway","default_image_id":0,"font":"","enabled":false},"version":2},"_wpas_customize_per_network":false},"categories":[14],"tags":[],"class_list":["post-16314","post","type-post","status-publish","format-standard","has-post-thumbnail","hentry","category-actu-meteo"],"jetpack_publicize_connections":[],"jetpack_featured_media_url":"https:\/\/i0.wp.com\/www.iceagetv.com\/radiosite\/wp-content\/uploads\/2020\/07\/Forte-chaleur-attendue-cette-semaine-en-France-avec-des-pics-%C3%A0-40-degr%C3%A9s.png?fit=646%2C412&ssl=1","jetpack_sharing_enabled":true,"_links":{"self":[{"href":"https:\/\/www.iceagetv.com\/radiosite\/wp-json\/wp\/v2\/posts\/16314","targetHints":{"allow":["GET"]}}],"collection":[{"href":"https:\/\/www.iceagetv.com\/radiosite\/wp-json\/wp\/v2\/posts"}],"about":[{"href":"https:\/\/www.iceagetv.com\/radiosite\/wp-json\/wp\/v2\/types\/post"}],"author":[{"embeddable":true,"href":"https:\/\/www.iceagetv.com\/radiosite\/wp-json\/wp\/v2\/users\/2"}],"replies":[{"embeddable":true,"href":"https:\/\/www.iceagetv.com\/radiosite\/wp-json\/wp\/v2\/comments?post=16314"}],"version-history":[{"count":1,"href":"https:\/\/www.iceagetv.com\/radiosite\/wp-json\/wp\/v2\/posts\/16314\/revisions"}],"predecessor-version":[{"id":16316,"href":"https:\/\/www.iceagetv.com\/radiosite\/wp-json\/wp\/v2\/posts\/16314\/revisions\/16316"}],"wp:featuredmedia":[{"embeddable":true,"href":"https:\/\/www.iceagetv.com\/radiosite\/wp-json\/wp\/v2\/media\/16315"}],"wp:attachment":[{"href":"https:\/\/www.iceagetv.com\/radiosite\/wp-json\/wp\/v2\/media?parent=16314"}],"wp:term":[{"taxonomy":"category","embeddable":true,"href":"https:\/\/www.iceagetv.com\/radiosite\/wp-json\/wp\/v2\/categories?post=16314"},{"taxonomy":"post_tag","embeddable":true,"href":"https:\/\/www.iceagetv.com\/radiosite\/wp-json\/wp\/v2\/tags?post=16314"}],"curies":[{"name":"wp","href":"https:\/\/api.w.org\/{rel}","templated":true}]}}