{"id":16317,"date":"2020-07-27T18:57:19","date_gmt":"2020-07-27T18:57:19","guid":{"rendered":"http:\/\/www.iceagetv.com\/radiosite\/?p=16317"},"modified":"2020-07-27T18:57:19","modified_gmt":"2020-07-27T18:57:19","slug":"drame-evite-de-justesse-un-postier-fonce-volontairement-sur-plusieurs-terrasses-du-quartier-des-abbesses-a-paris-avec-son-vehicule-de-service","status":"publish","type":"post","link":"https:\/\/www.iceagetv.com\/radiosite\/drame-evite-de-justesse-un-postier-fonce-volontairement-sur-plusieurs-terrasses-du-quartier-des-abbesses-a-paris-avec-son-vehicule-de-service\/","title":{"rendered":"Drame \u00e9vit\u00e9 de justesse: Un postier fonce volontairement sur plusieurs terrasses du quartier des Abbesses \u00e0 Paris avec son v\u00e9hicule de service"},"content":{"rendered":"\n<p>Ce midi, un incident qui aurait pu co\u00fbter la vie \u00e0 plusieurs personnes s&rsquo;est produit \u00e0 Paris. Un postier a fonc\u00e9 avec son v\u00e9hicule de service sur deux terrasses, au caf\u00e9 Le Grain de Folie Montmartre et au restaurant Marcello, de la rue la Vieuville aux Abbesses dans le 18\u00e8me arrondissement de la capitale, rapporte&nbsp;<a href=\"https:\/\/www.leparisien.fr\/paris-75\/paris-un-postier-fonce-avec-son-camion-sur-des-terrasses-27-07-2020-8359419.php\" target=\"_blank\" rel=\"noreferrer noopener\">Le Parisien<\/a>.<\/p>\n\n\n\n<p>Une source polici\u00e8re explique \u00e0 nos confr\u00e8res:&nbsp;\u00ab C&rsquo;est \u00e0 la suite d&rsquo;un diff\u00e9rend entre des commer\u00e7ants et ce postier que ce dernier est remont\u00e9 dans sa camionnette et a fonc\u00e9 sur deux terrasses \u00bb.<\/p>\n\n\n\n<p>Et d&rsquo;ajouter:&nbsp;\u00ab Il y a aucune connotation terroriste dans ce geste \u00bb<\/p>\n\n\n\n<p>L&rsquo;homme a \u00e9t\u00e9 rapidement interpell\u00e9 et plac\u00e9 en garde \u00e0 vue.<\/p>\n\n\n\n<p>Un commer\u00e7ant, pr\u00e9sent sur les lieux, confie:&nbsp;\u00ab On a vu une camionnette passer tr\u00e8s vite, elle faisait beaucoup de bruit et se dirigeait vers des terrasses. \u00bb<\/p>\n\n\n\n<p>Une autre personne pr\u00e9cise: \u00ab Il s&rsquo;est gar\u00e9 au milieu de la rue et a \u00e9t\u00e9 apostroph\u00e9 par des clients qui \u00e9taient en terrasses et d\u00e9jeunaient tranquillement ce midi. Il y a eu un d\u00e9but de bagarre \u00bb. L&rsquo;homme serait alors remont\u00e9 au volant de son v\u00e9hicule, avant de foncer&nbsp; sur la terrasse du Grain de folie Montmartre, puis celle du Marcello.<\/p>\n\n\n\n<p>\u00ab Il a un peu moins de 30 ans et on le conna\u00eet dans le quartier. Il est toujours tr\u00e8s agressif \u00bb, explique un autre t\u00e9moin.&nbsp;<\/p>\n\n\n\n<p>De nombreux passants ou clients, tr\u00e8s choqu\u00e9s, ont pens\u00e9 \u00e0 une attaque terroriste sur le moment, explique-t-on. Mais nos confr\u00e8res pr\u00e9cisent que personne n&rsquo;a \u00e9t\u00e9 bless\u00e9.<\/p>\n","protected":false},"excerpt":{"rendered":"<p>Ce midi, un incident qui aurait pu co\u00fbter la vie \u00e0 plusieurs personnes s&rsquo;est produit \u00e0 Paris. Un postier a fonc\u00e9 avec son v\u00e9hicule de service sur deux terrasses, au caf\u00e9 Le Grain de Folie Montmartre et au restaurant Marcello, de la rue la Vieuville aux Abbesses dans le 18\u00e8me arrondissement de la capitale, rapporte&nbsp;Le [&hellip;]<\/p>\n","protected":false},"author":2,"featured_media":16318,"comment_status":"open","ping_status":"open","sticky":false,"template":"","format":"standard","meta":{"_jetpack_memberships_contains_paid_content":false,"footnotes":"","jetpack_publicize_message":"","jetpack_publicize_feature_enabled":true,"jetpack_social_post_already_shared":true,"jetpack_social_options":{"image_generator_settings":{"template":"highway","default_image_id":0,"font":"","enabled":false},"version":2},"_wpas_customize_per_network":false},"categories":[405],"tags":[],"class_list":["post-16317","post","type-post","status-publish","format-standard","has-post-thumbnail","hentry","category-actu-france-monde"],"jetpack_publicize_connections":[],"jetpack_featured_media_url":"https:\/\/i0.wp.com\/www.iceagetv.com\/radiosite\/wp-content\/uploads\/2020\/07\/Drame-%C3%A9vit%C3%A9-de-justesse.png?fit=897%2C379&ssl=1","jetpack_sharing_enabled":true,"_links":{"self":[{"href":"https:\/\/www.iceagetv.com\/radiosite\/wp-json\/wp\/v2\/posts\/16317","targetHints":{"allow":["GET"]}}],"collection":[{"href":"https:\/\/www.iceagetv.com\/radiosite\/wp-json\/wp\/v2\/posts"}],"about":[{"href":"https:\/\/www.iceagetv.com\/radiosite\/wp-json\/wp\/v2\/types\/post"}],"author":[{"embeddable":true,"href":"https:\/\/www.iceagetv.com\/radiosite\/wp-json\/wp\/v2\/users\/2"}],"replies":[{"embeddable":true,"href":"https:\/\/www.iceagetv.com\/radiosite\/wp-json\/wp\/v2\/comments?post=16317"}],"version-history":[{"count":1,"href":"https:\/\/www.iceagetv.com\/radiosite\/wp-json\/wp\/v2\/posts\/16317\/revisions"}],"predecessor-version":[{"id":16319,"href":"https:\/\/www.iceagetv.com\/radiosite\/wp-json\/wp\/v2\/posts\/16317\/revisions\/16319"}],"wp:featuredmedia":[{"embeddable":true,"href":"https:\/\/www.iceagetv.com\/radiosite\/wp-json\/wp\/v2\/media\/16318"}],"wp:attachment":[{"href":"https:\/\/www.iceagetv.com\/radiosite\/wp-json\/wp\/v2\/media?parent=16317"}],"wp:term":[{"taxonomy":"category","embeddable":true,"href":"https:\/\/www.iceagetv.com\/radiosite\/wp-json\/wp\/v2\/categories?post=16317"},{"taxonomy":"post_tag","embeddable":true,"href":"https:\/\/www.iceagetv.com\/radiosite\/wp-json\/wp\/v2\/tags?post=16317"}],"curies":[{"name":"wp","href":"https:\/\/api.w.org\/{rel}","templated":true}]}}