{"id":16324,"date":"2020-07-29T11:48:54","date_gmt":"2020-07-29T11:48:54","guid":{"rendered":"http:\/\/www.iceagetv.com\/radiosite\/?p=16324"},"modified":"2020-07-29T11:48:54","modified_gmt":"2020-07-29T11:48:54","slug":"majoree-de-100-euros-lallocation-de-rentree-scolaire-sera-versee-les-4-et-18-aout","status":"publish","type":"post","link":"https:\/\/www.iceagetv.com\/radiosite\/majoree-de-100-euros-lallocation-de-rentree-scolaire-sera-versee-les-4-et-18-aout\/","title":{"rendered":"MAJOR\u00c9E DE 100 EUROS, L&rsquo;ALLOCATION DE RENTR\u00c9E SCOLAIRE SERA VERS\u00c9E LES 4 ET 18 AO\u00dbT"},"content":{"rendered":"\n<p>\n\nPlus de trois millions de familles aux revenus modestes vont b\u00e9n\u00e9ficier de cette allocation.<\/p>\n\n\n\n<p>L&rsquo;allocation de rentr\u00e9e scolaire, \u00ab\u00a0exceptionnellement\u00a0\u00bb&nbsp;<a href=\"https:\/\/www.bfmtv.com\/economie\/economie-social\/l-allocation-de-rentree-scolaire-revalorisee-de-100-euros-de-facon-exceptionnelle-en-septembre_AD-202007150179.html\">dot\u00e9e de 100 euros suppl\u00e9mentaires&nbsp;<\/a>cette ann\u00e9e, sera vers\u00e9e le 4 ao\u00fbt \u00e0 la R\u00e9union et Mayotte, puis le 18 ao\u00fbt en m\u00e9tropole et dans les autres DOM (Martinique, Guadeloupe, Guyane), a annonc\u00e9 mercredi le minist\u00e8re des Solidarit\u00e9s.<\/p>\n\n\n\n<p>\u00ab\u00a0Plus de 3 millions de familles\u00a0\u00bb aux revenus modestes vont b\u00e9n\u00e9ficier de cette allocation, major\u00e9e en raison \u00ab\u00a0des cons\u00e9quences sociales de la crise \u00e9pid\u00e9mique\u00a0\u00bb, a indiqu\u00e9 le minist\u00e8re dans un communiqu\u00e9. Cela repr\u00e9sente 5 millions d&rsquo;enfants, soit environ la moiti\u00e9 des effectifs des 6-18 ans, tranche d&rsquo;\u00e2ge \u00e9ligible \u00e0 cette aide.<\/p>\n\n\n\n<p>La majoration de cette allocation de rentr\u00e9e scolaire (ARS) avait \u00e9t\u00e9 annonc\u00e9e le 15 juillet par le Premier ministre Jean Castex, lors de sa d\u00e9claration de politique g\u00e9n\u00e9rale \u00e0 l&rsquo;Assembl\u00e9e nationale.<\/p>\n\n\n\n<h2 class=\"wp-block-heading\">Entre 469,97 et 503,91 euros par enfant<\/h2>\n\n\n\n<p>C&rsquo;est \u00ab\u00a0une mesure de solidarit\u00e9 pour nos enfants, afin qu&rsquo;ils puissent reprendre l&rsquo;\u00e9cole avec tout ce qu&rsquo;il leur faut dans la trousse et dans le cartable pour bien apprendre\u00a0\u00bb, a relev\u00e9 le ministre des Solidarit\u00e9s, Olivier V\u00e9ran, cit\u00e9 mercredi par ses services. Attribu\u00e9e sous conditions de ressources, l&rsquo;ARS passe cette ann\u00e9e \u00e0 469,97 euros pour un enfant \u00e2g\u00e9 de 6 \u00e0 10 ans (apr\u00e8s 368,84 euros en 2019), \u00e0 490,39 euros pour un enfant \u00e2g\u00e9 de 11 \u00e0 14 ans (389,19 euros l&rsquo;an dernier) et \u00e0 503,91 euros pour un enfant \u00e2g\u00e9 de 15 \u00e0 18 ans (402,67 euros en 2019), a pr\u00e9cis\u00e9 le minist\u00e8re.<\/p>\n\n\n\n<p>Elle est vers\u00e9e pour \u00ab\u00a0chaque enfant scolaris\u00e9 n\u00e9 entre le 16 septembre 2002 et le 31 d\u00e9cembre 2014 inclus\u00a0\u00bb, ainsi que \u00ab\u00a0chaque enfant n\u00e9 apr\u00e8s cette date et d\u00e9j\u00e0 inscrit en CP\u00a0\u00bb, selon le communiqu\u00e9. Elle concerne aussi les apprentis, indique la Caisse d&rsquo;allocations familiales (CAF) sur son site. L&rsquo;ARS sera vers\u00e9e aux parents dont les revenus annuels de 2018 \u00e9taient inf\u00e9rieurs \u00e0 25.093 euros pour un enfant \u00e0 charge au 31 juillet de cette ann\u00e9e, 30.884 euros pour deux enfants \u00e0 charge ou 36.675 euros pour trois enfants \u00e0 charge. A Mayotte, d&rsquo;autres plafonds de ressources s&rsquo;appliquent. Ex\u00e9cut\u00e9e \u00ab\u00a0dans le cadre du plan de relance\u00a0\u00bb, la majoration de l&rsquo;ARS \u00ab\u00a0vient renforcer le soutien apport\u00e9 par le gouvernement aux familles modestes face \u00e0 une crise qui a pes\u00e9 parfois lourdement sur leurs revenus et leur quotidien\u00a0\u00bb, a not\u00e9 le minist\u00e8re. Le 15 mai, \u00ab\u00a0une aide exceptionnelle de solidarit\u00e9 avait \u00e9t\u00e9 vers\u00e9e \u00e0 plus de 4 millions de foyers et familles modestes\u00a0\u00bb, a-t-il rappel\u00e9. <\/p>\n\n\n\n<p><\/p>\n","protected":false},"excerpt":{"rendered":"<p>Plus de trois millions de familles aux revenus modestes vont b\u00e9n\u00e9ficier de cette allocation. L&rsquo;allocation de rentr\u00e9e scolaire, \u00ab\u00a0exceptionnellement\u00a0\u00bb&nbsp;dot\u00e9e de 100 euros suppl\u00e9mentaires&nbsp;cette ann\u00e9e, sera vers\u00e9e le 4 ao\u00fbt \u00e0 la R\u00e9union et Mayotte, puis le 18 ao\u00fbt en m\u00e9tropole et dans les autres DOM (Martinique, Guadeloupe, Guyane), a annonc\u00e9 mercredi le minist\u00e8re des Solidarit\u00e9s. [&hellip;]<\/p>\n","protected":false},"author":2,"featured_media":16325,"comment_status":"open","ping_status":"open","sticky":false,"template":"","format":"standard","meta":{"_jetpack_memberships_contains_paid_content":false,"footnotes":"","jetpack_publicize_message":"","jetpack_publicize_feature_enabled":true,"jetpack_social_post_already_shared":true,"jetpack_social_options":{"image_generator_settings":{"template":"highway","default_image_id":0,"font":"","enabled":false},"version":2},"_wpas_customize_per_network":false},"categories":[405],"tags":[],"class_list":["post-16324","post","type-post","status-publish","format-standard","has-post-thumbnail","hentry","category-actu-france-monde"],"jetpack_publicize_connections":[],"jetpack_featured_media_url":"https:\/\/i0.wp.com\/www.iceagetv.com\/radiosite\/wp-content\/uploads\/2020\/07\/MAJOR%C3%89E-DE-100-EUROS.jpg?fit=768%2C432&ssl=1","jetpack_sharing_enabled":true,"_links":{"self":[{"href":"https:\/\/www.iceagetv.com\/radiosite\/wp-json\/wp\/v2\/posts\/16324","targetHints":{"allow":["GET"]}}],"collection":[{"href":"https:\/\/www.iceagetv.com\/radiosite\/wp-json\/wp\/v2\/posts"}],"about":[{"href":"https:\/\/www.iceagetv.com\/radiosite\/wp-json\/wp\/v2\/types\/post"}],"author":[{"embeddable":true,"href":"https:\/\/www.iceagetv.com\/radiosite\/wp-json\/wp\/v2\/users\/2"}],"replies":[{"embeddable":true,"href":"https:\/\/www.iceagetv.com\/radiosite\/wp-json\/wp\/v2\/comments?post=16324"}],"version-history":[{"count":1,"href":"https:\/\/www.iceagetv.com\/radiosite\/wp-json\/wp\/v2\/posts\/16324\/revisions"}],"predecessor-version":[{"id":16326,"href":"https:\/\/www.iceagetv.com\/radiosite\/wp-json\/wp\/v2\/posts\/16324\/revisions\/16326"}],"wp:featuredmedia":[{"embeddable":true,"href":"https:\/\/www.iceagetv.com\/radiosite\/wp-json\/wp\/v2\/media\/16325"}],"wp:attachment":[{"href":"https:\/\/www.iceagetv.com\/radiosite\/wp-json\/wp\/v2\/media?parent=16324"}],"wp:term":[{"taxonomy":"category","embeddable":true,"href":"https:\/\/www.iceagetv.com\/radiosite\/wp-json\/wp\/v2\/categories?post=16324"},{"taxonomy":"post_tag","embeddable":true,"href":"https:\/\/www.iceagetv.com\/radiosite\/wp-json\/wp\/v2\/tags?post=16324"}],"curies":[{"name":"wp","href":"https:\/\/api.w.org\/{rel}","templated":true}]}}