{"id":16327,"date":"2020-07-29T11:50:36","date_gmt":"2020-07-29T11:50:36","guid":{"rendered":"http:\/\/www.iceagetv.com\/radiosite\/?p=16327"},"modified":"2020-07-29T11:50:36","modified_gmt":"2020-07-29T11:50:36","slug":"coronavirus-pour-olivier-veran-la-france-nest-pas-dans-une-deuxieme-vague","status":"publish","type":"post","link":"https:\/\/www.iceagetv.com\/radiosite\/coronavirus-pour-olivier-veran-la-france-nest-pas-dans-une-deuxieme-vague\/","title":{"rendered":"CORONAVIRUS: POUR OLIVIER V\u00c9RAN, LA FRANCE \u00ab\u00a0N&rsquo;EST PAS DANS UNE DEUXI\u00c8ME VAGUE\u00a0\u00bb"},"content":{"rendered":"\n<p>\n\nLe ministre de la Sant\u00e9 appelle toutefois \u00e0 ne pas rel\u00e2cher les efforts, afin d&rsquo;\u00e9viter au maximum cette deuxi\u00e8me vague.<\/p>\n\n\n\n<p>La France \u00ab\u00a0n&rsquo;est pas dans une deuxi\u00e8me vague du coronavirus\u00a0\u00bb, mais \u00ab\u00a0il ne faut pas l\u00e2cher\u00a0\u00bb les efforts si on veut l&rsquo;\u00e9viter, a assur\u00e9 ce mercredi le ministre de la Sant\u00e9 Olivier V\u00e9ran&nbsp;<a href=\"https:\/\/www.lci.fr\/sante\/en-direct-coronavirus-pandemie-de-covid-19-la-france-n-est-pas-dans-une-deuxieme-vague-du-virus-souligne-olivier-veran-sur-lci-2159905.html\" target=\"_blank\" rel=\"noreferrer noopener\">sur LCI.<\/a><\/p>\n\n\n\n<h2 class=\"wp-block-heading\">\u00ab\u00a0Quelques signaux d&rsquo;alerte\u00a0\u00bb<\/h2>\n\n\n\n<p>\u00ab\u00a0On est dans la poursuite d&rsquo;une \u00e9pid\u00e9mie \u00e0 plus ou moins bas bruit selon les pays et les villes concern\u00e9es\u00a0\u00bb, a expliqu\u00e9 le ministre. \u00ab\u00a0Des clusters \u00e9mergent, on a quelques signaux d&rsquo;alerte en provenance de certains h\u00f4pitaux avec une tendance \u00e0 l&rsquo;augmentation du nombre d&rsquo;admissions, et nous testons beaucoup plus\u00a0\u00bb, a pr\u00e9cis\u00e9 Olivier V\u00e9ran, notant \u00ab\u00a0une augmentation de la proportion de tests positifs\u00a0\u00bb.<\/p>\n\n\n\n<p>\u00ab\u00a0Nous enregistrons un certain nombre de diagnostics chez des patients plus jeunes\u00a0\u00bb, a-t-il soulign\u00e9. \u00ab\u00a0L&rsquo;\u00e9pid\u00e9mie de Covid-19 a fait quatorze nouveaux morts en 24 heures dans les h\u00f4pitaux et les \u00e9tablissements m\u00e9dico-sociaux en France, o\u00f9 la circulation du virus reste \u00ab\u00a0soutenue\u00a0\u00bb, avait annonc\u00e9 mardi la Direction g\u00e9n\u00e9rale de la Sant\u00e9 (DGS). Mais le nombre de patients en r\u00e9animation continue de baisser.<\/p>\n\n\n\n<h2 class=\"wp-block-heading\">\u00ab\u00a0On pensait avoir fini et le virus revient\u00a0\u00bb<\/h2>\n\n\n\n<p>\u00ab\u00a0C&rsquo;est par notre comportement collectif et par l&rsquo;action d\u00e9termin\u00e9e des pouvoirs publics que nous \u00e9viterons cette deuxi\u00e8me vague. C&rsquo;est un peu la parabole du rocher de Sisyphe: on pensait avoir fini et le virus revient. Il nous faut un vaccin\u00a0\u00bb, a r\u00e9sum\u00e9 le ministre.<\/p>\n\n\n\n<p>R\u00e9agissant \u00e0 l&rsquo;<a href=\"https:\/\/www.bfmtv.com\/sante\/cluster-a-quiberon-la-commune-ferme-ses-plages-la-nuit_AN-202007260108.html\" target=\"_blank\" rel=\"noreferrer noopener\">explosion de cas \u00e0 Quiberon<\/a>&nbsp;(Morbihan), Olivier V\u00e9ran a soulign\u00e9 qu&rsquo;on \u00e9tait \u00ab\u00a0au stade du diagnostic\u00a0\u00bb et que \u00ab\u00a0s&rsquo;il est n\u00e9cessaire de prendre d&rsquo;autres mesures, on les prendra\u00a0\u00bb. \u00ab\u00a0Nous ne voulons pas arriver \u00e0 un reconfinement\u00a0\u00bb, a soulign\u00e9 le ministre.<\/p>\n\n\n\n<blockquote class=\"wp-block-quote is-layout-flow wp-block-quote-is-layout-flow\"><p>\u00ab\u00a0Il y a des gens qui ne respectent pas les r\u00e8gles. C&rsquo;est quand on se sent invuln\u00e9rable qu&rsquo;on prend le plus de risques\u00a0\u00bb, a regrett\u00e9 Olivier V\u00e9ran.<\/p><\/blockquote>\n\n\n\n<h2 class=\"wp-block-heading\">Il ne faut pas l\u00e2cher maintenant\u00a0\u00bb<\/h2>\n\n\n\n<p>\u00ab\u00a0Les Fran\u00e7ais ont v\u00e9cu des mois extr\u00eamement difficiles, ils ont besoin de prendre du repos, du recul\u00a0\u00bb, mais \u00ab\u00a0il ne faut pas l\u00e2cher maintenant\u00a0\u00bb les gestes de pr\u00e9vention contre le coronavirus, a pr\u00e9venu le ministre, qui participe mercredi au dernier conseil des ministres avant la tr\u00eave estivale. \u00ab\u00a0Le travail qui a \u00e9t\u00e9 fait par les Fran\u00e7ais qui a permis de sauver tant de vies, doit se poursuivre cet \u00e9t\u00e9, m\u00eame quand on en a marre, m\u00eame quand on est avec ses amis, sa famille\u00a0\u00bb, a soulign\u00e9 le ministre, rappelant qu&rsquo;il faut porter le masque, \u00ab\u00a0r\u00e9duire les contacts sociaux, augmenter les distances avec les gens, se laver les mains\u00a0\u00bb. <\/p>\n\n\n\n<blockquote class=\"wp-block-quote is-layout-flow wp-block-quote-is-layout-flow\"><p><\/p><\/blockquote>\n","protected":false},"excerpt":{"rendered":"<p>Le ministre de la Sant\u00e9 appelle toutefois \u00e0 ne pas rel\u00e2cher les efforts, afin d&rsquo;\u00e9viter au maximum cette deuxi\u00e8me vague. La France \u00ab\u00a0n&rsquo;est pas dans une deuxi\u00e8me vague du coronavirus\u00a0\u00bb, mais \u00ab\u00a0il ne faut pas l\u00e2cher\u00a0\u00bb les efforts si on veut l&rsquo;\u00e9viter, a assur\u00e9 ce mercredi le ministre de la Sant\u00e9 Olivier V\u00e9ran&nbsp;sur LCI. \u00ab\u00a0Quelques [&hellip;]<\/p>\n","protected":false},"author":2,"featured_media":16328,"comment_status":"open","ping_status":"open","sticky":false,"template":"","format":"standard","meta":{"_jetpack_memberships_contains_paid_content":false,"footnotes":"","jetpack_publicize_message":"","jetpack_publicize_feature_enabled":true,"jetpack_social_post_already_shared":true,"jetpack_social_options":{"image_generator_settings":{"template":"highway","default_image_id":0,"font":"","enabled":false},"version":2},"_wpas_customize_per_network":false},"categories":[405],"tags":[2817],"class_list":["post-16327","post","type-post","status-publish","format-standard","has-post-thumbnail","hentry","category-actu-france-monde","tag-pour-olivier-veran"],"jetpack_publicize_connections":[],"jetpack_featured_media_url":"https:\/\/i0.wp.com\/www.iceagetv.com\/radiosite\/wp-content\/uploads\/2020\/07\/POUR-OLIVIER-V%C3%89RAN-LA-FRANCE-NEST-PAS-DANS-UNE-DEUXI%C3%88ME-VAGUE.jpg?fit=800%2C450&ssl=1","jetpack_sharing_enabled":true,"_links":{"self":[{"href":"https:\/\/www.iceagetv.com\/radiosite\/wp-json\/wp\/v2\/posts\/16327","targetHints":{"allow":["GET"]}}],"collection":[{"href":"https:\/\/www.iceagetv.com\/radiosite\/wp-json\/wp\/v2\/posts"}],"about":[{"href":"https:\/\/www.iceagetv.com\/radiosite\/wp-json\/wp\/v2\/types\/post"}],"author":[{"embeddable":true,"href":"https:\/\/www.iceagetv.com\/radiosite\/wp-json\/wp\/v2\/users\/2"}],"replies":[{"embeddable":true,"href":"https:\/\/www.iceagetv.com\/radiosite\/wp-json\/wp\/v2\/comments?post=16327"}],"version-history":[{"count":1,"href":"https:\/\/www.iceagetv.com\/radiosite\/wp-json\/wp\/v2\/posts\/16327\/revisions"}],"predecessor-version":[{"id":16329,"href":"https:\/\/www.iceagetv.com\/radiosite\/wp-json\/wp\/v2\/posts\/16327\/revisions\/16329"}],"wp:featuredmedia":[{"embeddable":true,"href":"https:\/\/www.iceagetv.com\/radiosite\/wp-json\/wp\/v2\/media\/16328"}],"wp:attachment":[{"href":"https:\/\/www.iceagetv.com\/radiosite\/wp-json\/wp\/v2\/media?parent=16327"}],"wp:term":[{"taxonomy":"category","embeddable":true,"href":"https:\/\/www.iceagetv.com\/radiosite\/wp-json\/wp\/v2\/categories?post=16327"},{"taxonomy":"post_tag","embeddable":true,"href":"https:\/\/www.iceagetv.com\/radiosite\/wp-json\/wp\/v2\/tags?post=16327"}],"curies":[{"name":"wp","href":"https:\/\/api.w.org\/{rel}","templated":true}]}}