{"id":16338,"date":"2020-08-22T14:21:01","date_gmt":"2020-08-22T14:21:01","guid":{"rendered":"http:\/\/www.iceagetv.com\/radiosite\/?p=16338"},"modified":"2020-08-22T14:21:01","modified_gmt":"2020-08-22T14:21:01","slug":"oradour-sur-glane-tout-sera-fait-pour-poursuivre-les-auteurs-des-tags-assure-emmanuel-macron","status":"publish","type":"post","link":"https:\/\/www.iceagetv.com\/radiosite\/oradour-sur-glane-tout-sera-fait-pour-poursuivre-les-auteurs-des-tags-assure-emmanuel-macron\/","title":{"rendered":"Oradour-sur-Glane : \u00ab Tout sera fait \u00bb pour poursuivre les auteurs des tags, assure Emmanuel Macron"},"content":{"rendered":"\n<p>&nbsp;Tout sera fait&nbsp;\u00bb pour poursuivre les auteurs des&nbsp;<a href=\"https:\/\/www.20minutes.fr\/faits_divers\/2844119-20200821-oradour-glane-tags-centre-memoire-village\">tags d\u00e9couverts au Centre de la m\u00e9moire d&rsquo;Oradour-sur-Glane<\/a>, village martyr de la&nbsp;<a href=\"https:\/\/www.20minutes.fr\/faits_divers\/2844119-20200821-oradour-glane-tags-centre-memoire-village\">Seconde guerre mondiale<\/a>, a r\u00e9agi samedi le pr\u00e9sident de la R\u00e9publique&nbsp;<a href=\"https:\/\/www.20minutes.fr\/politique\/emmanuel-macron\/\">Emmanuel Macron<\/a>, en d\u00e9non\u00e7ant un acte \u00ab&nbsp;inqualifiable&nbsp;\u00bb.<\/p>\n\n\n\n<p>Le chef de l\u2019Etat \u00ab&nbsp;condamne avec la plus grande fermet\u00e9 cet acte inqualifiable. Il apporte tout son soutien au maire et \u00e0 la commune. Il leur assure que tout sera fait pour que les auteurs de cet acte soient traduits en justice&nbsp;\u00bb, a communiqu\u00e9 l\u2019Elys\u00e9e.<\/p>\n\n\n\n<p>Les inscriptions, d\u00e9couvertes vendredi, mettent en cause la r\u00e9alit\u00e9 du massacre de plus de 600 villageois en juin&nbsp;1944. Sur&nbsp;<a href=\"https:\/\/www.lepopulaire.fr\/oradour-sur-glane-87520\/actualites\/des-inscriptions-revisionnistes-a-oradour-sur-glane_13826618\/\">une photo mise en ligne<\/a>&nbsp;par le&nbsp;<em>Populaire du centre<\/em>, on voit le mot \u00ab&nbsp;martyr&nbsp;\u00bb ray\u00e9 \u00e0 la peinture, une b\u00e2che bleue couvrant des inscriptions. Selon le journal, \u00ab&nbsp;le mot \u00ab&nbsp;menteur&nbsp;\u00bb a \u00e9t\u00e9 ajout\u00e9 ainsi qu\u2019une r\u00e9f\u00e9rence \u00e0 un r\u00e9visionniste et \u00e0 des th\u00e9ories qui r\u00e9guli\u00e8rement refont surface \u00e0 propos du village martyr haut-viennois&nbsp;\u00bb. Une enqu\u00eate a \u00e9t\u00e9 ouverte au parquet de&nbsp;<a href=\"https:\/\/www.20minutes.fr\/societe\/limoges\/\">Limoges<\/a>.<\/p>\n","protected":false},"excerpt":{"rendered":"<p>&nbsp;Tout sera fait&nbsp;\u00bb pour poursuivre les auteurs des&nbsp;tags d\u00e9couverts au Centre de la m\u00e9moire d&rsquo;Oradour-sur-Glane, village martyr de la&nbsp;Seconde guerre mondiale, a r\u00e9agi samedi le pr\u00e9sident de la R\u00e9publique&nbsp;Emmanuel Macron, en d\u00e9non\u00e7ant un acte \u00ab&nbsp;inqualifiable&nbsp;\u00bb. Le chef de l\u2019Etat \u00ab&nbsp;condamne avec la plus grande fermet\u00e9 cet acte inqualifiable. Il apporte tout son soutien au maire [&hellip;]<\/p>\n","protected":false},"author":2,"featured_media":16339,"comment_status":"open","ping_status":"open","sticky":false,"template":"","format":"standard","meta":{"_jetpack_memberships_contains_paid_content":false,"footnotes":"","jetpack_publicize_message":"","jetpack_publicize_feature_enabled":true,"jetpack_social_post_already_shared":true,"jetpack_social_options":{"image_generator_settings":{"template":"highway","default_image_id":0,"font":"","enabled":false},"version":2},"_wpas_customize_per_network":false},"categories":[405],"tags":[],"class_list":["post-16338","post","type-post","status-publish","format-standard","has-post-thumbnail","hentry","category-actu-france-monde"],"jetpack_publicize_connections":[],"jetpack_featured_media_url":"https:\/\/i0.wp.com\/www.iceagetv.com\/radiosite\/wp-content\/uploads\/2020\/08\/Oradour-sur-Glane.png?fit=646%2C412&ssl=1","jetpack_sharing_enabled":true,"_links":{"self":[{"href":"https:\/\/www.iceagetv.com\/radiosite\/wp-json\/wp\/v2\/posts\/16338","targetHints":{"allow":["GET"]}}],"collection":[{"href":"https:\/\/www.iceagetv.com\/radiosite\/wp-json\/wp\/v2\/posts"}],"about":[{"href":"https:\/\/www.iceagetv.com\/radiosite\/wp-json\/wp\/v2\/types\/post"}],"author":[{"embeddable":true,"href":"https:\/\/www.iceagetv.com\/radiosite\/wp-json\/wp\/v2\/users\/2"}],"replies":[{"embeddable":true,"href":"https:\/\/www.iceagetv.com\/radiosite\/wp-json\/wp\/v2\/comments?post=16338"}],"version-history":[{"count":1,"href":"https:\/\/www.iceagetv.com\/radiosite\/wp-json\/wp\/v2\/posts\/16338\/revisions"}],"predecessor-version":[{"id":16340,"href":"https:\/\/www.iceagetv.com\/radiosite\/wp-json\/wp\/v2\/posts\/16338\/revisions\/16340"}],"wp:featuredmedia":[{"embeddable":true,"href":"https:\/\/www.iceagetv.com\/radiosite\/wp-json\/wp\/v2\/media\/16339"}],"wp:attachment":[{"href":"https:\/\/www.iceagetv.com\/radiosite\/wp-json\/wp\/v2\/media?parent=16338"}],"wp:term":[{"taxonomy":"category","embeddable":true,"href":"https:\/\/www.iceagetv.com\/radiosite\/wp-json\/wp\/v2\/categories?post=16338"},{"taxonomy":"post_tag","embeddable":true,"href":"https:\/\/www.iceagetv.com\/radiosite\/wp-json\/wp\/v2\/tags?post=16338"}],"curies":[{"name":"wp","href":"https:\/\/api.w.org\/{rel}","templated":true}]}}