{"id":16344,"date":"2020-08-22T14:30:33","date_gmt":"2020-08-22T14:30:33","guid":{"rendered":"http:\/\/www.iceagetv.com\/radiosite\/?p=16344"},"modified":"2020-08-22T14:30:33","modified_gmt":"2020-08-22T14:30:33","slug":"coronavirus-lannonce-du-plan-de-relance-repoussee-dune-semaine","status":"publish","type":"post","link":"https:\/\/www.iceagetv.com\/radiosite\/coronavirus-lannonce-du-plan-de-relance-repoussee-dune-semaine\/","title":{"rendered":"Coronavirus : l&rsquo;annonce du plan de relance repouss\u00e9e d&rsquo;une semaine"},"content":{"rendered":"\n<p> Le gouvernement va repousser \u00e0\u00a0<em>\u00ab\u00a0la premi\u00e8re semaine de septembre\u00a0\u00bb<\/em>\u00a0la pr\u00e9sentation de\u00a0<a rel=\"noreferrer noopener\" href=\"https:\/\/www.francetvinfo.fr\/sante\/maladie\/coronavirus\/plan-de-relance-en-quoi-consiste-t-il_4046619.html\" target=\"_blank\">son plan de relance<\/a>, jusque-l\u00e0 pr\u00e9vue pour mardi 25 ao\u00fbt,\u00a0afin de se consacrer aux \u00e9ch\u00e9ances de la rentr\u00e9e sur le plan sanitaire face \u00e0\u00a0<a rel=\"noreferrer noopener\" href=\"https:\/\/www.francetvinfo.fr\/sante\/maladie\/coronavirus\/\" target=\"_blank\">l&rsquo;\u00e9pid\u00e9mie de Covid-19<\/a>. Le porte-parole du gouvernement, Gabriel Attal, l&rsquo;a annonc\u00e9 samedi 22 ao\u00fbt dans un communiqu\u00e9. <\/p>\n\n\n\n<p>Le plan&nbsp;<em>\u00ab\u00a0est pr\u00eat\u00a0\u00bb<\/em>&nbsp;et&nbsp;le&nbsp;calendrier<em>&nbsp;\u00ab\u00a0est maintenu\u00a0\u00bb<\/em>, assure le&nbsp;porte-parole du gouvernement. Mais&nbsp;les mesures ne seront&nbsp;pr\u00e9sent\u00e9es qu&rsquo;<em>\u00ab\u00a0au lendemain d&rsquo;une rentr\u00e9e dont nous devons d&rsquo;abord assurer les bonnes conditions d&rsquo;organisation\u00a0\u00bb<\/em>, \u00e9crit Gabriel Attal.<\/p>\n\n\n\n<p>Le d\u00e9tail de&nbsp;ce plan de 100 milliards d&rsquo;euros&nbsp;est attendu de pied ferme par les entreprises des secteurs les plus frapp\u00e9s par la crise.&nbsp;L&rsquo;objectif du gouvernement&nbsp;est de retrouver d\u00e8s 2022 un niveau de richesse nationale pour la France \u00e9quivalent au niveau d&rsquo;avant la crise.<\/p>\n\n\n\n<p><\/p>\n","protected":false},"excerpt":{"rendered":"<p>Le gouvernement va repousser \u00e0\u00a0\u00ab\u00a0la premi\u00e8re semaine de septembre\u00a0\u00bb\u00a0la pr\u00e9sentation de\u00a0son plan de relance, jusque-l\u00e0 pr\u00e9vue pour mardi 25 ao\u00fbt,\u00a0afin de se consacrer aux \u00e9ch\u00e9ances de la rentr\u00e9e sur le plan sanitaire face \u00e0\u00a0l&rsquo;\u00e9pid\u00e9mie de Covid-19. Le porte-parole du gouvernement, Gabriel Attal, l&rsquo;a annonc\u00e9 samedi 22 ao\u00fbt dans un communiqu\u00e9. Le plan&nbsp;\u00ab\u00a0est pr\u00eat\u00a0\u00bb&nbsp;et&nbsp;le&nbsp;calendrier&nbsp;\u00ab\u00a0est maintenu\u00a0\u00bb, assure [&hellip;]<\/p>\n","protected":false},"author":2,"featured_media":16345,"comment_status":"open","ping_status":"open","sticky":false,"template":"","format":"standard","meta":{"_jetpack_memberships_contains_paid_content":false,"footnotes":"","jetpack_publicize_message":"","jetpack_publicize_feature_enabled":true,"jetpack_social_post_already_shared":true,"jetpack_social_options":{"image_generator_settings":{"template":"highway","default_image_id":0,"font":"","enabled":false},"version":2},"_wpas_customize_per_network":false},"categories":[405],"tags":[],"class_list":["post-16344","post","type-post","status-publish","format-standard","has-post-thumbnail","hentry","category-actu-france-monde"],"jetpack_publicize_connections":[],"jetpack_featured_media_url":"https:\/\/i0.wp.com\/www.iceagetv.com\/radiosite\/wp-content\/uploads\/2020\/08\/lannonce-du-plan-de-relance-repouss%C3%A9e-dune-semaine.jpg?fit=1200%2C450&ssl=1","jetpack_sharing_enabled":true,"_links":{"self":[{"href":"https:\/\/www.iceagetv.com\/radiosite\/wp-json\/wp\/v2\/posts\/16344","targetHints":{"allow":["GET"]}}],"collection":[{"href":"https:\/\/www.iceagetv.com\/radiosite\/wp-json\/wp\/v2\/posts"}],"about":[{"href":"https:\/\/www.iceagetv.com\/radiosite\/wp-json\/wp\/v2\/types\/post"}],"author":[{"embeddable":true,"href":"https:\/\/www.iceagetv.com\/radiosite\/wp-json\/wp\/v2\/users\/2"}],"replies":[{"embeddable":true,"href":"https:\/\/www.iceagetv.com\/radiosite\/wp-json\/wp\/v2\/comments?post=16344"}],"version-history":[{"count":1,"href":"https:\/\/www.iceagetv.com\/radiosite\/wp-json\/wp\/v2\/posts\/16344\/revisions"}],"predecessor-version":[{"id":16346,"href":"https:\/\/www.iceagetv.com\/radiosite\/wp-json\/wp\/v2\/posts\/16344\/revisions\/16346"}],"wp:featuredmedia":[{"embeddable":true,"href":"https:\/\/www.iceagetv.com\/radiosite\/wp-json\/wp\/v2\/media\/16345"}],"wp:attachment":[{"href":"https:\/\/www.iceagetv.com\/radiosite\/wp-json\/wp\/v2\/media?parent=16344"}],"wp:term":[{"taxonomy":"category","embeddable":true,"href":"https:\/\/www.iceagetv.com\/radiosite\/wp-json\/wp\/v2\/categories?post=16344"},{"taxonomy":"post_tag","embeddable":true,"href":"https:\/\/www.iceagetv.com\/radiosite\/wp-json\/wp\/v2\/tags?post=16344"}],"curies":[{"name":"wp","href":"https:\/\/api.w.org\/{rel}","templated":true}]}}