{"id":16353,"date":"2020-08-23T16:06:55","date_gmt":"2020-08-23T16:06:55","guid":{"rendered":"http:\/\/www.iceagetv.com\/radiosite\/?p=16353"},"modified":"2020-08-23T16:06:55","modified_gmt":"2020-08-23T16:06:55","slug":"le-gouvernent-fait-par-de-son-emotion-apres-les-insultes-racistes-contre-mohamed-boudjellaba-le-nouveau-maire-de-givors-fou-le-camp-bougnoule-si-tu-ne-veux-pas-bruler","status":"publish","type":"post","link":"https:\/\/www.iceagetv.com\/radiosite\/le-gouvernent-fait-par-de-son-emotion-apres-les-insultes-racistes-contre-mohamed-boudjellaba-le-nouveau-maire-de-givors-fou-le-camp-bougnoule-si-tu-ne-veux-pas-bruler\/","title":{"rendered":"Le gouvernent fait par de son \u00e9motion apr\u00e8s les insultes racistes contre Mohamed Boudjellaba, le nouveau maire de Givors : \u00ab\u00a0Fou le camp bougnoule, si tu ne veux pas br\u00fbler&#8230;\u00a0\u00bb"},"content":{"rendered":"\n<p>Le maire divers gauche et EELV de Givors, Mohamed Boudjellaba, a re\u00e7u une lettre anonyme de quatre pages, \u00ab\u00a04 pages de calomnie, de haine raciale et de menaces\u00a0\u00bb, indique l&rsquo;\u00e9lu sur son fil twitter. Mohamed Boudjellaba a tenu \u00e0 rendre publique l&rsquo;affaire en d\u00e9voilant des extraits de ce courrier sur les r\u00e9seaux sociaux&#8230; \u00ab\u00a0Tu sais comment \u00e7a fait une bombe dans une habitation, \u00e7a fait boum\u00a0\u00bb ou encore \u00ab\u00a0Allez fous le camp bougnoule si tu ne veux pas br\u00fbler comme 1 merguez\u00a0\u00bb&#8230; peut-on notamment lire dans ce courrier re\u00e7u vendredi 21 ao\u00fbt.<\/p>\n\n\n\n<p>L&rsquo;auteur de ce courrier rappelle \u00e9galement la r\u00e9cente \u00e9lection de Mohamed Boudjellaba. \u00ab\u00a0Christiane Charnay (la maire sortante) a perdu l\u2019\u00e9lection du 28\/6\/2020 mais elle n\u2019a pas perdu la guerre et la guerre tu vas l&rsquo;avoir &#8230;\u00a0\u00bb<\/p>\n\n\n\n<p>G\u00e9rald Darmanin, mMinistre de l&rsquo;Int\u00e9rieur a fait part de son \u00e9motion avec ce message: \u00ab\u00a0\u00a0\u00bbLa guerre tu vas l&rsquo;avoir bougnoule\u00a0\u00bb.<\/p>\n\n\n\n<p>\u00c9c\u0153ur\u00e9 par ces propos racistes insupportables envers Mohamed Boudjellaba, maire de Givors. S\u2019en prendre \u00e0 un \u00e9lu c\u2019est s&rsquo;en prendre \u00e0 la R\u00e9publique. La haine n&rsquo;a pas sa place dans notre soci\u00e9t\u00e9, nous ne laisserons rien passer.\u00a0\u00bb<\/p>\n\n\n\n<p>De m\u00eame que Eric Dupont-Moretti, Ministre de la justice, qui \u00e9crit sur Twitter: \u00ab\u00a04 pages de r\u00e9pugnances non sign\u00e9es.&nbsp;Une enqu\u00eate est ouverte pour retrouver cet \u00ab&nbsp;anonyme&nbsp;\u00bb et le pr\u00e9senter \u00e0 la Justice. J\u2019adresse tout mon soutien \u00e0 notre compatriote, Monsieur le maire de&nbsp;Givors.\u00a0\u00bb<\/p>\n","protected":false},"excerpt":{"rendered":"<p>Le maire divers gauche et EELV de Givors, Mohamed Boudjellaba, a re\u00e7u une lettre anonyme de quatre pages, \u00ab\u00a04 pages de calomnie, de haine raciale et de menaces\u00a0\u00bb, indique l&rsquo;\u00e9lu sur son fil twitter. Mohamed Boudjellaba a tenu \u00e0 rendre publique l&rsquo;affaire en d\u00e9voilant des extraits de ce courrier sur les r\u00e9seaux sociaux&#8230; \u00ab\u00a0Tu sais [&hellip;]<\/p>\n","protected":false},"author":2,"featured_media":16354,"comment_status":"open","ping_status":"open","sticky":false,"template":"","format":"standard","meta":{"_jetpack_memberships_contains_paid_content":false,"footnotes":"","jetpack_publicize_message":"","jetpack_publicize_feature_enabled":true,"jetpack_social_post_already_shared":true,"jetpack_social_options":{"image_generator_settings":{"template":"highway","default_image_id":0,"font":"","enabled":false},"version":2},"_wpas_customize_per_network":false},"categories":[405],"tags":[],"class_list":["post-16353","post","type-post","status-publish","format-standard","has-post-thumbnail","hentry","category-actu-france-monde"],"jetpack_publicize_connections":[],"jetpack_featured_media_url":"https:\/\/i0.wp.com\/www.iceagetv.com\/radiosite\/wp-content\/uploads\/2020\/08\/Le-gouvernent-fait-par-de-son-%C3%A9motion-apr%C3%A8s-les-insultes-racistes-contre-Mohamed-Boudjellaba.png?fit=683%2C293&ssl=1","jetpack_sharing_enabled":true,"_links":{"self":[{"href":"https:\/\/www.iceagetv.com\/radiosite\/wp-json\/wp\/v2\/posts\/16353","targetHints":{"allow":["GET"]}}],"collection":[{"href":"https:\/\/www.iceagetv.com\/radiosite\/wp-json\/wp\/v2\/posts"}],"about":[{"href":"https:\/\/www.iceagetv.com\/radiosite\/wp-json\/wp\/v2\/types\/post"}],"author":[{"embeddable":true,"href":"https:\/\/www.iceagetv.com\/radiosite\/wp-json\/wp\/v2\/users\/2"}],"replies":[{"embeddable":true,"href":"https:\/\/www.iceagetv.com\/radiosite\/wp-json\/wp\/v2\/comments?post=16353"}],"version-history":[{"count":1,"href":"https:\/\/www.iceagetv.com\/radiosite\/wp-json\/wp\/v2\/posts\/16353\/revisions"}],"predecessor-version":[{"id":16355,"href":"https:\/\/www.iceagetv.com\/radiosite\/wp-json\/wp\/v2\/posts\/16353\/revisions\/16355"}],"wp:featuredmedia":[{"embeddable":true,"href":"https:\/\/www.iceagetv.com\/radiosite\/wp-json\/wp\/v2\/media\/16354"}],"wp:attachment":[{"href":"https:\/\/www.iceagetv.com\/radiosite\/wp-json\/wp\/v2\/media?parent=16353"}],"wp:term":[{"taxonomy":"category","embeddable":true,"href":"https:\/\/www.iceagetv.com\/radiosite\/wp-json\/wp\/v2\/categories?post=16353"},{"taxonomy":"post_tag","embeddable":true,"href":"https:\/\/www.iceagetv.com\/radiosite\/wp-json\/wp\/v2\/tags?post=16353"}],"curies":[{"name":"wp","href":"https:\/\/api.w.org\/{rel}","templated":true}]}}