{"id":16356,"date":"2020-08-24T18:46:07","date_gmt":"2020-08-24T18:46:07","guid":{"rendered":"http:\/\/www.iceagetv.com\/radiosite\/?p=16356"},"modified":"2020-08-24T18:46:07","modified_gmt":"2020-08-24T18:46:07","slug":"coronavirus-avec-22-nouveaux-clusters-depuis-hier-la-france-a-enregistre-1-955-nouveaux-cas-en-24-heures-la-circulation-du-virus-saccelere-chez-les-jeunes","status":"publish","type":"post","link":"https:\/\/www.iceagetv.com\/radiosite\/coronavirus-avec-22-nouveaux-clusters-depuis-hier-la-france-a-enregistre-1-955-nouveaux-cas-en-24-heures-la-circulation-du-virus-saccelere-chez-les-jeunes\/","title":{"rendered":"Coronavirus &#8211; Avec 22 nouveaux clusters depuis hier la France a enregistr\u00e9 1.955 nouveaux cas en 24 heures &#8211; La circulation du virus s&rsquo;acc\u00e9l\u00e8re chez les jeunes"},"content":{"rendered":"\n<p><strong>Avec 22 nouveaux clusters depuis hier la France a enregistr\u00e9 1.955 nouveaux cas en 24 heures.<\/strong>&nbsp;Un chiffre en baisse, mais qui pourrait remonter. Les donn\u00e9es du lundi sont toujours faibles \u00e9tant donn\u00e9 que tous les laboratoires ne sont pas ouverts le dimanche. Le taux de positivit\u00e9 a quant \u00e0 lui atteint 3,6% entre le 15 et le 21 ao\u00fbt. Un chiffre en hausse, qui pousse la DGS \u00e0 dire que la circulation du virus est en \u00ab\u00a0forte progression\u00a0\u00bb, et \u00ab\u00a0plus intense chez les jeunes adultes\u00a0\u00bb.<\/p>\n\n\n\n<p>\u00ab\u00a0L&rsquo;augmentation du taux de positivit\u00e9 des tests se poursuit\u00a0\u00bb, souligne la DGS, notant qu&rsquo;au d\u00e9but de l&rsquo;\u00e9t\u00e9 ce chiffre \u00e9tait \u00e0 1,4%. Les h\u00f4pitaux fran\u00e7ais accueillent cependant moins de patients que la veille. Avec 233 admissions au cours des derni\u00e8res 24 heures, les services Covid-19 accueillent tout de m\u00eame 19 personnes en moins. Au total, 4690 personnes sont hospitalis\u00e9es dont 399 en r\u00e9animation, avec 43 admissions en plus en 24 heures. En tout, 15 d\u00e9c\u00e8s sont \u00e9galement \u00e0 d\u00e9plorer.<\/p>\n\n\n\n<p>\u00ab\u00a0Il y aura des contaminations \u00e0 l&rsquo;\u00e9cole\u00a0\u00bb mais \u00ab\u00a0on va les g\u00e9rer\u00a0\u00bb, a assur\u00e9 lundi le pr\u00e9sident du Conseil scientifique, Jean-Fran\u00e7ois Delfraissy, qui juge \u00ab\u00a0fondamental\u00a0\u00bb que la rentr\u00e9e scolaire pr\u00e9vue le 1er septembre ait lieu malgr\u00e9 le Covid-19.<\/p>\n\n\n\n<p>\u00ab\u00a0Il faut que la rentr\u00e9e puisse se passer. Et j&rsquo;annonce d&#8217;embl\u00e9e qu&rsquo;il y aura des contaminations \u00e0 l&rsquo;\u00e9cole, et qu&rsquo;on va les g\u00e9rer\u00a0\u00bb, a d\u00e9clar\u00e9 sur Franceinfo le pr\u00e9sident de l&rsquo;instance qui conseille le gouvernement pendant la pand\u00e9mie.<\/p>\n\n\n\n<p>\u00ab\u00a0Il y aura des enfants qui vont se contaminer et il y aura probablement quelques enseignants qui vont se contaminer. Eh bien on va le g\u00e9rer\u00a0\u00bb, a-t-il ajout\u00e9.<\/p>\n\n\n\n<p>\u00ab\u00a0On est capable maintenant de tester, il faut qu&rsquo;on fasse un effort majeur sur l&rsquo;isolement (des cas positifs pour \u00e9viter la contagion, NDLR), mais il faut qu&rsquo;on rentre dans cette strat\u00e9gie de gestion de risque\u00a0\u00bb, a-t-il poursuivi, en soulignant qu'\u00a0\u00bbil y a pas de risque z\u00e9ro\u00a0\u00bb.<\/p>\n\n\n\n<p>Le Pr Delfraissy dit s&rsquo;appuyer sur \u00ab\u00a0les connaissances qu&rsquo;on a acquises sur la circulation du virus chez l&rsquo;enfant\u00a0\u00bb.<\/p>\n\n\n\n<p>\u00ab\u00a0Les enfants sont porteurs du virus, mais (&#8230;) en petite quantit\u00e9\u00a0\u00bb, et \u00ab\u00a0les formes graves chez l&rsquo;enfant sont exceptionnelles\u00a0\u00bb, a-t-il rappel\u00e9.<\/p>\n\n\n\n<p>En outre, \u00ab\u00a0la transmission qu&rsquo;on observe \u00e0 l&rsquo;\u00e9cole n&rsquo;est pas des enfants vers les enseignants ou les parents, mais plut\u00f4t des enseignants ou des parents vers les enfants\u00a0\u00bb.<\/p>\n\n\n\n<p>\u00ab\u00a0Il est fondamental que l&rsquo;\u00e9cole reprenne\u00a0\u00bb, a plaid\u00e9 le scientifique.<\/p>\n\n\n\n<p>\u00ab\u00a0On ne peut pas laisser cette g\u00e9n\u00e9ration d&rsquo;enfants sans reprendre\u00a0\u00bb, a-t-il insist\u00e9, en mettant en avant le \u00ab\u00a0r\u00f4le de prise en charge sociale\u00a0\u00bb de l&rsquo;\u00e9cole pour \u00ab\u00a0les enfants des familles les plus d\u00e9favoris\u00e9es\u00a0\u00bb.<\/p>\n\n\n\n<p>En cas d&rsquo;infection av\u00e9r\u00e9e, \u00ab\u00a0on peut fermer la classe\u00a0\u00bb, a dit le Pr Delfraissy. \u00ab\u00a0Fermer l&rsquo;\u00e9cole, il faudra bien y r\u00e9fl\u00e9chir, \u00e7a va d\u00e9pendre de l&rsquo;environnement qu&rsquo;il y a autour de cette \u00e9cole en g\u00e9n\u00e9ral\u00a0\u00bb.<\/p>\n\n\n\n<p>Il n&rsquo;est pas favorable \u00e0 un d\u00e9pistage r\u00e9gulier des enseignants: \u00ab\u00a0On ne va pas (les) tester toutes les semaines ou tous les 15 jours. C&rsquo;est pas possible\u00a0\u00bb.<\/p>\n\n\n\n<p>Mais \u00ab\u00a0\u00e0 la moindre suspicion \u00e0 la fois \u00e0 l&rsquo;int\u00e9rieur d&rsquo;une classe, d&rsquo;une relation familiale ou d&rsquo;un enseignant qui a \u00e9t\u00e9 contact, oui, l\u00e0, on teste de fa\u00e7on tr\u00e8s tr\u00e8s large\u00a0\u00bb.<\/p>\n\n\n\n<p>Enfin, le Pr Delfraissy ne serait \u00ab\u00a0pas contre\u00a0\u00bb la mise \u00e0 disposition gratuite de masques \u00e0 l&rsquo;\u00e9cole.<\/p>\n\n\n\n<p><strong>&nbsp;Le point sur la situation ce matin<br><\/strong><\/p>\n\n\n\n<p>La situation sanitaire li\u00e9e \u00e0 l\u2019\u00e9pid\u00e9mie de coronavirus continue de se d\u00e9grader dans le monde, notamment en France et en Italie, alimentant la crainte d\u2019une deuxi\u00e8me vague, au moment o\u00f9 les Etats-Unis font na\u00eetre l\u2019espoir d\u2019un traitement au plasma.<\/p>\n\n\n\n<p>Touch\u00e9e de plein fouet en mars par l\u2019\u00e9pid\u00e9mie qui avait mis son syst\u00e8me hospitalier \u00e0 rude \u00e9preuve, l\u2019Italie est confront\u00e9e depuis plusieurs jours \u00e0 une nette reprise de la circulation du virus favoris\u00e9e notamment par les d\u00e9placements et les activit\u00e9s estivales des vacanciers.<\/p>\n\n\n\n<p>Selon le dernier bilan officiel publi\u00e9 dimanche, 1.210 nouveaux cas de coronavirus ont ainsi \u00e9t\u00e9 recens\u00e9s dans le pays en l\u2019espace de vingt-quatre heures. Un tiers des cas enregistr\u00e9s dans la r\u00e9gion de Rome sont li\u00e9s \u00e0 des s\u00e9jours en Sardaigne.<\/p>\n\n\n\n<p>En d\u00e9pit de cette brusque hausse de la courbe de contagion, le ministre italien de la Sant\u00e9, Roberto Speranza, s\u2019est voulu rassurant dimanche, en jugeant que la situation \u00e9tait sous contr\u00f4le et en excluant un reconfinement g\u00e9n\u00e9ral de son pays.<\/p>\n\n\n\n<p>Au niveau local toutefois, l\u2019inqui\u00e9tude grandit. Le pr\u00e9sident de Campanie (autour de Naples) a ainsi sugg\u00e9r\u00e9 de limiter de nouveau les d\u00e9placements entre r\u00e9gions d\u2019ici la rentr\u00e9e.<\/p>\n\n\n\n<p>Aux \u00c9tats-Unis, le pr\u00e9sident Donald Trump a donn\u00e9 son feu vert dimanche \u00e0 la transfusion du plasma sanguin de personnes gu\u00e9ries du coronavirus \u00e0 des patients hospitalis\u00e9s &#8211; un traitement dont l\u2019efficacit\u00e9 fait toutefois encore d\u00e9bat.<\/p>\n\n\n\n<p>Donald Trump a qualifi\u00e9 l\u2019annonce de \u00abperc\u00e9e historique\u00bb pour le traitement du Covid-19, de nature \u00e0 \u00absauver un nombre incalculable de vies\u00bb.<\/p>\n\n\n\n<p>L\u2019agence am\u00e9ricaine du m\u00e9dicament (FDA) a n\u00e9anmoins rappel\u00e9 qu\u2019il n\u2019existait pas, pour l\u2019heure, de preuve formelle que l\u2019utilisation de plasma \u00e9tait efficace.<\/p>\n\n\n\n<p>\u00abLe plasma de personnes convalescentes marche probablement, m\u00eame s\u2019il faudrait le confirmer par des essais cliniques, mais pas comme traitement d\u2019urgence pour des patients gravement atteints\u00bb, pr\u00e9vient le Dr Len Horovitz, interne sp\u00e9cialis\u00e9 en pneumologie \u00e0 l\u2019h\u00f4pital Lenox Hill de New York.<\/p>\n\n\n\n<p>Du c\u00f4t\u00e9 de la France, la situation elle aussi se d\u00e9grade. Plus de 4.500 nouveaux cas de Covid-19 ont \u00e9t\u00e9 enregistr\u00e9s au cours des derni\u00e8res 24 heures, selon les chiffres publi\u00e9s dimanche par Sant\u00e9 Publique France.<\/p>\n\n\n\n<p>Au total, 4.897 nouveaux diagnostics positifs ont \u00e9t\u00e9 enregistr\u00e9s, contre 3.602 samedi.<\/p>\n\n\n\n<p>\u00abNous sommes dans une situation \u00e0 risques\u00bb face au Covid-19, a mis en garde le ministre de la Sant\u00e9 Olivier V\u00e9ran dans un entretien au Journal du Dimanche. \u00abLe risque\u00bb, a-t-il insist\u00e9, \u00abc\u2019est que, apr\u00e8s avoir enlev\u00e9 doucement le couvercle de la casserole, l\u2019eau se remette \u00e0 bouillir\u00bb.<\/p>\n\n\n\n<p>Comme en Italie, un reconfinement g\u00e9n\u00e9ral n\u2019est toutefois pas \u00e0 l\u2019ordre du jour, les autorit\u00e9s privil\u00e9giant \u00e0 ce stade des mesures territorialis\u00e9es et promettant des contr\u00f4les renforc\u00e9s.<\/p>\n\n\n\n<p>Des contr\u00f4les \u00e0 l\u2019image de ceux effectu\u00e9s par les forces de l\u2019ordre dimanche soir \u00e0 Paris en marge de la retransmission de la finale de la Ligue des Champions entre le PSG et le Bayern Munich. Selon la pr\u00e9fecture de police, 274 personnes ont \u00e9t\u00e9 verbalis\u00e9es pour absence de port du masque, notamment dans un bar \u00e9vacu\u00e9 \u00e0 proximit\u00e9 des Champs-Elys\u00e9es.<\/p>\n\n\n\n<p>Au total, depuis son apparition en d\u00e9cembre dernier en Chine, la pand\u00e9mie a fait au moins 805.470 morts dans le monde, selon un bilan \u00e9tabli par l\u2019AFP dimanche \u00e0 partir de sources officielles.<\/p>\n\n\n\n<p>Les Etats-Unis sont le pays le plus endeuill\u00e9 avec 176.765 morts. Viennent ensuite le Br\u00e9sil (114.250), le Mexique (60.254), l\u2019Inde (56.706) et le Royaume-Uni (41.423).<\/p>\n\n\n\n<p><\/p>\n\n\n\n<p><\/p>\n","protected":false},"excerpt":{"rendered":"<p>Avec 22 nouveaux clusters depuis hier la France a enregistr\u00e9 1.955 nouveaux cas en 24 heures.&nbsp;Un chiffre en baisse, mais qui pourrait remonter. Les donn\u00e9es du lundi sont toujours faibles \u00e9tant donn\u00e9 que tous les laboratoires ne sont pas ouverts le dimanche. Le taux de positivit\u00e9 a quant \u00e0 lui atteint 3,6% entre le 15 [&hellip;]<\/p>\n","protected":false},"author":2,"featured_media":16357,"comment_status":"open","ping_status":"open","sticky":false,"template":"","format":"standard","meta":{"_jetpack_memberships_contains_paid_content":false,"footnotes":"","jetpack_publicize_message":"","jetpack_publicize_feature_enabled":true,"jetpack_social_post_already_shared":true,"jetpack_social_options":{"image_generator_settings":{"template":"highway","default_image_id":0,"font":"","enabled":false},"version":2},"_wpas_customize_per_network":false},"categories":[405],"tags":[],"class_list":["post-16356","post","type-post","status-publish","format-standard","has-post-thumbnail","hentry","category-actu-france-monde"],"jetpack_publicize_connections":[],"jetpack_featured_media_url":"https:\/\/i0.wp.com\/www.iceagetv.com\/radiosite\/wp-content\/uploads\/2020\/08\/Avec-22-nouveaux-clusters-depuis-hier-la-France-a-enregistr%C3%A9-1.955-nouveaux-cas-en-24-heures.png?fit=609%2C264&ssl=1","jetpack_sharing_enabled":true,"_links":{"self":[{"href":"https:\/\/www.iceagetv.com\/radiosite\/wp-json\/wp\/v2\/posts\/16356","targetHints":{"allow":["GET"]}}],"collection":[{"href":"https:\/\/www.iceagetv.com\/radiosite\/wp-json\/wp\/v2\/posts"}],"about":[{"href":"https:\/\/www.iceagetv.com\/radiosite\/wp-json\/wp\/v2\/types\/post"}],"author":[{"embeddable":true,"href":"https:\/\/www.iceagetv.com\/radiosite\/wp-json\/wp\/v2\/users\/2"}],"replies":[{"embeddable":true,"href":"https:\/\/www.iceagetv.com\/radiosite\/wp-json\/wp\/v2\/comments?post=16356"}],"version-history":[{"count":1,"href":"https:\/\/www.iceagetv.com\/radiosite\/wp-json\/wp\/v2\/posts\/16356\/revisions"}],"predecessor-version":[{"id":16358,"href":"https:\/\/www.iceagetv.com\/radiosite\/wp-json\/wp\/v2\/posts\/16356\/revisions\/16358"}],"wp:featuredmedia":[{"embeddable":true,"href":"https:\/\/www.iceagetv.com\/radiosite\/wp-json\/wp\/v2\/media\/16357"}],"wp:attachment":[{"href":"https:\/\/www.iceagetv.com\/radiosite\/wp-json\/wp\/v2\/media?parent=16356"}],"wp:term":[{"taxonomy":"category","embeddable":true,"href":"https:\/\/www.iceagetv.com\/radiosite\/wp-json\/wp\/v2\/categories?post=16356"},{"taxonomy":"post_tag","embeddable":true,"href":"https:\/\/www.iceagetv.com\/radiosite\/wp-json\/wp\/v2\/tags?post=16356"}],"curies":[{"name":"wp","href":"https:\/\/api.w.org\/{rel}","templated":true}]}}