{"id":16363,"date":"2020-08-27T08:15:24","date_gmt":"2020-08-27T08:15:24","guid":{"rendered":"http:\/\/www.iceagetv.com\/radiosite\/?p=16363"},"modified":"2020-08-27T08:15:24","modified_gmt":"2020-08-27T08:15:24","slug":"nouvelle-zelande-lauteur-des-attentats-de-christchurch-condamne-a-la-prison-a-vie","status":"publish","type":"post","link":"https:\/\/www.iceagetv.com\/radiosite\/nouvelle-zelande-lauteur-des-attentats-de-christchurch-condamne-a-la-prison-a-vie\/","title":{"rendered":"Nouvelle-Z\u00e9lande : l&rsquo;auteur des attentats de Christchurch condamn\u00e9 \u00e0 la prison \u00e0 vie"},"content":{"rendered":"\n<p>C&rsquo;est une peine&nbsp;sans pr\u00e9c\u00e9dent dans l&rsquo;histoire de la Nouvelle-Z\u00e9lande.&nbsp;L&rsquo;<a href=\"https:\/\/www.francetvinfo.fr\/monde\/asie\/attentats-a-christchurch\/\">auteur des attentats&nbsp;de Christchurch<\/a>, Brenton Tarrant, a \u00e9t\u00e9 condamn\u00e9 jeudi 27 ao\u00fbt \u00e0 la prison \u00e0 perp\u00e9tuit\u00e9 sans possibilit\u00e9 de lib\u00e9ration conditionnelle pour avoir assassin\u00e9 51 fid\u00e8les musulmans dans des mosqu\u00e9es, le 15 mars 2019.&nbsp;<em>\u00ab\u00a0C&rsquo;\u00e9tait brutal et sans piti\u00e9. Vos actions \u00e9taient inhumaines\u00a0\u00bb<\/em>, a justifi\u00e9 le juge Cameron Mander.<\/p>\n\n\n\n<p>Lors de l&rsquo;\u00e9nonc\u00e9 de la peine, le magistrat a soulign\u00e9&nbsp;que derri\u00e8re l&rsquo;id\u00e9ologie&nbsp;<em>\u00ab\u00a0<\/em><em>tordue\u00a0\u00bb<\/em>&nbsp;de&nbsp;ce supr\u00e9maciste blanc australien&nbsp;de 29 ans se cachait une&nbsp;<em>\u00ab\u00a0profonde haine\u00a0\u00bb<\/em>&nbsp;qui l&rsquo;a conduit \u00e0 attaquer des hommes, des femmes et des enfants sans d\u00e9fense.&nbsp;<em>\u00ab\u00a0<\/em><em>Il revient \u00e0 la Cour d&rsquo;apporter une r\u00e9ponse de rejet cat\u00e9gorique face \u00e0 des malfaisances aussi haineuses\u00a0\u00bb<\/em>, a encore d\u00e9clar\u00e9 le juge.<\/p>\n\n\n\n<h2 class=\"wp-block-heading\">Condamnation salu\u00e9e par la Premi\u00e8re ministre<\/h2>\n\n\n\n<p>La premi\u00e8re ministre n\u00e9o-z\u00e9landaise, Jacinda Ardern, a\u00a0r\u00e9agi\u00a0\u00e0 la condamnation \u00e0 perp\u00e9tuit\u00e9 de Brenton Tarrant.\u00a0<em>\u00ab\u00a0Le traumatisme du 15\u00a0mars n&rsquo;est pas facile \u00e0 gu\u00e9rir, mais aujourd&rsquo;hui j&rsquo;esp\u00e8re que c&rsquo;est la derni\u00e8re fois que nous avons \u00e0 entendre ou \u00e0 prononcer le nom du terroriste qui en est responsable\u00a0\u00bb<\/em>, a-t-elle d\u00e9clar\u00e9. Brenton Tarrant avait plaid\u00e9 coupable des 51 meurtres, de 40 tentatives de meurtre et d&rsquo;un acte terroriste. <\/p>\n","protected":false},"excerpt":{"rendered":"<p>C&rsquo;est une peine&nbsp;sans pr\u00e9c\u00e9dent dans l&rsquo;histoire de la Nouvelle-Z\u00e9lande.&nbsp;L&rsquo;auteur des attentats&nbsp;de Christchurch, Brenton Tarrant, a \u00e9t\u00e9 condamn\u00e9 jeudi 27 ao\u00fbt \u00e0 la prison \u00e0 perp\u00e9tuit\u00e9 sans possibilit\u00e9 de lib\u00e9ration conditionnelle pour avoir assassin\u00e9 51 fid\u00e8les musulmans dans des mosqu\u00e9es, le 15 mars 2019.&nbsp;\u00ab\u00a0C&rsquo;\u00e9tait brutal et sans piti\u00e9. Vos actions \u00e9taient inhumaines\u00a0\u00bb, a justifi\u00e9 le juge [&hellip;]<\/p>\n","protected":false},"author":2,"featured_media":16364,"comment_status":"open","ping_status":"open","sticky":false,"template":"","format":"standard","meta":{"_jetpack_memberships_contains_paid_content":false,"footnotes":"","jetpack_publicize_message":"","jetpack_publicize_feature_enabled":true,"jetpack_social_post_already_shared":true,"jetpack_social_options":{"image_generator_settings":{"template":"highway","default_image_id":0,"font":"","enabled":false},"version":2},"_wpas_customize_per_network":false},"categories":[405],"tags":[],"class_list":["post-16363","post","type-post","status-publish","format-standard","has-post-thumbnail","hentry","category-actu-france-monde"],"jetpack_publicize_connections":[],"jetpack_featured_media_url":"https:\/\/i0.wp.com\/www.iceagetv.com\/radiosite\/wp-content\/uploads\/2020\/08\/lauteur-des-attentats-de-Christchurch-condamn%C3%A9-%C3%A0-la-prison-%C3%A0-vie.jpg?fit=1197%2C450&ssl=1","jetpack_sharing_enabled":true,"_links":{"self":[{"href":"https:\/\/www.iceagetv.com\/radiosite\/wp-json\/wp\/v2\/posts\/16363","targetHints":{"allow":["GET"]}}],"collection":[{"href":"https:\/\/www.iceagetv.com\/radiosite\/wp-json\/wp\/v2\/posts"}],"about":[{"href":"https:\/\/www.iceagetv.com\/radiosite\/wp-json\/wp\/v2\/types\/post"}],"author":[{"embeddable":true,"href":"https:\/\/www.iceagetv.com\/radiosite\/wp-json\/wp\/v2\/users\/2"}],"replies":[{"embeddable":true,"href":"https:\/\/www.iceagetv.com\/radiosite\/wp-json\/wp\/v2\/comments?post=16363"}],"version-history":[{"count":1,"href":"https:\/\/www.iceagetv.com\/radiosite\/wp-json\/wp\/v2\/posts\/16363\/revisions"}],"predecessor-version":[{"id":16365,"href":"https:\/\/www.iceagetv.com\/radiosite\/wp-json\/wp\/v2\/posts\/16363\/revisions\/16365"}],"wp:featuredmedia":[{"embeddable":true,"href":"https:\/\/www.iceagetv.com\/radiosite\/wp-json\/wp\/v2\/media\/16364"}],"wp:attachment":[{"href":"https:\/\/www.iceagetv.com\/radiosite\/wp-json\/wp\/v2\/media?parent=16363"}],"wp:term":[{"taxonomy":"category","embeddable":true,"href":"https:\/\/www.iceagetv.com\/radiosite\/wp-json\/wp\/v2\/categories?post=16363"},{"taxonomy":"post_tag","embeddable":true,"href":"https:\/\/www.iceagetv.com\/radiosite\/wp-json\/wp\/v2\/tags?post=16363"}],"curies":[{"name":"wp","href":"https:\/\/api.w.org\/{rel}","templated":true}]}}