{"id":16385,"date":"2020-08-29T07:01:55","date_gmt":"2020-08-29T07:01:55","guid":{"rendered":"http:\/\/www.iceagetv.com\/radiosite\/?p=16385"},"modified":"2020-08-29T07:01:55","modified_gmt":"2020-08-29T07:01:55","slug":"apres-les-terribles-rumeurs-sur-sa-sante-bernard-tapie-sexprime-et-se-veut-optimiste-malgre-la-fatigue-rassurez-vous-ca-va-aller-il-y-a-pire-que-moi","status":"publish","type":"post","link":"https:\/\/www.iceagetv.com\/radiosite\/apres-les-terribles-rumeurs-sur-sa-sante-bernard-tapie-sexprime-et-se-veut-optimiste-malgre-la-fatigue-rassurez-vous-ca-va-aller-il-y-a-pire-que-moi\/","title":{"rendered":"Apr\u00e8s les terribles rumeurs sur sa sant\u00e9, Bernard Tapie s&rsquo;exprime et se veut optimiste malgr\u00e9 la fatigue : \u00ab\u00a0Rassurez-vous, \u00e7a va aller\u2026 Il y a pire que moi\u00a0\u00bb"},"content":{"rendered":"\n<p>Alors que de terribles rumeurs circulent sur sa sant\u00e9, depuis quelques heures, Bernard Tapie a tenu \u00e0 donn\u00e9 en personne de ses nouvelles. Interrog\u00e9, ce matin par nos confr\u00e8res du&nbsp;<a href=\"https:\/\/www.leparisien.fr\/sports\/bernard-tapie-repond-aux-rumeurs-sur-sa-mort-rassurez-vous-ca-va-aller-28-08-2020-8374836.php\" target=\"_blank\" rel=\"noreferrer noopener\">Parisien<\/a>&nbsp;, il affirme:&nbsp;<\/p>\n\n\n\n<p>\u00abRassurez-vous, \u00e7a va aller\u2026, confie-t-il fatigu\u00e9, la voix \u00e9raill\u00e9e. Vous savez ici, il y a pire que moi. A c\u00f4t\u00e9 de moi, il y a une jeune m\u00e8re de famille de 37 ans avec une tumeur au cerveau.\u00bb&nbsp;<\/p>\n\n\n\n<p>Hier, une terrible erreur de la cha\u00eene L&rsquo;Equipe a annonc\u00e9 dans une bandeau rouge \u00e0 l&rsquo;antenne la disparition de l&rsquo;homme d&rsquo;affaire, avant que la cha\u00eene ne pr\u00e9sente ses excuses.<\/p>\n\n\n\n<p>Bernard Tapie est actuellement soign\u00e9 en Belgique o\u00f9 il suit un traitement exp\u00e9rimental, au rythme de deux visites par mois.<\/p>\n\n\n\n<p>Il y est pris en charge par Eric Van Cutsem, un m\u00e9decin qui a lui a \u00e9t\u00e9 conseill\u00e9. \u00abLes professeurs qui me soignent en France, voyant que les traitements que je recevais depuis deux ans ne donnaient pas de bons r\u00e9sultats, ont cherch\u00e9 si, dans le monde, il existait \u00e9ventuellement d\u2019autres possibilit\u00e9s\u00bb, r\u00e9v\u00e8le l\u2019homme d\u2019affaires de 77 ans dans les colonnes de \u00ab<a href=\"https:\/\/soirmag.lesoir.be\/321335\/article\/2020-08-27\/en-guerre-contre-son-double-cancer-bernard-tapie-completement-perdu-sa-voix\" target=\"_blank\" rel=\"noreferrer noopener\">Soir Mag<\/a>\u00bb. Une alternative qui a port\u00e9 ses fruits puisqu\u2019il dit: \u00abSans mon traitement \u00e0 Louvain, je serais d\u00e9j\u00e0 mort!\u00bb<\/p>\n\n\n\n<p>\u00abLe traitement a des r\u00e9sultats tr\u00e8s significatifs quant \u00e0 leur efficacit\u00e9 sur la tumeur, mais la difficult\u00e9, c\u2019est d\u2019arriver \u00e0 en supporter les cons\u00e9quences\u00bb, a-t-il ainsi expliqu\u00e9. Son c\u0153ur est mis \u00e0 rude \u00e9preuve et il est sous assistance respiratoire. \u00abJe me sens donc actuellement beaucoup plus mal\u00bb, a d\u00e9plor\u00e9 Bernard Tapie. \u00abC\u2019est tr\u00e8s violent\u00bb.<\/p>\n","protected":false},"excerpt":{"rendered":"<p>Alors que de terribles rumeurs circulent sur sa sant\u00e9, depuis quelques heures, Bernard Tapie a tenu \u00e0 donn\u00e9 en personne de ses nouvelles. Interrog\u00e9, ce matin par nos confr\u00e8res du&nbsp;Parisien&nbsp;, il affirme:&nbsp; \u00abRassurez-vous, \u00e7a va aller\u2026, confie-t-il fatigu\u00e9, la voix \u00e9raill\u00e9e. Vous savez ici, il y a pire que moi. A c\u00f4t\u00e9 de moi, il [&hellip;]<\/p>\n","protected":false},"author":2,"featured_media":16386,"comment_status":"open","ping_status":"open","sticky":false,"template":"","format":"standard","meta":{"_jetpack_memberships_contains_paid_content":false,"footnotes":"","jetpack_publicize_message":"","jetpack_publicize_feature_enabled":true,"jetpack_social_post_already_shared":true,"jetpack_social_options":{"image_generator_settings":{"template":"highway","default_image_id":0,"font":"","enabled":false},"version":2},"_wpas_customize_per_network":false},"categories":[68],"tags":[],"class_list":["post-16385","post","type-post","status-publish","format-standard","has-post-thumbnail","hentry","category-actu-culturelle"],"jetpack_publicize_connections":[],"jetpack_featured_media_url":"https:\/\/i0.wp.com\/www.iceagetv.com\/radiosite\/wp-content\/uploads\/2020\/08\/Apr%C3%A8s-les-terribles-rumeurs-sur-sa-sant%C3%A9.png?fit=626%2C279&ssl=1","jetpack_sharing_enabled":true,"_links":{"self":[{"href":"https:\/\/www.iceagetv.com\/radiosite\/wp-json\/wp\/v2\/posts\/16385","targetHints":{"allow":["GET"]}}],"collection":[{"href":"https:\/\/www.iceagetv.com\/radiosite\/wp-json\/wp\/v2\/posts"}],"about":[{"href":"https:\/\/www.iceagetv.com\/radiosite\/wp-json\/wp\/v2\/types\/post"}],"author":[{"embeddable":true,"href":"https:\/\/www.iceagetv.com\/radiosite\/wp-json\/wp\/v2\/users\/2"}],"replies":[{"embeddable":true,"href":"https:\/\/www.iceagetv.com\/radiosite\/wp-json\/wp\/v2\/comments?post=16385"}],"version-history":[{"count":1,"href":"https:\/\/www.iceagetv.com\/radiosite\/wp-json\/wp\/v2\/posts\/16385\/revisions"}],"predecessor-version":[{"id":16387,"href":"https:\/\/www.iceagetv.com\/radiosite\/wp-json\/wp\/v2\/posts\/16385\/revisions\/16387"}],"wp:featuredmedia":[{"embeddable":true,"href":"https:\/\/www.iceagetv.com\/radiosite\/wp-json\/wp\/v2\/media\/16386"}],"wp:attachment":[{"href":"https:\/\/www.iceagetv.com\/radiosite\/wp-json\/wp\/v2\/media?parent=16385"}],"wp:term":[{"taxonomy":"category","embeddable":true,"href":"https:\/\/www.iceagetv.com\/radiosite\/wp-json\/wp\/v2\/categories?post=16385"},{"taxonomy":"post_tag","embeddable":true,"href":"https:\/\/www.iceagetv.com\/radiosite\/wp-json\/wp\/v2\/tags?post=16385"}],"curies":[{"name":"wp","href":"https:\/\/api.w.org\/{rel}","templated":true}]}}