{"id":16392,"date":"2020-08-30T10:01:23","date_gmt":"2020-08-30T10:01:23","guid":{"rendered":"http:\/\/www.iceagetv.com\/radiosite\/?p=16392"},"modified":"2020-08-30T10:01:23","modified_gmt":"2020-08-30T10:01:23","slug":"le-ministere-des-armees-a-saisi-la-justice-contre-un-officier-francais-pour-atteinte-a-la-securite","status":"publish","type":"post","link":"https:\/\/www.iceagetv.com\/radiosite\/le-ministere-des-armees-a-saisi-la-justice-contre-un-officier-francais-pour-atteinte-a-la-securite\/","title":{"rendered":"Le minist\u00e8re des Arm\u00e9es a saisi la justice contre un officier fran\u00e7ais pour \u00abatteinte \u00e0 la s\u00e9curit\u00e9\u00bb"},"content":{"rendered":"\n<p>Le gouvernement fran\u00e7ais a saisi la justice \u00e0 l&rsquo;encontre d&rsquo;un officier pour&nbsp;<em>\u00abatteinte \u00e0 la s\u00e9curit\u00e9\u00bb<\/em>, a annonc\u00e9 dimanche 30 ao\u00fbt la ministre des Arm\u00e9es Florence Parly sur Europe 1.&nbsp;<em>\u00abCe que je peux confirmer, c&rsquo;est qu&rsquo;un officier sup\u00e9rieur est sous le coup d&rsquo;une proc\u00e9dure judiciaire pour atteinte \u00e0 la s\u00e9curit\u00e9\u00bb<\/em>, a-t-elle d\u00e9clar\u00e9.<\/p>\n\n\n\n<p>Selon le minist\u00e8re des Arm\u00e9es, il s&rsquo;agirait de&nbsp;<em>\u00abfaits de nature \u00e0 causer de graves failles de s\u00e9curit\u00e9\u00bb,<\/em>&nbsp;rapporte&nbsp;<a target=\"_blank\" rel=\"noreferrer noopener\" href=\"https:\/\/www.ouest-france.fr\/politique\/defense\/un-officier-francais-suspecte-d-espionnage-au-profit-de-la-russie-6952663\"><em>Ouest France<\/em>&nbsp;<\/a>.<\/p>\n\n\n\n<h2 class=\"wp-block-heading\">Plac\u00e9 en d\u00e9tention provisoire \u00e0 la Sant\u00e9<\/h2>\n\n\n\n<p>D&rsquo;apr\u00e8s&nbsp;<a target=\"_blank\" rel=\"noreferrer noopener\" href=\"https:\/\/www.europe1.fr\/politique\/un-militaire-soupconne-de-trahison-nous-avons-pris-toutes-les-mesures-de-sauvegarde-necessaires-assure-parly-3988499\">Europe 1<\/a>, ce lieutenant-colonel, en poste sur une base de l&rsquo;Otan en Italie, a \u00e9t\u00e9 interpell\u00e9 \u00e0 la fin de ses vacances par la Direction g\u00e9n\u00e9rale de la s\u00e9curit\u00e9 int\u00e9rieure (DGSI), mis en examen et plac\u00e9 en d\u00e9tention provisoire \u00e0 la prison parisienne de la Sant\u00e9 pour avoir transmis des documents hautement sensibles \u00e0 la Russie.<\/p>\n\n\n\n<p><em>\u00abNous avons pris toutes les mesures de sauvegarde n\u00e9cessaires. Maintenant, il faut que la justice puisse faire son travail dans le respect du secret de l&rsquo;instruction. C&rsquo;est \u00e0 la justice de dire de quoi il est coupable et s&rsquo;il est coupable<\/em>\u00bb, a ajout\u00e9 Florence Parly.<\/p>\n","protected":false},"excerpt":{"rendered":"<p>Le gouvernement fran\u00e7ais a saisi la justice \u00e0 l&rsquo;encontre d&rsquo;un officier pour&nbsp;\u00abatteinte \u00e0 la s\u00e9curit\u00e9\u00bb, a annonc\u00e9 dimanche 30 ao\u00fbt la ministre des Arm\u00e9es Florence Parly sur Europe 1.&nbsp;\u00abCe que je peux confirmer, c&rsquo;est qu&rsquo;un officier sup\u00e9rieur est sous le coup d&rsquo;une proc\u00e9dure judiciaire pour atteinte \u00e0 la s\u00e9curit\u00e9\u00bb, a-t-elle d\u00e9clar\u00e9. Selon le minist\u00e8re des [&hellip;]<\/p>\n","protected":false},"author":2,"featured_media":16393,"comment_status":"open","ping_status":"open","sticky":false,"template":"","format":"standard","meta":{"_jetpack_memberships_contains_paid_content":false,"footnotes":"","jetpack_publicize_message":"","jetpack_publicize_feature_enabled":true,"jetpack_social_post_already_shared":true,"jetpack_social_options":{"image_generator_settings":{"template":"highway","default_image_id":0,"font":"","enabled":false},"version":2},"_wpas_customize_per_network":false},"categories":[405],"tags":[],"class_list":["post-16392","post","type-post","status-publish","format-standard","has-post-thumbnail","hentry","category-actu-france-monde"],"jetpack_publicize_connections":[],"jetpack_featured_media_url":"https:\/\/i0.wp.com\/www.iceagetv.com\/radiosite\/wp-content\/uploads\/2020\/08\/Le-minist%C3%A8re-des-Arm%C3%A9es-a-saisi-la-justice-contre-un-officier-fran%C3%A7ais.png?fit=364%2C214&ssl=1","jetpack_sharing_enabled":true,"_links":{"self":[{"href":"https:\/\/www.iceagetv.com\/radiosite\/wp-json\/wp\/v2\/posts\/16392","targetHints":{"allow":["GET"]}}],"collection":[{"href":"https:\/\/www.iceagetv.com\/radiosite\/wp-json\/wp\/v2\/posts"}],"about":[{"href":"https:\/\/www.iceagetv.com\/radiosite\/wp-json\/wp\/v2\/types\/post"}],"author":[{"embeddable":true,"href":"https:\/\/www.iceagetv.com\/radiosite\/wp-json\/wp\/v2\/users\/2"}],"replies":[{"embeddable":true,"href":"https:\/\/www.iceagetv.com\/radiosite\/wp-json\/wp\/v2\/comments?post=16392"}],"version-history":[{"count":1,"href":"https:\/\/www.iceagetv.com\/radiosite\/wp-json\/wp\/v2\/posts\/16392\/revisions"}],"predecessor-version":[{"id":16394,"href":"https:\/\/www.iceagetv.com\/radiosite\/wp-json\/wp\/v2\/posts\/16392\/revisions\/16394"}],"wp:featuredmedia":[{"embeddable":true,"href":"https:\/\/www.iceagetv.com\/radiosite\/wp-json\/wp\/v2\/media\/16393"}],"wp:attachment":[{"href":"https:\/\/www.iceagetv.com\/radiosite\/wp-json\/wp\/v2\/media?parent=16392"}],"wp:term":[{"taxonomy":"category","embeddable":true,"href":"https:\/\/www.iceagetv.com\/radiosite\/wp-json\/wp\/v2\/categories?post=16392"},{"taxonomy":"post_tag","embeddable":true,"href":"https:\/\/www.iceagetv.com\/radiosite\/wp-json\/wp\/v2\/tags?post=16392"}],"curies":[{"name":"wp","href":"https:\/\/api.w.org\/{rel}","templated":true}]}}