{"id":16399,"date":"2020-09-01T15:56:10","date_gmt":"2020-09-01T15:56:10","guid":{"rendered":"http:\/\/www.iceagetv.com\/radiosite\/?p=16399"},"modified":"2020-09-01T15:56:10","modified_gmt":"2020-09-01T15:56:10","slug":"lci-ecarte-de-son-antenne-le-directeur-de-la-redaction-de-valeurs-actuelles-apres-la-polemique-sur-larticle-imaginant-daniele-obono-en-esclave","status":"publish","type":"post","link":"https:\/\/www.iceagetv.com\/radiosite\/lci-ecarte-de-son-antenne-le-directeur-de-la-redaction-de-valeurs-actuelles-apres-la-polemique-sur-larticle-imaginant-daniele-obono-en-esclave\/","title":{"rendered":"LCI \u00e9carte de son antenne le directeur de la r\u00e9daction de \u00ab\u00a0Valeurs Actuelles\u00a0\u00bb apr\u00e8s la pol\u00e9mique sur l&rsquo;article imaginant Dani\u00e8le Obono en esclave"},"content":{"rendered":"\n<p><em>Il ne sera plus chroniqueur sur LCI.\u00a0\u00bb<\/em>&nbsp;Interrog\u00e9 par<em>&nbsp;<a href=\"https:\/\/www.lemonde.fr\/economie\/article\/2020\/09\/01\/lci-ecarte-geoffroy-lejeune-le-directeur-de-la-redaction-de-valeurs-actuelles-de-son-antenne_6050595_3234.html\">Le Monde.fr<\/a><\/em>; le&nbsp;pr\u00e9sident-directeur g\u00e9n\u00e9ral de TF1,&nbsp;Gilles P\u00e9lisson, a annonc\u00e9 mardi 1er septembre que le directeur de la r\u00e9daction de&nbsp;<em>Valeurs Actuelles<\/em>, Geoffroy Lejeune n&rsquo;appara\u00eetrait plus sur la cha\u00eene d&rsquo;informations du groupe, o\u00f9 il intervenait r\u00e9guli\u00e8rement en tant qu&rsquo;\u00e9ditorialiste. Ce d\u00e9saveu fait suite \u00e0&nbsp;<a href=\"https:\/\/www.francetvinfo.fr\/politique\/la-france-insoumise\/l-hebdomadaire-valeurs-actuelles-vise-par-une-enquete-pour-injures-a-caractere-raciste-apres-avoir-represente-la-deputee-daniele-obono-en-esclave_4090347.html\">la pol\u00e9mique<\/a>&nbsp;sur l&rsquo;article de<em>&nbsp;\u00ab\u00a0politique fiction\u00a0\u00bb<\/em>&nbsp;publi\u00e9 par l&rsquo;hebdomadaire conservateur mettant en sc\u00e8ne la d\u00e9put\u00e9e de La France insoumise Dani\u00e8le Obono repr\u00e9sent\u00e9e en esclave.&nbsp;<\/p>\n\n\n\n<p>Selon&nbsp;le dirigeant, la d\u00e9cision qui a \u00e9t\u00e9 prise ce week-end par le directeur g\u00e9n\u00e9ral adjoint de LCI, Fabien Namias&nbsp;et Thierry Thuillier, son&nbsp;directeur g\u00e9n\u00e9ral.<\/p>\n\n\n\n<h2 class=\"wp-block-heading\">&nbsp;Un \u00ab\u00a0exc\u00e8s\u00a0\u00bb qui \u00ab\u00a0contrevient \u00e0 nos valeurs\u00a0\u00bb<\/h2>\n\n\n\n<p><em>\u00ab\u00a0Jusque-l\u00e0, la pr\u00e9sence sur LCI de Geoffroy Lejeune pouvait se justifier dans les d\u00e9bats d\u2019id\u00e9es, o\u00f9 tous les courants s\u2019expriment. Mais cet exc\u00e8s de&nbsp;&lsquo;<\/em>Valeurs&nbsp;<em>actuelles&rsquo;&nbsp;<\/em><em>contrevient \u00e0 notre ligne et \u00e0 nos valeurs\u00a0\u00bb,<\/em>&nbsp;a indiqu\u00e9&nbsp;au<em>&nbsp;Monde.fr<\/em>&nbsp;GillesP\u00e9lisson, qualifiant l&rsquo;article de&nbsp;<em>Valeurs Actuelles<\/em>&nbsp;d'\u00a0\u00bb<em>indigne de notre \u00e9poque.\u00a0\u00bb<\/em><\/p>\n\n\n\n<p>S&rsquo;il n&rsquo;interviendra plus sur LCI, le directeur de la r\u00e9daction de l&rsquo;hebdomadaire fera toutefois sa rentr\u00e9e t\u00e9l\u00e9visuelle mardi. Geoffroy Lejeune doit en effet rejoindre les chroniqueurs de l&rsquo;\u00e9mission de Cyril Hanouna, \u00ab\u00a0Balance ton poste\u00a0\u00bb.&nbsp;<\/p>\n","protected":false},"excerpt":{"rendered":"<p>Il ne sera plus chroniqueur sur LCI.\u00a0\u00bb&nbsp;Interrog\u00e9 par&nbsp;Le Monde.fr; le&nbsp;pr\u00e9sident-directeur g\u00e9n\u00e9ral de TF1,&nbsp;Gilles P\u00e9lisson, a annonc\u00e9 mardi 1er septembre que le directeur de la r\u00e9daction de&nbsp;Valeurs Actuelles, Geoffroy Lejeune n&rsquo;appara\u00eetrait plus sur la cha\u00eene d&rsquo;informations du groupe, o\u00f9 il intervenait r\u00e9guli\u00e8rement en tant qu&rsquo;\u00e9ditorialiste. Ce d\u00e9saveu fait suite \u00e0&nbsp;la pol\u00e9mique&nbsp;sur l&rsquo;article de&nbsp;\u00ab\u00a0politique fiction\u00a0\u00bb&nbsp;publi\u00e9 par l&rsquo;hebdomadaire [&hellip;]<\/p>\n","protected":false},"author":2,"featured_media":16400,"comment_status":"open","ping_status":"open","sticky":false,"template":"","format":"standard","meta":{"_jetpack_memberships_contains_paid_content":false,"footnotes":"","jetpack_publicize_message":"","jetpack_publicize_feature_enabled":true,"jetpack_social_post_already_shared":true,"jetpack_social_options":{"image_generator_settings":{"template":"highway","default_image_id":0,"font":"","enabled":false},"version":2},"_wpas_customize_per_network":false},"categories":[405],"tags":[],"class_list":["post-16399","post","type-post","status-publish","format-standard","has-post-thumbnail","hentry","category-actu-france-monde"],"jetpack_publicize_connections":[],"jetpack_featured_media_url":"https:\/\/i0.wp.com\/www.iceagetv.com\/radiosite\/wp-content\/uploads\/2020\/09\/LCI-%C3%A9carte-de-son-antenne-le-directeur-de-la-r%C3%A9daction-de-Valeurs-Actuelles.jpg?fit=1197%2C450&ssl=1","jetpack_sharing_enabled":true,"_links":{"self":[{"href":"https:\/\/www.iceagetv.com\/radiosite\/wp-json\/wp\/v2\/posts\/16399","targetHints":{"allow":["GET"]}}],"collection":[{"href":"https:\/\/www.iceagetv.com\/radiosite\/wp-json\/wp\/v2\/posts"}],"about":[{"href":"https:\/\/www.iceagetv.com\/radiosite\/wp-json\/wp\/v2\/types\/post"}],"author":[{"embeddable":true,"href":"https:\/\/www.iceagetv.com\/radiosite\/wp-json\/wp\/v2\/users\/2"}],"replies":[{"embeddable":true,"href":"https:\/\/www.iceagetv.com\/radiosite\/wp-json\/wp\/v2\/comments?post=16399"}],"version-history":[{"count":1,"href":"https:\/\/www.iceagetv.com\/radiosite\/wp-json\/wp\/v2\/posts\/16399\/revisions"}],"predecessor-version":[{"id":16401,"href":"https:\/\/www.iceagetv.com\/radiosite\/wp-json\/wp\/v2\/posts\/16399\/revisions\/16401"}],"wp:featuredmedia":[{"embeddable":true,"href":"https:\/\/www.iceagetv.com\/radiosite\/wp-json\/wp\/v2\/media\/16400"}],"wp:attachment":[{"href":"https:\/\/www.iceagetv.com\/radiosite\/wp-json\/wp\/v2\/media?parent=16399"}],"wp:term":[{"taxonomy":"category","embeddable":true,"href":"https:\/\/www.iceagetv.com\/radiosite\/wp-json\/wp\/v2\/categories?post=16399"},{"taxonomy":"post_tag","embeddable":true,"href":"https:\/\/www.iceagetv.com\/radiosite\/wp-json\/wp\/v2\/tags?post=16399"}],"curies":[{"name":"wp","href":"https:\/\/api.w.org\/{rel}","templated":true}]}}