{"id":16405,"date":"2020-09-02T12:16:55","date_gmt":"2020-09-02T12:16:55","guid":{"rendered":"http:\/\/www.iceagetv.com\/radiosite\/?p=16405"},"modified":"2020-09-02T12:16:55","modified_gmt":"2020-09-02T12:16:55","slug":"saint-priest-une-classe-fermee-en-raison-dun-cas-de-covid","status":"publish","type":"post","link":"https:\/\/www.iceagetv.com\/radiosite\/saint-priest-une-classe-fermee-en-raison-dun-cas-de-covid\/","title":{"rendered":"Saint-Priest : une classe ferm\u00e9e en raison d\u2019un cas de Covid"},"content":{"rendered":"\n<p> L\u2019information a \u00e9t\u00e9 r\u00e9v\u00e9l\u00e9e ce mardi apr\u00e8s-midi. Une classe \u00e9l\u00e9mentaire de Marius-Berliet a \u00e9t\u00e9 ferm\u00e9e apr\u00e8s un cas de Covid-19 chez un enfant. Les \u00e9l\u00e8ves ont \u00e9t\u00e9 mis en quatorzaine.  C\u2019est ce qui \u00e9tait le plus redout\u00e9 en cette rentr\u00e9e scolaire du 1er\u00a0septembre\u00a0: le sc\u00e9nario craint s\u2019est dessin\u00e9 avec un cas de Covid-19 rep\u00e9r\u00e9 dans une classe \u00e9l\u00e9mentaire du groupe scolaire Marius-Berliet \u00e0 Saint-Priest. L\u2019information a \u00e9t\u00e9 confirm\u00e9e, tr\u00e8s rapidement, dans l\u2019apr\u00e8s-midi.  Selon nos informations, les parents de l\u2019enfant concern\u00e9 lui avaient, \u00ab\u00a0de mani\u00e8re fortuite\u00a0\u00bb, effectu\u00e9 un test qui s\u2019est r\u00e9v\u00e9l\u00e9 positif en cet apr\u00e8s-midi de rentr\u00e9e. De quoi susciter quelques \u00ab\u00a0interrogations l\u00e9gitimes\u00a0\u00bb dans le quartier, sans que l\u2019on devine, pour l\u2019instant, aucune crispation dans les familles. <\/p>\n\n\n\n<p>Nettoyage minutieux et d\u00e9sinfection des locaux<\/p>\n\n\n\n<p>Rapidement, la d\u00e9cision a \u00e9t\u00e9 prise de fermer la classe, et de mettre l\u2019ensemble des \u00e9l\u00e8ves en quatorzaine. \u00c0 noter que le minist\u00e8re de l\u2019\u00c9ducation nationale pr\u00e9cise dans son protocole sanitaire que&nbsp;<a href=\"https:\/\/c.leprogres.fr\/sante\/2020\/09\/01\/saint-genis-laval-au-lycee-descartes-prise-de-temperature-avant-d-entrer-en-classe\" target=\"_blank\" rel=\"noreferrer noopener\">ce sont les autorit\u00e9s sanitaires en lien avec les autorit\u00e9s acad\u00e9miques<\/a>&nbsp;qui sont habilit\u00e9es \u00e0 prendre une telle d\u00e9cision. En l\u2019\u00e9tat actuel des choses, la question ne se pose cependant pas en ce qui concerne les autres classes, les \u00e9l\u00e8ves \u00e9tant invit\u00e9s d\u00e8s ce jeudi \u00e0 \u00ab&nbsp;retrouver leur \u00e9cole en toute s\u00e9curit\u00e9&nbsp;\u00bb.<\/p>\n\n\n\n<p>\u00ab&nbsp;De notre c\u00f4t\u00e9, on a proc\u00e9d\u00e9 \u00e0 un nettoyage minutieux et la d\u00e9sinfection des locaux occup\u00e9s, ainsi que tous les objets touch\u00e9s&nbsp;\u00bb, insiste Anne-Claire Ribotta, adjointe au maire \u00e0 l\u2019enseignement et \u00e0 l\u2019\u00e9ducation. Quant au retour des enfants, il est conditionn\u00e9, apr\u00e8s 14 jours, \u00ab&nbsp;\u00e0 l\u2019avis du m\u00e9decin traitant, du m\u00e9decin de la plateforme Covid-19 ou du m\u00e9decin de l\u2019\u00c9ducation nationale&nbsp;\u00bb.<\/p>\n\n\n\n<p><\/p>\n","protected":false},"excerpt":{"rendered":"<p>L\u2019information a \u00e9t\u00e9 r\u00e9v\u00e9l\u00e9e ce mardi apr\u00e8s-midi. Une classe \u00e9l\u00e9mentaire de Marius-Berliet a \u00e9t\u00e9 ferm\u00e9e apr\u00e8s un cas de Covid-19 chez un enfant. Les \u00e9l\u00e8ves ont \u00e9t\u00e9 mis en quatorzaine. C\u2019est ce qui \u00e9tait le plus redout\u00e9 en cette rentr\u00e9e scolaire du 1er\u00a0septembre\u00a0: le sc\u00e9nario craint s\u2019est dessin\u00e9 avec un cas de Covid-19 rep\u00e9r\u00e9 dans [&hellip;]<\/p>\n","protected":false},"author":2,"featured_media":16406,"comment_status":"open","ping_status":"open","sticky":false,"template":"","format":"standard","meta":{"_jetpack_memberships_contains_paid_content":false,"footnotes":"","jetpack_publicize_message":"","jetpack_publicize_feature_enabled":true,"jetpack_social_post_already_shared":true,"jetpack_social_options":{"image_generator_settings":{"template":"highway","default_image_id":0,"font":"","enabled":false},"version":2},"_wpas_customize_per_network":false},"categories":[405],"tags":[],"class_list":["post-16405","post","type-post","status-publish","format-standard","has-post-thumbnail","hentry","category-actu-france-monde"],"jetpack_publicize_connections":[],"jetpack_featured_media_url":"https:\/\/i0.wp.com\/www.iceagetv.com\/radiosite\/wp-content\/uploads\/2020\/09\/Saint-Priest.jpg?fit=1000%2C500&ssl=1","jetpack_sharing_enabled":true,"_links":{"self":[{"href":"https:\/\/www.iceagetv.com\/radiosite\/wp-json\/wp\/v2\/posts\/16405","targetHints":{"allow":["GET"]}}],"collection":[{"href":"https:\/\/www.iceagetv.com\/radiosite\/wp-json\/wp\/v2\/posts"}],"about":[{"href":"https:\/\/www.iceagetv.com\/radiosite\/wp-json\/wp\/v2\/types\/post"}],"author":[{"embeddable":true,"href":"https:\/\/www.iceagetv.com\/radiosite\/wp-json\/wp\/v2\/users\/2"}],"replies":[{"embeddable":true,"href":"https:\/\/www.iceagetv.com\/radiosite\/wp-json\/wp\/v2\/comments?post=16405"}],"version-history":[{"count":1,"href":"https:\/\/www.iceagetv.com\/radiosite\/wp-json\/wp\/v2\/posts\/16405\/revisions"}],"predecessor-version":[{"id":16407,"href":"https:\/\/www.iceagetv.com\/radiosite\/wp-json\/wp\/v2\/posts\/16405\/revisions\/16407"}],"wp:featuredmedia":[{"embeddable":true,"href":"https:\/\/www.iceagetv.com\/radiosite\/wp-json\/wp\/v2\/media\/16406"}],"wp:attachment":[{"href":"https:\/\/www.iceagetv.com\/radiosite\/wp-json\/wp\/v2\/media?parent=16405"}],"wp:term":[{"taxonomy":"category","embeddable":true,"href":"https:\/\/www.iceagetv.com\/radiosite\/wp-json\/wp\/v2\/categories?post=16405"},{"taxonomy":"post_tag","embeddable":true,"href":"https:\/\/www.iceagetv.com\/radiosite\/wp-json\/wp\/v2\/tags?post=16405"}],"curies":[{"name":"wp","href":"https:\/\/api.w.org\/{rel}","templated":true}]}}