{"id":16408,"date":"2020-09-02T12:24:50","date_gmt":"2020-09-02T12:24:50","guid":{"rendered":"http:\/\/www.iceagetv.com\/radiosite\/?p=16408"},"modified":"2020-09-02T12:24:50","modified_gmt":"2020-09-02T12:24:50","slug":"accusations-contre-le-ministre-gerald-darmanin-le-parquet-decide-de-ne-pas-relancer-lenquete-apres-la-nouvelle-plainte","status":"publish","type":"post","link":"https:\/\/www.iceagetv.com\/radiosite\/accusations-contre-le-ministre-gerald-darmanin-le-parquet-decide-de-ne-pas-relancer-lenquete-apres-la-nouvelle-plainte\/","title":{"rendered":"Accusations contre le Ministre G\u00e9rald Darmanin: Le parquet d\u00e9cide de ne pas relancer l&rsquo;enqu\u00eate apr\u00e8s la nouvelle plainte"},"content":{"rendered":"\n<p>Le parquet de Paris a annonc\u00e9 mercredi \u00e0 l\u2019AFP qu\u2019il confirmait son classement sans suite d\u2019une enqu\u00eate visant le ministre de l\u2019Int\u00e9rieur G\u00e9rald Darmanin, accus\u00e9 d\u2019avoir abus\u00e9 de sa position d\u2019\u00e9lu en 2015 pour obtenir des relations sexuelles. La plainte pour \u00ab&nbsp;abus de faiblesse&nbsp;\u00bb de cette habitante de Tourcoing (Nord), qui affirmait avoir \u00e9t\u00e9 incit\u00e9e \u00e0 avoir une relation sexuelle avec M. Darmanin, alors maire de la ville, pour obtenir un logement et un emploi, avait \u00e9t\u00e9 class\u00e9e sans suite en mai 2018 par le parquet.<\/p>\n\n\n\n<p>Mais mi-juillet, l\u2019association \u00ab&nbsp;Pourvoir f\u00e9ministe&nbsp;\u00bb avait demand\u00e9 \u00e0 la justice de r\u00e9examiner les faits, constitutifs selon elle d\u2019un \u00ab&nbsp;trafic d\u2019influence&nbsp;\u00bb. Le ministre de l\u2019Int\u00e9rieur reste par ailleurs vis\u00e9 par une information judiciaire pour viol, relanc\u00e9e en juin apr\u00e8s une longue bataille proc\u00e9durale.<\/p>\n\n\n\n<p>Selon le parquet de Paris, le courrier de l\u2019association portait toutefois sur les m\u00eames \u00e9l\u00e9ments d\u00e9j\u00e0 examin\u00e9s par l\u2019enqu\u00eate pr\u00e9liminaire de 2018 et n\u2019apportait pas d\u2019\u00e9l\u00e9ments nouveaux de nature \u00e0 remettre en cause la d\u00e9cision initiale. \u00ab&nbsp;Le parquet de Paris nous a en effet indiqu\u00e9 que le classement sans suite \u00e9tait confirm\u00e9, aucune infraction n\u2019ayant \u00e9t\u00e9 commise&nbsp;\u00bb, se sont f\u00e9licit\u00e9s aupr\u00e8s de l\u2019AFP les avocats du ministre de l\u2019Int\u00e9rieur, Mathias Chichportich et Pierre-Olivier Sur. \u00ab&nbsp;C\u2019est ce que nous avions toujours dit et nous esp\u00e9rons que l\u2019acharnement contre notre client va maintenant enfin cesser&nbsp;\u00bb, ont ajout\u00e9 les avocats du ministre.<\/p>\n","protected":false},"excerpt":{"rendered":"<p>Le parquet de Paris a annonc\u00e9 mercredi \u00e0 l\u2019AFP qu\u2019il confirmait son classement sans suite d\u2019une enqu\u00eate visant le ministre de l\u2019Int\u00e9rieur G\u00e9rald Darmanin, accus\u00e9 d\u2019avoir abus\u00e9 de sa position d\u2019\u00e9lu en 2015 pour obtenir des relations sexuelles. La plainte pour \u00ab&nbsp;abus de faiblesse&nbsp;\u00bb de cette habitante de Tourcoing (Nord), qui affirmait avoir \u00e9t\u00e9 incit\u00e9e [&hellip;]<\/p>\n","protected":false},"author":2,"featured_media":16409,"comment_status":"open","ping_status":"open","sticky":false,"template":"","format":"standard","meta":{"_jetpack_memberships_contains_paid_content":false,"footnotes":"","jetpack_publicize_message":"","jetpack_publicize_feature_enabled":true,"jetpack_social_post_already_shared":true,"jetpack_social_options":{"image_generator_settings":{"template":"highway","default_image_id":0,"font":"","enabled":false},"version":2},"_wpas_customize_per_network":false},"categories":[405],"tags":[],"class_list":["post-16408","post","type-post","status-publish","format-standard","has-post-thumbnail","hentry","category-actu-france-monde"],"jetpack_publicize_connections":[],"jetpack_featured_media_url":"https:\/\/i0.wp.com\/www.iceagetv.com\/radiosite\/wp-content\/uploads\/2020\/09\/Accusations-contre-le-Ministre-G%C3%A9rald-Darmanin.png?fit=617%2C265&ssl=1","jetpack_sharing_enabled":true,"_links":{"self":[{"href":"https:\/\/www.iceagetv.com\/radiosite\/wp-json\/wp\/v2\/posts\/16408","targetHints":{"allow":["GET"]}}],"collection":[{"href":"https:\/\/www.iceagetv.com\/radiosite\/wp-json\/wp\/v2\/posts"}],"about":[{"href":"https:\/\/www.iceagetv.com\/radiosite\/wp-json\/wp\/v2\/types\/post"}],"author":[{"embeddable":true,"href":"https:\/\/www.iceagetv.com\/radiosite\/wp-json\/wp\/v2\/users\/2"}],"replies":[{"embeddable":true,"href":"https:\/\/www.iceagetv.com\/radiosite\/wp-json\/wp\/v2\/comments?post=16408"}],"version-history":[{"count":1,"href":"https:\/\/www.iceagetv.com\/radiosite\/wp-json\/wp\/v2\/posts\/16408\/revisions"}],"predecessor-version":[{"id":16410,"href":"https:\/\/www.iceagetv.com\/radiosite\/wp-json\/wp\/v2\/posts\/16408\/revisions\/16410"}],"wp:featuredmedia":[{"embeddable":true,"href":"https:\/\/www.iceagetv.com\/radiosite\/wp-json\/wp\/v2\/media\/16409"}],"wp:attachment":[{"href":"https:\/\/www.iceagetv.com\/radiosite\/wp-json\/wp\/v2\/media?parent=16408"}],"wp:term":[{"taxonomy":"category","embeddable":true,"href":"https:\/\/www.iceagetv.com\/radiosite\/wp-json\/wp\/v2\/categories?post=16408"},{"taxonomy":"post_tag","embeddable":true,"href":"https:\/\/www.iceagetv.com\/radiosite\/wp-json\/wp\/v2\/tags?post=16408"}],"curies":[{"name":"wp","href":"https:\/\/api.w.org\/{rel}","templated":true}]}}