{"id":16413,"date":"2020-09-13T07:46:17","date_gmt":"2020-09-13T07:46:17","guid":{"rendered":"http:\/\/www.iceagetv.com\/radiosite\/?p=16413"},"modified":"2020-09-13T07:46:17","modified_gmt":"2020-09-13T07:46:17","slug":"coronavirus-la-france-franchit-le-seuil-des-10-000-nouveaux-cas-dinfection-au-covid-19-confirmes-en-24-heures-le-premier-ministre-jean-castex-negatif-stoppe-sa-quarantaine-a-matignon","status":"publish","type":"post","link":"https:\/\/www.iceagetv.com\/radiosite\/coronavirus-la-france-franchit-le-seuil-des-10-000-nouveaux-cas-dinfection-au-covid-19-confirmes-en-24-heures-le-premier-ministre-jean-castex-negatif-stoppe-sa-quarantaine-a-matignon\/","title":{"rendered":"Coronavirus &#8211; La France franchit le seuil des 10.000 nouveaux cas d&rsquo;infection au Covid-19 confirm\u00e9s en 24 heures &#8211; Le Premier Ministre Jean Castex n\u00e9gatif stoppe sa quarantaine \u00e0 Matignon"},"content":{"rendered":"\n<p>Pour la premi\u00e8re fois, une manifestation contre les mesures li\u00e9es au Coronavirus s\u2019est tenue \u00e0 Munich : 10.000 personnes se sont rassembl\u00e9es, estime la police allemande, soit le double du nombre attendu par les organisateurs. La manifestation a d\u00fb prendre fin rapidement en raison du non-respect des r\u00e8gles de distanciation sociale et du port du masque. \u00c0 Hanovre (centre), comme \u00e0 Wiesbaden dans l\u2019ouest du pays, au moins 1.000 personnes ont \u00e9t\u00e9 recens\u00e9es.<\/p>\n\n\n\n<p>D\u00e9but et fin ao\u00fbt, d&rsquo;importantes manifestations \u00e0 Berlin avaient r\u00e9uni pr\u00e8s de 40.000 personnes. Lors d\u2019une manifestation nationale dans la capitale allemande fin ao\u00fbt, plusieurs centaines de militants avaient forc\u00e9 un barrage de police pour monter sur les marches du Reichstag, o\u00f9 si\u00e8gent les d\u00e9put\u00e9s. Ils avaient essay\u00e9 d&rsquo;y p\u00e9n\u00e9trer, cr\u00e9ant une onde de choc en Allemagne. <strong>\u00a0La France franchit le seuil des 10.000 nouveaux cas d&rsquo;infection au Covid-19 confirm\u00e9s en 24 heures.\u00a0Dans le d\u00e9tail, 10 561 nouveaux cas ont \u00e9t\u00e9 confirm\u00e9s.\u00a086 nouveaux clusters ont \u00e9t\u00e9 identifi\u00e9s ces derni\u00e8res 24 heures. Au total 772 sont en cours d&rsquo;investigation, selon Sant\u00e9 publique France.\u00a017 nouveau d\u00e9c\u00e8s dus au Covid-19 en 24 heures. Soit 30.910 au total depuis le d\u00e9but de l&rsquo;\u00e9pid\u00e9mie, dont 20.395 \u00e0 l&rsquo;h\u00f4pital.<\/strong>  <strong>Le second test de Jean Castex est n\u00e9gatif. Le Premier ministre peut donc mettre fin \u00e0 son isolement d\u00e8s cet apr\u00e8s-midi, indique Matignon.\u00a0<\/strong>Le Premier ministre Jean Castex \u00e9tait cas contact du directeur du Tour de France, Christian Prudhomme, avec qui il avait pass\u00e9 deux heures en voiture samedi dernier sur la Grande Boucle. <\/p>\n","protected":false},"excerpt":{"rendered":"<p>Pour la premi\u00e8re fois, une manifestation contre les mesures li\u00e9es au Coronavirus s\u2019est tenue \u00e0 Munich : 10.000 personnes se sont rassembl\u00e9es, estime la police allemande, soit le double du nombre attendu par les organisateurs. La manifestation a d\u00fb prendre fin rapidement en raison du non-respect des r\u00e8gles de distanciation sociale et du port du [&hellip;]<\/p>\n","protected":false},"author":2,"featured_media":16414,"comment_status":"open","ping_status":"open","sticky":false,"template":"","format":"standard","meta":{"_jetpack_memberships_contains_paid_content":false,"footnotes":"","jetpack_publicize_message":"","jetpack_publicize_feature_enabled":true,"jetpack_social_post_already_shared":true,"jetpack_social_options":{"image_generator_settings":{"template":"highway","default_image_id":0,"font":"","enabled":false},"version":2},"_wpas_customize_per_network":false},"categories":[405],"tags":[],"class_list":["post-16413","post","type-post","status-publish","format-standard","has-post-thumbnail","hentry","category-actu-france-monde"],"jetpack_publicize_connections":[],"jetpack_featured_media_url":"https:\/\/i0.wp.com\/www.iceagetv.com\/radiosite\/wp-content\/uploads\/2020\/09\/La-France-franchit-le-seuil-des-10.000.png?fit=183%2C82&ssl=1","jetpack_sharing_enabled":true,"_links":{"self":[{"href":"https:\/\/www.iceagetv.com\/radiosite\/wp-json\/wp\/v2\/posts\/16413","targetHints":{"allow":["GET"]}}],"collection":[{"href":"https:\/\/www.iceagetv.com\/radiosite\/wp-json\/wp\/v2\/posts"}],"about":[{"href":"https:\/\/www.iceagetv.com\/radiosite\/wp-json\/wp\/v2\/types\/post"}],"author":[{"embeddable":true,"href":"https:\/\/www.iceagetv.com\/radiosite\/wp-json\/wp\/v2\/users\/2"}],"replies":[{"embeddable":true,"href":"https:\/\/www.iceagetv.com\/radiosite\/wp-json\/wp\/v2\/comments?post=16413"}],"version-history":[{"count":1,"href":"https:\/\/www.iceagetv.com\/radiosite\/wp-json\/wp\/v2\/posts\/16413\/revisions"}],"predecessor-version":[{"id":16415,"href":"https:\/\/www.iceagetv.com\/radiosite\/wp-json\/wp\/v2\/posts\/16413\/revisions\/16415"}],"wp:featuredmedia":[{"embeddable":true,"href":"https:\/\/www.iceagetv.com\/radiosite\/wp-json\/wp\/v2\/media\/16414"}],"wp:attachment":[{"href":"https:\/\/www.iceagetv.com\/radiosite\/wp-json\/wp\/v2\/media?parent=16413"}],"wp:term":[{"taxonomy":"category","embeddable":true,"href":"https:\/\/www.iceagetv.com\/radiosite\/wp-json\/wp\/v2\/categories?post=16413"},{"taxonomy":"post_tag","embeddable":true,"href":"https:\/\/www.iceagetv.com\/radiosite\/wp-json\/wp\/v2\/tags?post=16413"}],"curies":[{"name":"wp","href":"https:\/\/api.w.org\/{rel}","templated":true}]}}