{"id":16416,"date":"2020-09-13T07:48:49","date_gmt":"2020-09-13T07:48:49","guid":{"rendered":"http:\/\/www.iceagetv.com\/radiosite\/?p=16416"},"modified":"2020-09-13T07:48:49","modified_gmt":"2020-09-13T07:48:49","slug":"agression-sexuelle-que-sait-on-des-deux-jours-de-garde-a-vue-en-corse-de-la-star-irlandaise-de-mma-conor-mcgregor-qui-a-finalement-ete-relache-hier-soir","status":"publish","type":"post","link":"https:\/\/www.iceagetv.com\/radiosite\/agression-sexuelle-que-sait-on-des-deux-jours-de-garde-a-vue-en-corse-de-la-star-irlandaise-de-mma-conor-mcgregor-qui-a-finalement-ete-relache-hier-soir\/","title":{"rendered":"Agression sexuelle : Que sait-on des deux jours de garde \u00e0 vue en Corse de la star irlandaise de MMA, Conor McGregor, qui a finalement \u00e9t\u00e9 rel\u00e2ch\u00e9 hier soir ?"},"content":{"rendered":"\n<p>Conor McGregor, la star irlandaise de MMA, les arts martiaux mixtes, a \u00e9t\u00e9 plac\u00e9 en garde \u00e0 vue en Corse. Il est soup\u00e7onn\u00e9 de tentative d\u2019agression sexuelle et d&rsquo;exhibition sexuelle, a-t-on appris samedi aupr\u00e8s du parquet de Bastia. Des faits qui se seraient d\u00e9roul\u00e9s dans un bar de Calvi. \u00ab\u00a0A la suite d&rsquo;une plainte d\u00e9pos\u00e9e le 10 septembre d\u00e9non\u00e7ant des faits susceptibles d&rsquo;\u00eatre qualifi\u00e9s de tentative d&rsquo;agression sexuelle et d&rsquo;exhibition sexuelle, M. Conor Anthony Mac Gregor a fait l&rsquo;objet d&rsquo;une audition par les services de gendarmerie, sous le r\u00e9gime de la garde \u00e0 vue\u00a0\u00bb, \u00e9crit le parquet dans un communiqu\u00e9 transmis \u00e0 l&rsquo;AFP.<\/p>\n\n\n\n<p>Conor McGregor, la star irlandaise de MMA, les arts martiaux mixtes, plac\u00e9 jeudi en garde \u00e0 vue en Corse, a \u00e9t\u00e9 remis en libert\u00e9 ce samedi sans poursuites et d\u00e9ment \u00ab&nbsp;vigoureusement toute accusation de mauvais comportement&nbsp;\u00bb, a-t-on appris aupr\u00e8s de sources concordantes.&nbsp;<\/p>\n\n\n\n<p>Son avocate, Emmanuelle Ramon, a indiqu\u00e9 \u00e0 l\u2019AFP que son client avait \u00ab&nbsp;\u00e9t\u00e9 remis en libert\u00e9 avant la fin l\u00e9gale de la garde \u00e0 vue et sans aucun contr\u00f4le judiciaire&nbsp;\u00bb. Le porte-parole du sportif a pr\u00e9cis\u00e9 qu\u2019il d\u00e9mentait \u00ab&nbsp;vigoureusement toute accusation de mauvais comportement&nbsp;\u00bb.<\/p>\n\n\n\n<p>Figure de proue de l\u2019Ultimate Fighting Championship, le principal organisateur de combats de MMA, Conor McGregor, 32 ans, est l\u2019un des combattants les plus&nbsp;populaires&nbsp;et les&nbsp;mieux pay\u00e9s&nbsp;de l\u2019histoire de ce&nbsp;sport qui allie plusieurs arts martiaux&nbsp;et permet coups de pied, poing, genou et coude, ainsi que coups au sol, \u00e9tranglements et cl\u00e9s \u00e0 l\u2019int\u00e9rieur d\u2019une enceinte ferm\u00e9e, l\u2019octogone.<\/p>\n\n\n\n<p>Conor McGregor a d\u00e9j\u00e0 eu des ennuis judiciaires. Il a notamment \u00e9t\u00e9 mis en cause dans deux agressions aux \u00c9tats-Unis. Et il est vis\u00e9 par deux enqu\u00eates pour agression sexuelle en Irlande, selon le New York Times.<br>En juin, il a annonc\u00e9 pour la troisi\u00e8me fois sa retraite sportive.&nbsp;\u00ab\u00a0Le sport m&rsquo;ennuie un peu. Je ne suis pas excit\u00e9 (par le fait de combattre). Je ne sais si c&rsquo;est \u00e0 cause de l&rsquo;absence de public. Je ne sais pas ce que c&rsquo;est. Mais je ne trouve pas d&rsquo;engouement\u00a0\u00bb, expliquait-il.<br>McGregor avait d\u00e9cid\u00e9 une premi\u00e8re fois de se retirer du MMA en avril 2016, avant de revenir sur sa d\u00e9cision apr\u00e8s avoir n\u00e9goci\u00e9 un nouveau contrat nettement revaloris\u00e9.<br>Il avait raccroch\u00e9 une deuxi\u00e8me fois en mars 2019 apr\u00e8s avoir subi une d\u00e9faite en octobre 2018 face au Russe Khabib Nurmagomedov, pour le titre UFC des poids l\u00e9gers, dans un combat qui s&rsquo;\u00e9tait achev\u00e9 par une bagarre g\u00e9n\u00e9rale.<br>Apr\u00e8s sa victoire, le Russe s&rsquo;\u00e9tait battu avec des proches de l&rsquo;Irlandais, lui-m\u00eame agress\u00e9 par un membre de l&rsquo;entourage de Nurmagomedov. Les deux vedettes du MMA avaient \u00e9cop\u00e9 d&rsquo;une suspension apr\u00e8s les faits.<\/p>\n\n\n\n<p>McGregor a d\u00e9tenu le titre UFC des poids plumes de 2015 \u00e0 2016 et des poids l\u00e9gers de 2016 \u00e0 2018. Mais c\u2019est en participant \u00e0 un combat controvers\u00e9 de boxe face \u00e0 la l\u00e9gende am\u00e9ricaine Floyd Mayweather, en ao\u00fbt&nbsp;2017 \u00e0 Las Vegas, qu\u2019il a acc\u00e9d\u00e9 \u00e0 une notori\u00e9t\u00e9 mondiale et \u00e0 la richesse, malgr\u00e9 sa d\u00e9faite.<\/p>\n\n\n\n<p>En juin&nbsp;2020, il a annonc\u00e9&nbsp;sa retraite pour la troisi\u00e8me fois, apr\u00e8s \u00eatre&nbsp;revenu \u00e0 deux reprises&nbsp;dans les octogones.<\/p>\n\n\n\n<p>Figure de proue de l&rsquo;Ultimate Fighting Championship, le combattant se trouvait en Balagne depuis plusieurs semaines dans le cadre de sa participation \u00e0 la course \u201cThe Crossing\u201d dont il aurait d\u00fb prendre le d\u00e9part ce samedi. Cette course en waterbike de 180 km, organis\u00e9e par la fondation Princesse Charl\u00e8ne de Monaco, est partie en d\u00e9but d&rsquo;apr\u00e8s-midi du port de Calvi en direction de la principaut\u00e9.&nbsp;Aux c\u00f4t\u00e9 de Conor McGregor, dans l&rsquo;\u00e9quipe \u00ab\u00a0Notorious\u00a0\u00bb : Gareth Wittstock, J\u00e9r\u00f4me Fernandez, et Kevin Crovetto. Et dans le groupe adverse au champion de MMA, l&rsquo;\u00e9quipe \u00ab\u00a0Serenity\u00a0\u00bb, la princesse Charl\u00e8ne de Monaco, David Tenner, Brandon Green, et Mathew Bennett.<\/p>\n","protected":false},"excerpt":{"rendered":"<p>Conor McGregor, la star irlandaise de MMA, les arts martiaux mixtes, a \u00e9t\u00e9 plac\u00e9 en garde \u00e0 vue en Corse. Il est soup\u00e7onn\u00e9 de tentative d\u2019agression sexuelle et d&rsquo;exhibition sexuelle, a-t-on appris samedi aupr\u00e8s du parquet de Bastia. Des faits qui se seraient d\u00e9roul\u00e9s dans un bar de Calvi. \u00ab\u00a0A la suite d&rsquo;une plainte d\u00e9pos\u00e9e [&hellip;]<\/p>\n","protected":false},"author":2,"featured_media":16417,"comment_status":"open","ping_status":"open","sticky":false,"template":"","format":"standard","meta":{"_jetpack_memberships_contains_paid_content":false,"footnotes":"","jetpack_publicize_message":"","jetpack_publicize_feature_enabled":true,"jetpack_social_post_already_shared":true,"jetpack_social_options":{"image_generator_settings":{"template":"highway","default_image_id":0,"font":"","enabled":false},"version":2},"_wpas_customize_per_network":false},"categories":[405],"tags":[],"class_list":["post-16416","post","type-post","status-publish","format-standard","has-post-thumbnail","hentry","category-actu-france-monde"],"jetpack_publicize_connections":[],"jetpack_featured_media_url":"https:\/\/i0.wp.com\/www.iceagetv.com\/radiosite\/wp-content\/uploads\/2020\/09\/Agression-sexuelle.png?fit=903%2C368&ssl=1","jetpack_sharing_enabled":true,"_links":{"self":[{"href":"https:\/\/www.iceagetv.com\/radiosite\/wp-json\/wp\/v2\/posts\/16416","targetHints":{"allow":["GET"]}}],"collection":[{"href":"https:\/\/www.iceagetv.com\/radiosite\/wp-json\/wp\/v2\/posts"}],"about":[{"href":"https:\/\/www.iceagetv.com\/radiosite\/wp-json\/wp\/v2\/types\/post"}],"author":[{"embeddable":true,"href":"https:\/\/www.iceagetv.com\/radiosite\/wp-json\/wp\/v2\/users\/2"}],"replies":[{"embeddable":true,"href":"https:\/\/www.iceagetv.com\/radiosite\/wp-json\/wp\/v2\/comments?post=16416"}],"version-history":[{"count":1,"href":"https:\/\/www.iceagetv.com\/radiosite\/wp-json\/wp\/v2\/posts\/16416\/revisions"}],"predecessor-version":[{"id":16418,"href":"https:\/\/www.iceagetv.com\/radiosite\/wp-json\/wp\/v2\/posts\/16416\/revisions\/16418"}],"wp:featuredmedia":[{"embeddable":true,"href":"https:\/\/www.iceagetv.com\/radiosite\/wp-json\/wp\/v2\/media\/16417"}],"wp:attachment":[{"href":"https:\/\/www.iceagetv.com\/radiosite\/wp-json\/wp\/v2\/media?parent=16416"}],"wp:term":[{"taxonomy":"category","embeddable":true,"href":"https:\/\/www.iceagetv.com\/radiosite\/wp-json\/wp\/v2\/categories?post=16416"},{"taxonomy":"post_tag","embeddable":true,"href":"https:\/\/www.iceagetv.com\/radiosite\/wp-json\/wp\/v2\/tags?post=16416"}],"curies":[{"name":"wp","href":"https:\/\/api.w.org\/{rel}","templated":true}]}}