{"id":16423,"date":"2020-09-14T18:33:09","date_gmt":"2020-09-14T18:33:09","guid":{"rendered":"http:\/\/www.iceagetv.com\/radiosite\/?p=16423"},"modified":"2020-09-14T18:33:09","modified_gmt":"2020-09-14T18:33:09","slug":"lancien-president-de-la-republique-valery-giscard-destaing-admis-en-reanimation-a-lhopital-georges-pompidou-a-paris-apres-avoir-appele-le-samu-une-infection-au-poumon-lui-a-ete-diagnost","status":"publish","type":"post","link":"https:\/\/www.iceagetv.com\/radiosite\/lancien-president-de-la-republique-valery-giscard-destaing-admis-en-reanimation-a-lhopital-georges-pompidou-a-paris-apres-avoir-appele-le-samu-une-infection-au-poumon-lui-a-ete-diagnost\/","title":{"rendered":"L&rsquo;ancien-pr\u00e9sident de la R\u00e9publique Val\u00e9ry Giscard d\u2019Estaing admis en r\u00e9animation \u00e0 l&rsquo;h\u00f4pital Georges Pompidou \u00e0 Paris apr\u00e8s avoir appel\u00e9 le SAMU &#8211; Une infection au poumon lui a \u00e9t\u00e9 diagnostiqu\u00e9e"},"content":{"rendered":"\n<p>L&rsquo;ancien pr\u00e9sident de la R\u00e9publique Val\u00e9ry Giscard d\u2019Estaing a \u00e9t\u00e9 hospitalis\u00e9 ce lundi \u00e0 Paris, selon des informations du Parisien. \u00c2g\u00e9 de 94 ans, il a \u00e9t\u00e9 admis au service de r\u00e9animation de l&rsquo;h\u00f4pital Georges-Pompidou dans le XVe arrondissement de Paris apr\u00e8s s&rsquo;\u00eatre plaint de probl\u00e8mes respiratoires. Le Samu est venu le chercher vers 15 heures \u00e0 son domicile parisien, apr\u00e8s un week-end pass\u00e9 dans sa r\u00e9sidence \u00e0 Authon dans le Loir-et-Cher. Sa femme Anne-Aymone l\u2019a accompagn\u00e9 \u00e0 l\u2019h\u00f4pital avant de revenir \u00e0 son domicile.<\/p>\n\n\n\n<p>Toujours selon Le Parisien, l&rsquo;ancien pr\u00e9sident souffre d&rsquo;une infection au poumon. \u00ab\u00a0Il s\u2019agit d\u2019un check-up\u00a0\u00bb, a cependant affirm\u00e9 son fils Louis Giscard d\u2019Estaing, maire de Chamali\u00e8res, pr\u00e8s de Clermont-Ferrand, \u00e0 nos confr\u00e8res de France 3 Rh\u00f4ne-Alpes.<\/p>\n\n\n\n<p>Son fils Louis, joint par l\u2019AFP lundi apr\u00e8s-midi, avait indiqu\u00e9 n\u2019avoir \u00ab\u00a0aucun commentaire \u00e0 faire\u00a0\u00bb sur l\u2019\u00e9tat de sant\u00e9 de son p\u00e8re. \u00ab\u00a0Il a un certain \u00e2ge, avec des moments plus ou moins en bonne forme. Pour le reste, c\u2019est de l\u2019interpr\u00e9tation\u00a0\u00bb, a-t-il dit.<\/p>\n\n\n\n<p>M. Giscard d\u2019Estaing, qui a f\u00eat\u00e9 ses 94 ans le 2 f\u00e9vrier dernier, a d\u00e9j\u00e0 \u00e9t\u00e9 hospitalis\u00e9 \u00e0 Pompidou, dans le XVe arrondissement de Paris, en cardiologie \u00e0 plusieurs reprises il y a plusieurs ann\u00e9es pour la pose de stents.<\/p>\n\n\n\n<p>Plus jeune pr\u00e9sident de la R\u00e9publique lorsqu\u2019il est \u00e9lu en 1974, Val\u00e9ry Giscard d\u2019Estaing avait fait l\u2019une de ses derni\u00e8res apparitions publiques le 30 septembre 2019 lors des obs\u00e8ques \u00e0 Paris d\u2019un autre pr\u00e9sident de la R\u00e9publique, Jacques Chirac.<\/p>\n","protected":false},"excerpt":{"rendered":"<p>L&rsquo;ancien pr\u00e9sident de la R\u00e9publique Val\u00e9ry Giscard d\u2019Estaing a \u00e9t\u00e9 hospitalis\u00e9 ce lundi \u00e0 Paris, selon des informations du Parisien. \u00c2g\u00e9 de 94 ans, il a \u00e9t\u00e9 admis au service de r\u00e9animation de l&rsquo;h\u00f4pital Georges-Pompidou dans le XVe arrondissement de Paris apr\u00e8s s&rsquo;\u00eatre plaint de probl\u00e8mes respiratoires. Le Samu est venu le chercher vers 15 [&hellip;]<\/p>\n","protected":false},"author":2,"featured_media":16424,"comment_status":"open","ping_status":"open","sticky":false,"template":"","format":"standard","meta":{"_jetpack_memberships_contains_paid_content":false,"footnotes":"","jetpack_publicize_message":"","jetpack_publicize_feature_enabled":true,"jetpack_social_post_already_shared":true,"jetpack_social_options":{"image_generator_settings":{"template":"highway","default_image_id":0,"font":"","enabled":false},"version":2},"_wpas_customize_per_network":false},"categories":[405],"tags":[],"class_list":["post-16423","post","type-post","status-publish","format-standard","has-post-thumbnail","hentry","category-actu-france-monde"],"jetpack_publicize_connections":[],"jetpack_featured_media_url":"https:\/\/i0.wp.com\/www.iceagetv.com\/radiosite\/wp-content\/uploads\/2020\/09\/Lancien-pr%C3%A9sident-de-la-R%C3%A9publique-Val%C3%A9ry-Giscard.png?fit=632%2C273&ssl=1","jetpack_sharing_enabled":true,"_links":{"self":[{"href":"https:\/\/www.iceagetv.com\/radiosite\/wp-json\/wp\/v2\/posts\/16423","targetHints":{"allow":["GET"]}}],"collection":[{"href":"https:\/\/www.iceagetv.com\/radiosite\/wp-json\/wp\/v2\/posts"}],"about":[{"href":"https:\/\/www.iceagetv.com\/radiosite\/wp-json\/wp\/v2\/types\/post"}],"author":[{"embeddable":true,"href":"https:\/\/www.iceagetv.com\/radiosite\/wp-json\/wp\/v2\/users\/2"}],"replies":[{"embeddable":true,"href":"https:\/\/www.iceagetv.com\/radiosite\/wp-json\/wp\/v2\/comments?post=16423"}],"version-history":[{"count":1,"href":"https:\/\/www.iceagetv.com\/radiosite\/wp-json\/wp\/v2\/posts\/16423\/revisions"}],"predecessor-version":[{"id":16425,"href":"https:\/\/www.iceagetv.com\/radiosite\/wp-json\/wp\/v2\/posts\/16423\/revisions\/16425"}],"wp:featuredmedia":[{"embeddable":true,"href":"https:\/\/www.iceagetv.com\/radiosite\/wp-json\/wp\/v2\/media\/16424"}],"wp:attachment":[{"href":"https:\/\/www.iceagetv.com\/radiosite\/wp-json\/wp\/v2\/media?parent=16423"}],"wp:term":[{"taxonomy":"category","embeddable":true,"href":"https:\/\/www.iceagetv.com\/radiosite\/wp-json\/wp\/v2\/categories?post=16423"},{"taxonomy":"post_tag","embeddable":true,"href":"https:\/\/www.iceagetv.com\/radiosite\/wp-json\/wp\/v2\/tags?post=16423"}],"curies":[{"name":"wp","href":"https:\/\/api.w.org\/{rel}","templated":true}]}}