{"id":16433,"date":"2020-09-15T16:44:02","date_gmt":"2020-09-15T16:44:02","guid":{"rendered":"http:\/\/www.iceagetv.com\/radiosite\/?p=16433"},"modified":"2020-09-15T16:44:02","modified_gmt":"2020-09-15T16:44:02","slug":"le-louvre-lance-un-appel-aux-dons-qui-beneficiera-aux-jardins-des-tuileries-et-visera-a-renover-le-grande-allee-qui-va-jusqua-la-place-de-la-concorde","status":"publish","type":"post","link":"https:\/\/www.iceagetv.com\/radiosite\/le-louvre-lance-un-appel-aux-dons-qui-beneficiera-aux-jardins-des-tuileries-et-visera-a-renover-le-grande-allee-qui-va-jusqua-la-place-de-la-concorde\/","title":{"rendered":"Le Louvre lance un appel aux dons qui b\u00e9n\u00e9ficiera aux Jardins des Tuileries et visera \u00e0 r\u00e9nover le \u00ab\u00a0Grande All\u00e9e\u00a0\u00bb qui va jusqu&rsquo;\u00e0 la place de la Concorde"},"content":{"rendered":"\n<p>Le Louvre a lanc\u00e9 comme chaque ann\u00e9e un appel aux dons dans le cadre de son initiative \u00ab\u00a0Tous m\u00e9c\u00e8nes\u00a0\u00bb, qui b\u00e9n\u00e9ficiera aux Jardins des Tuileries et visera \u00e0 r\u00e9nover le \u00ab\u00a0Grande All\u00e9e\u00a0\u00bb qui va jusqu&rsquo;\u00e0 la place de la Concorde.<\/p>\n\n\n\n<p>Cette all\u00e9e, dans l&rsquo;alignement des Champs-\u00c9lys\u00e9es, avait \u00e9t\u00e9 con\u00e7ue en 1665 par Andr\u00e9 Le N\u00f4tre, cr\u00e9ateur des Jardins de Louis XIV \u00ab\u00a0\u00e0 la fran\u00e7aise\u00a0\u00bb.<\/p>\n\n\n\n<p>Un programme de rev\u00e9g\u00e9talisation des Tuileries est pr\u00e9vu sur cinq ans, et doit permettre \u00ab\u00a0au jardin de retrouver toute sa beaut\u00e9 et sa richesse historique\u00a0\u00bb, a indiqu\u00e9 le Louvre.<\/p>\n\n\n\n<p>92 ormes doivent \u00eatre replant\u00e9s d\u00e8s cet hiver, en deux alignements le long de cette all\u00e9e, a indiqu\u00e9 le mus\u00e9e qui a lanc\u00e9 un appel \u00e0 r\u00e9unir un minimum d&rsquo;un million d&rsquo;euros avant le 15 janvier prochain. L&rsquo;all\u00e9e r\u00e9nov\u00e9e devrait \u00eatre inaugur\u00e9e au printemps.<\/p>\n\n\n\n<p>Les ormes, plant\u00e9s autrefois en abondance et adapt\u00e9s au sol des Tuileries, avaient presque disparu de ce parc, victimes de plusieurs facteurs, dont une maladie, la graphiose, dans les ann\u00e9es 70.<\/p>\n\n\n\n<p>Comme chaque ann\u00e9e, un \u00ab\u00a0ambassadeur\u00a0\u00bb a \u00e9t\u00e9 d\u00e9sign\u00e9 pour porter le projet. Ce sera St\u00e9phane Marie, pr\u00e9sentateur de l&rsquo;\u00e9mission \u00ab\u00a0Silence, \u00e7a pousse\u00a0\u00bb sur France 5.<\/p>\n\n\n\n<p>L&rsquo;an dernier \u00ab\u00a0Tous m\u00e9c\u00e8nes\u00a0\u00bb, parrain\u00e9 par le photographe Nikos Aliagas, avait financ\u00e9 la restauration d&rsquo;une statue de bronze, \u00ab\u00a0Apollon cithar\u00e8de\u00a0\u00bb retrouv\u00e9e sous les cendres de l&rsquo;\u00e9ruption du V\u00e9suve \u00e0 Pomp\u00e9i.<\/p>\n\n\n\n<p>Depuis 2010, les campagnes ont permis par exemple de compl\u00e9ter les fonds pour l&rsquo;acquisition des Trois Gr\u00e2ces de Lucas Cranach, de parfaire la restauration de l&rsquo;Arc du Carrousel ou de la Victoire de Samothrace, ou encore de reconstituer le Mastaba d&rsquo;Akheth\u00e9tep.<\/p>\n\n\n\n<p>Dans les Tuileries, la restauration du \u00ab\u00a0Bosquet des Oiseaux\u00a0\u00bb, havre de verdure de 3.000 m\u00b2 au croisement de l\u2019esplanade des Feuillants et de l\u2019all\u00e9e de Diane, vient par ailleurs de s\u2019achever, premi\u00e8re \u00e9tape du programme de rev\u00e9g\u00e9talisation de cinq ans du parc.<\/p>\n\n\n\n<p>Les plantations ont \u00e9t\u00e9 r\u00e9alis\u00e9es avec une volont\u00e9 de gestion durable et de diversification de la palette v\u00e9g\u00e9tale. En raison de l\u2019\u00e2ge avanc\u00e9 de certains arbres, du tassement des sols et de la faible biodiversit\u00e9, ce jardin royal pr\u00e9sente aujourd\u2019hui un aspect appauvri. Au XVIe si\u00e8cle, 71% de sa surface \u00e9tait plant\u00e9e. Elle ne l\u2019est plus qu\u2019\u00e0 42%.<\/p>\n","protected":false},"excerpt":{"rendered":"<p>Le Louvre a lanc\u00e9 comme chaque ann\u00e9e un appel aux dons dans le cadre de son initiative \u00ab\u00a0Tous m\u00e9c\u00e8nes\u00a0\u00bb, qui b\u00e9n\u00e9ficiera aux Jardins des Tuileries et visera \u00e0 r\u00e9nover le \u00ab\u00a0Grande All\u00e9e\u00a0\u00bb qui va jusqu&rsquo;\u00e0 la place de la Concorde. Cette all\u00e9e, dans l&rsquo;alignement des Champs-\u00c9lys\u00e9es, avait \u00e9t\u00e9 con\u00e7ue en 1665 par Andr\u00e9 Le N\u00f4tre, [&hellip;]<\/p>\n","protected":false},"author":2,"featured_media":16434,"comment_status":"open","ping_status":"open","sticky":false,"template":"","format":"standard","meta":{"_jetpack_memberships_contains_paid_content":false,"footnotes":"","jetpack_publicize_message":"","jetpack_publicize_feature_enabled":true,"jetpack_social_post_already_shared":true,"jetpack_social_options":{"image_generator_settings":{"template":"highway","default_image_id":0,"font":"","enabled":false},"version":2},"_wpas_customize_per_network":false},"categories":[68],"tags":[],"class_list":["post-16433","post","type-post","status-publish","format-standard","has-post-thumbnail","hentry","category-actu-culturelle"],"jetpack_publicize_connections":[],"jetpack_featured_media_url":"https:\/\/i0.wp.com\/www.iceagetv.com\/radiosite\/wp-content\/uploads\/2020\/09\/Le-Louvre-lance-un-appel-aux-dons-qui-b%C3%A9n%C3%A9ficiera-aux-Jardins-des-Tuileries.png?fit=620%2C270&ssl=1","jetpack_sharing_enabled":true,"_links":{"self":[{"href":"https:\/\/www.iceagetv.com\/radiosite\/wp-json\/wp\/v2\/posts\/16433","targetHints":{"allow":["GET"]}}],"collection":[{"href":"https:\/\/www.iceagetv.com\/radiosite\/wp-json\/wp\/v2\/posts"}],"about":[{"href":"https:\/\/www.iceagetv.com\/radiosite\/wp-json\/wp\/v2\/types\/post"}],"author":[{"embeddable":true,"href":"https:\/\/www.iceagetv.com\/radiosite\/wp-json\/wp\/v2\/users\/2"}],"replies":[{"embeddable":true,"href":"https:\/\/www.iceagetv.com\/radiosite\/wp-json\/wp\/v2\/comments?post=16433"}],"version-history":[{"count":1,"href":"https:\/\/www.iceagetv.com\/radiosite\/wp-json\/wp\/v2\/posts\/16433\/revisions"}],"predecessor-version":[{"id":16435,"href":"https:\/\/www.iceagetv.com\/radiosite\/wp-json\/wp\/v2\/posts\/16433\/revisions\/16435"}],"wp:featuredmedia":[{"embeddable":true,"href":"https:\/\/www.iceagetv.com\/radiosite\/wp-json\/wp\/v2\/media\/16434"}],"wp:attachment":[{"href":"https:\/\/www.iceagetv.com\/radiosite\/wp-json\/wp\/v2\/media?parent=16433"}],"wp:term":[{"taxonomy":"category","embeddable":true,"href":"https:\/\/www.iceagetv.com\/radiosite\/wp-json\/wp\/v2\/categories?post=16433"},{"taxonomy":"post_tag","embeddable":true,"href":"https:\/\/www.iceagetv.com\/radiosite\/wp-json\/wp\/v2\/tags?post=16433"}],"curies":[{"name":"wp","href":"https:\/\/api.w.org\/{rel}","templated":true}]}}