{"id":16436,"date":"2020-09-15T16:49:24","date_gmt":"2020-09-15T16:49:24","guid":{"rendered":"http:\/\/www.iceagetv.com\/radiosite\/?p=16436"},"modified":"2020-09-15T16:49:24","modified_gmt":"2020-09-15T16:49:24","slug":"5g-exposition-aux-ondes-electromagnetiques-pas-deffets-nefastes-sous-les-valeurs-recommandees-selon-un-rapport-gouvernemental","status":"publish","type":"post","link":"https:\/\/www.iceagetv.com\/radiosite\/5g-exposition-aux-ondes-electromagnetiques-pas-deffets-nefastes-sous-les-valeurs-recommandees-selon-un-rapport-gouvernemental\/","title":{"rendered":"5G \/ Exposition aux ondes \u00e9lectromagn\u00e9tiques : \u00ab\u00a0Pas d&rsquo;effets n\u00e9fastes\u00a0\u00bb sous les valeurs recommand\u00e9es, selon un rapport gouvernemental"},"content":{"rendered":"\n<p>Un rapport, command\u00e9 par le gouvernement dans le cadre du d\u00e9ploiement de la 5G, souligne qu&rsquo;il n&rsquo;y a pas \u00ab\u00a0d&rsquo;effets n\u00e9fastes av\u00e9r\u00e9s \u00e0 court terme en-dessous\u00a0\u00bb des valeurs limites recommand\u00e9es concernant l&rsquo;exposition aux ondes \u00e9lectromagn\u00e9tiques, alors que la nouvelle technologie mobile fait d\u00e9bat. Remis mardi, ce rapport avait \u00e9t\u00e9 command\u00e9 au d\u00e9but de l&rsquo;\u00e9t\u00e9 par le gouvernement pour r\u00e9pondre \u00e0 la demande de \u00ab\u00a0moratoire\u00a0\u00bb sur l&rsquo;attribution des premi\u00e8res fr\u00e9quences 5G, exprim\u00e9e par la Convention citoyenne pour le climat. Il a \u00e9t\u00e9 \u00e9tabli par le Conseil g\u00e9n\u00e9ral de l&rsquo;environnement et du d\u00e9veloppement durable, l&rsquo;Inspection g\u00e9n\u00e9rale des affaires sociales, l&rsquo;Inspection g\u00e9n\u00e9rale des finances et le Conseil g\u00e9n\u00e9ral de l&rsquo;\u00e9conomie.<\/p>\n\n\n\n<p>Concernant les effets sur la sant\u00e9 des ondes \u00e9lectromagn\u00e9tiques, \u00ab\u00a0il n&rsquo;existe pas, selon le consensus des agences sanitaires nationales et internationales, d&rsquo;effets n\u00e9fastes av\u00e9r\u00e9s \u00e0 court terme, en-dessous des valeurs limites d&rsquo;exposition recommand\u00e9es\u00a0\u00bb, \u00e9crivent les auteurs, qui s&rsquo;appuient sur \u00ab\u00a0un grand nombre\u00a0\u00bb d&rsquo;\u00e9tudes publi\u00e9s sur le sujet depuis 1950. \u00ab\u00a0Les \u00e9ventuels effets de long terme, canc\u00e9rog\u00e8nes ou non, difficiles \u00e0 mettre en \u00e9vidence, sont \u00e0 ce stade, pour l&rsquo;essentiel, non av\u00e9r\u00e9s selon les m\u00eames agences nationales et internationales\u00a0\u00bb, ajoutent-ils. L&rsquo;Agence nationale de s\u00e9curit\u00e9 sanitaire (Anses), qui avait relev\u00e9 en janvier le manque de donn\u00e9es scientifiques sur le sujet, doit rendre son rapport final en mars 2021.<\/p>\n\n\n\n<p>Le rapport, qui s&rsquo;appuie sur un comparatif avec une vingtaine de pays, pointe aussi le \u00ab\u00a0relatif retard\u00a0\u00bb de la France aussi bien pour l&rsquo;attribution des fr\u00e9quences que pour le lancement commercial de leur r\u00e9seau 5G, soulignant qu'\u00a0\u00bbaucun pays n&rsquo;a organis\u00e9 de concertation citoyenne nationale sp\u00e9cifiquement d\u00e9di\u00e9e \u00e0 la 5G\u00a0\u00bb. Les ench\u00e8res pour l&rsquo;attribution des premi\u00e8res fr\u00e9quences de la 5G doivent se tenir en septembre, ouvrant la voie \u00e0 des premi\u00e8res offres commerciales dans certaines villes d&rsquo;ici \u00e0 la fin de l&rsquo;ann\u00e9e. Pr\u00e8s de 70 \u00e9lus de gauche et \u00e9cologistes, parmi lesquels Jean-Luc M\u00e9lenchon, Yannick Jadot ou la maire de Marseille Mich\u00e8le Rubirola, ont demand\u00e9 dans une tribune publi\u00e9e dimanche un moratoire sur le d\u00e9ploiement du futur r\u00e9seau mobile. Une demande balay\u00e9e par Emmanuel Macron, qui a r\u00e9affirm\u00e9 lundi que \u00ab\u00a0la France (allait) prendre le tournant de la 5G\u00a0\u00bb, en ironisant sur ceux qui pr\u00e9f\u00e8reraient \u00ab\u00a0le mod\u00e8le Amish\u00a0\u00bb et le \u00ab\u00a0retour \u00e0 la lampe \u00e0 huile\u00a0\u00bb.<\/p>\n","protected":false},"excerpt":{"rendered":"<p>Un rapport, command\u00e9 par le gouvernement dans le cadre du d\u00e9ploiement de la 5G, souligne qu&rsquo;il n&rsquo;y a pas \u00ab\u00a0d&rsquo;effets n\u00e9fastes av\u00e9r\u00e9s \u00e0 court terme en-dessous\u00a0\u00bb des valeurs limites recommand\u00e9es concernant l&rsquo;exposition aux ondes \u00e9lectromagn\u00e9tiques, alors que la nouvelle technologie mobile fait d\u00e9bat. Remis mardi, ce rapport avait \u00e9t\u00e9 command\u00e9 au d\u00e9but de l&rsquo;\u00e9t\u00e9 par [&hellip;]<\/p>\n","protected":false},"author":2,"featured_media":16437,"comment_status":"open","ping_status":"open","sticky":false,"template":"","format":"standard","meta":{"_jetpack_memberships_contains_paid_content":false,"footnotes":"","jetpack_publicize_message":"","jetpack_publicize_feature_enabled":true,"jetpack_social_post_already_shared":true,"jetpack_social_options":{"image_generator_settings":{"template":"highway","default_image_id":0,"font":"","enabled":false},"version":2},"_wpas_customize_per_network":false},"categories":[16],"tags":[],"class_list":["post-16436","post","type-post","status-publish","format-standard","has-post-thumbnail","hentry","category-actu-high-tech"],"jetpack_publicize_connections":[],"jetpack_featured_media_url":"https:\/\/i0.wp.com\/www.iceagetv.com\/radiosite\/wp-content\/uploads\/2020\/09\/5G-Exposition.png?fit=624%2C274&ssl=1","jetpack_sharing_enabled":true,"_links":{"self":[{"href":"https:\/\/www.iceagetv.com\/radiosite\/wp-json\/wp\/v2\/posts\/16436","targetHints":{"allow":["GET"]}}],"collection":[{"href":"https:\/\/www.iceagetv.com\/radiosite\/wp-json\/wp\/v2\/posts"}],"about":[{"href":"https:\/\/www.iceagetv.com\/radiosite\/wp-json\/wp\/v2\/types\/post"}],"author":[{"embeddable":true,"href":"https:\/\/www.iceagetv.com\/radiosite\/wp-json\/wp\/v2\/users\/2"}],"replies":[{"embeddable":true,"href":"https:\/\/www.iceagetv.com\/radiosite\/wp-json\/wp\/v2\/comments?post=16436"}],"version-history":[{"count":1,"href":"https:\/\/www.iceagetv.com\/radiosite\/wp-json\/wp\/v2\/posts\/16436\/revisions"}],"predecessor-version":[{"id":16438,"href":"https:\/\/www.iceagetv.com\/radiosite\/wp-json\/wp\/v2\/posts\/16436\/revisions\/16438"}],"wp:featuredmedia":[{"embeddable":true,"href":"https:\/\/www.iceagetv.com\/radiosite\/wp-json\/wp\/v2\/media\/16437"}],"wp:attachment":[{"href":"https:\/\/www.iceagetv.com\/radiosite\/wp-json\/wp\/v2\/media?parent=16436"}],"wp:term":[{"taxonomy":"category","embeddable":true,"href":"https:\/\/www.iceagetv.com\/radiosite\/wp-json\/wp\/v2\/categories?post=16436"},{"taxonomy":"post_tag","embeddable":true,"href":"https:\/\/www.iceagetv.com\/radiosite\/wp-json\/wp\/v2\/tags?post=16436"}],"curies":[{"name":"wp","href":"https:\/\/api.w.org\/{rel}","templated":true}]}}