{"id":16449,"date":"2020-09-17T15:19:16","date_gmt":"2020-09-17T15:19:16","guid":{"rendered":"http:\/\/www.iceagetv.com\/radiosite\/?p=16449"},"modified":"2020-09-17T15:19:16","modified_gmt":"2020-09-17T15:19:16","slug":"a-la-surprise-generale-tf1-choisit-marie-sophie-lacarrau-de-france-2-pour-remplacer-jean-pierre-pernaut-au-13-heures-decouvrez-la-premiere-reaction-de-jean-pierre-pernaut","status":"publish","type":"post","link":"https:\/\/www.iceagetv.com\/radiosite\/a-la-surprise-generale-tf1-choisit-marie-sophie-lacarrau-de-france-2-pour-remplacer-jean-pierre-pernaut-au-13-heures-decouvrez-la-premiere-reaction-de-jean-pierre-pernaut\/","title":{"rendered":"A la surprise g\u00e9n\u00e9rale, TF1 choisit Marie-Sophie Lacarrau de France 2 pour remplacer Jean-Pierre Pernaut au 13 Heures &#8211; D\u00e9couvrez la premi\u00e8re r\u00e9action de Jean-Pierre Pernaut"},"content":{"rendered":"\n<p>Depuis l&rsquo;annonce du d\u00e9part de Jean-Pierre Pernaut du 13h de TF1, une question se pose : qui pour le remplacer?<br>La d\u00e9cision a \u00e9t\u00e9 prise, et c&rsquo;est une surprise car son nom n&rsquo;a jamais \u00e9t\u00e9 cit\u00e9 jusque l\u00e0. C&rsquo;est Marie-Sophie Lacarrau, qui officie actuellement sur France 2 qui occupera ce poste, annonce TF1.<\/p>\n\n\n\n<p>La journaliste rejoint la r\u00e9daction et pr\u00e9sentera l\u2019\u00e9dition du 13H semaine d\u00e8s janvier prochain.<br>Pr\u00e9sentatrice des \u00e9ditions r\u00e9gionales de France 3 Midi-Pyr\u00e9n\u00e9es, joker des JT de France 3 et France 2, puis titulaire du 13 Heures de France 2,&nbsp;Marie-Sophie Lacarrau&nbsp;prend les commandes de l\u2019\u00e9dition de la mi-journ\u00e9e la plus regard\u00e9e d\u2019Europe. Jacques Legros reste quant \u00e0 lui le joker de cette \u00e9dition.<br>Pour Thierry Thuillier,&nbsp;Directeur G\u00e9n\u00e9ral Adjoint en charge de l\u2019information du Groupe TF1 :<br>\u00abAvec Gilles P\u00e9lisson, nous sommes tr\u00e8s heureux d\u2019accueillir Marie-Sophie Lacarrau \u00e0 la t\u00eate du JT de 13H. Son exp\u00e9rience \u00e0 la t\u00eate de l\u2019\u00e9dition d\u2019un journal TV, d\u2019\u00e9ditions sp\u00e9ciales d\u2019information et de grandes \u00e9missions de prime time, associ\u00e9e \u00e0 une solide connaissance du terrain et des r\u00e9gions, constituent des atouts tr\u00e8s forts pour porter haut les couleurs du 13H.&nbsp; Avec l\u2019\u00e9quipe qui&nbsp; fait son succ\u00e8s, elle incarnera le changement dans la continuit\u00e9 dans cette nouvelle page que la r\u00e9daction de TF1 s\u2019appr\u00eate&nbsp; \u00e0 \u00e9crire.&nbsp;Je fais confiance \u00e0 Marie-Sophie pour continuer \u00e0 d\u00e9velopper le lien unique de ce rendez-vous avec le public, avec le professionnalisme qu\u2019on lui conna\u00eet et sa personnalit\u00e9 chaleureuse.\u00bb<br>Pour Marie-Sophie Lacarrau :<br>\u00ab C\u2019est un immense honneur et une grande fiert\u00e9 de rejoindre la r\u00e9daction de TF1 et de succ\u00e9der \u00e0 Jean-Pierre Pernaut. Je remercie Gilles P\u00e9lisson et Thierry Thuillier de leur confiance et j\u2019ai h\u00e2te de me mettre au travail avec l\u2019\u00e9quipe du 13h. Je remercie aussi la r\u00e9daction de France 2 et France T\u00e9l\u00e9visions pour ces 4 derni\u00e8res belles ann\u00e9es.\u00bb<\/p>\n\n\n\n<p><strong>Sur Twitter, quelques minutes apr\u00e8s l&rsquo;officialisation de cette annonce, Jean-Pierre Pernaut a tenu \u00e0 lui souhaiter la bienvenue. \u00ab\u00a0Je garde le fauteuil tout chaud jusqu\u2019\u00e0 la fin de l\u2019ann\u00e9e\u00a0\u00bb, d\u00e9clare l&rsquo;actuel pr\u00e9sentateur du 13h en pr\u00e9cisant que le JT de la mi-journ\u00e9e est \u00ab\u00a0un journal magique avec une \u00e9quipe et des correspondants en r\u00e9gions qui le sont tout autant\u00a0\u00bb.<\/strong> <strong>Biographie Marie-Sophie Lacarrau :<\/strong><br>N\u00e9e le 20 septembre 1975 \u00e0 Villefranche de Rouergue, mari\u00e9e et m\u00e8re de deux enfants, Marie-Sophie Lacarrau d\u00e9marre sa carri\u00e8re de journaliste apr\u00e8s des \u00e9tudes de lettres modernes \u00e0 Toulouse.<br>De 1996 \u00e0 1999, Marie-Sophie Lacarrau multiplie les exp\u00e9riences en presse \u00e9crite (Midi Libre) et en t\u00e9l\u00e9vision \u00e0 LCI, M6, puis T\u00e9l\u00e9 Grand Tourisme, Eurosport et La Cha\u00eene M\u00e9t\u00e9o.<br>Elle int\u00e8gre France T\u00e9l\u00e9visions en 2000, en tant que reporter pour France 3 Quercy Rouergue, puis France 3 Midi-Pyr\u00e9n\u00e9es. Marie-Sophie pr\u00e9sente son premier JT \u00e0 France 3 Midi-Pyr\u00e9n\u00e9es pendant les f\u00eates de No\u00ebl 2005. De 2006 \u00e0 2016, elle pr\u00e9sente les 12-13 et 19-20 de France 3 Midi-Pyr\u00e9n\u00e9es.<br>Elle devient joker de Catherine Matausch (JT du week-end) \u00e9t\u00e9 2010, puis de Carole Gaessler au 19-20 de France 3, de septembre 2010 \u00e0 ao\u00fbt 2014, avant de devenir celui d\u2019Elise Lucet au 13H de France2 de 2014 \u00e0 2016.<br>Depuis septembre 2016, Marie-Sophie Lacarrau est la pr\u00e9sentatrice titulaire du JT de 13H de France 2. Dans ce cadre, elle pr\u00e9sente les \u00e9ditions sp\u00e9ciales de la r\u00e9daction parmi lesquelles le d\u00e9fil\u00e9 du 14 juillet, les \u00e9ditions consacr\u00e9es \u00e0 Jacques Chirac, Notre Dame de Paris, ainsi que des grandes \u00e9missions Le Sidaction, la c\u00e9r\u00e9monie des Moli\u00e8res, Les Victoires de la Musique, Ensemble pour les Antilles, No\u00ebl avec nos soldats, la dict\u00e9e pour tous\u2026. Depuis 2019, elle pr\u00e9sente \u00e9galement l\u2019\u00e9mission Prodiges.<br>A partir du 4 janvier 2021, Marie-Sophie Lacarrau pr\u00e9sente le JT de 13H de TF1. <br><\/p>\n","protected":false},"excerpt":{"rendered":"<p>Depuis l&rsquo;annonce du d\u00e9part de Jean-Pierre Pernaut du 13h de TF1, une question se pose : qui pour le remplacer?La d\u00e9cision a \u00e9t\u00e9 prise, et c&rsquo;est une surprise car son nom n&rsquo;a jamais \u00e9t\u00e9 cit\u00e9 jusque l\u00e0. C&rsquo;est Marie-Sophie Lacarrau, qui officie actuellement sur France 2 qui occupera ce poste, annonce TF1. La journaliste rejoint [&hellip;]<\/p>\n","protected":false},"author":2,"featured_media":16450,"comment_status":"open","ping_status":"open","sticky":false,"template":"","format":"standard","meta":{"_jetpack_memberships_contains_paid_content":false,"footnotes":"","jetpack_publicize_message":"","jetpack_publicize_feature_enabled":true,"jetpack_social_post_already_shared":true,"jetpack_social_options":{"image_generator_settings":{"template":"highway","default_image_id":0,"font":"","enabled":false},"version":2},"_wpas_customize_per_network":false},"categories":[405],"tags":[],"class_list":["post-16449","post","type-post","status-publish","format-standard","has-post-thumbnail","hentry","category-actu-france-monde"],"jetpack_publicize_connections":[],"jetpack_featured_media_url":"https:\/\/i0.wp.com\/www.iceagetv.com\/radiosite\/wp-content\/uploads\/2020\/09\/Marie-Sophie-Lacarrau-de-France-2.png?fit=886%2C384&ssl=1","jetpack_sharing_enabled":true,"_links":{"self":[{"href":"https:\/\/www.iceagetv.com\/radiosite\/wp-json\/wp\/v2\/posts\/16449","targetHints":{"allow":["GET"]}}],"collection":[{"href":"https:\/\/www.iceagetv.com\/radiosite\/wp-json\/wp\/v2\/posts"}],"about":[{"href":"https:\/\/www.iceagetv.com\/radiosite\/wp-json\/wp\/v2\/types\/post"}],"author":[{"embeddable":true,"href":"https:\/\/www.iceagetv.com\/radiosite\/wp-json\/wp\/v2\/users\/2"}],"replies":[{"embeddable":true,"href":"https:\/\/www.iceagetv.com\/radiosite\/wp-json\/wp\/v2\/comments?post=16449"}],"version-history":[{"count":1,"href":"https:\/\/www.iceagetv.com\/radiosite\/wp-json\/wp\/v2\/posts\/16449\/revisions"}],"predecessor-version":[{"id":16451,"href":"https:\/\/www.iceagetv.com\/radiosite\/wp-json\/wp\/v2\/posts\/16449\/revisions\/16451"}],"wp:featuredmedia":[{"embeddable":true,"href":"https:\/\/www.iceagetv.com\/radiosite\/wp-json\/wp\/v2\/media\/16450"}],"wp:attachment":[{"href":"https:\/\/www.iceagetv.com\/radiosite\/wp-json\/wp\/v2\/media?parent=16449"}],"wp:term":[{"taxonomy":"category","embeddable":true,"href":"https:\/\/www.iceagetv.com\/radiosite\/wp-json\/wp\/v2\/categories?post=16449"},{"taxonomy":"post_tag","embeddable":true,"href":"https:\/\/www.iceagetv.com\/radiosite\/wp-json\/wp\/v2\/tags?post=16449"}],"curies":[{"name":"wp","href":"https:\/\/api.w.org\/{rel}","templated":true}]}}