{"id":16452,"date":"2020-09-18T13:47:25","date_gmt":"2020-09-18T13:47:25","guid":{"rendered":"http:\/\/www.iceagetv.com\/radiosite\/?p=16452"},"modified":"2020-09-18T13:47:25","modified_gmt":"2020-09-18T13:47:25","slug":"covid-19-quelles-sont-les-14-villes-francaises-qui-inquietent-le-plus","status":"publish","type":"post","link":"https:\/\/www.iceagetv.com\/radiosite\/covid-19-quelles-sont-les-14-villes-francaises-qui-inquietent-le-plus\/","title":{"rendered":"Covid-19. Quelles sont les 14 villes fran\u00e7aises qui inqui\u00e8tent le plus ?"},"content":{"rendered":"\n<p>C\u2019est un top 14 dans lequel les grandes m\u00e9tropoles aimeraient bien ne pas figurer. Jeudi 17 septembre 2020, Olivier V\u00e9ran, ministre de la Sant\u00e9, a d\u00e9voil\u00e9&nbsp;<a href=\"https:\/\/www.ouest-france.fr\/sante\/virus\/coronavirus\/covid-19-ce-qu-il-faut-retenir-des-annonces-d-olivier-veran-6977908\" target=\"_blank\" rel=\"noreferrer noopener\">une liste de quatorze grandes villes (et deux d\u00e9partements d\u2019outre-Mer)<\/a>, qui font l\u2019objet d\u2019une surveillance accrue en raison d\u2019une inqui\u00e9tante propagation du&nbsp;<a href=\"https:\/\/www.ouest-france.fr\/sante\/virus\/coronavirus\/\">Covid-19<\/a>.<\/p>\n\n\n\n<h2 class=\"wp-block-heading\">Marseille, trop de tests positifs<\/h2>\n\n\n\n<p>Avec 279 tests positifs pour 100 000 habitants, la cit\u00e9 phoc\u00e9enne pr\u00e9sente le taux d\u2019incidence le plus \u00e9lev\u00e9 en France. Ce qui fait craindre le pire pour la ville du professeur Didier Raoult. Si la situation ne s\u2019am\u00e9liore pas dans les jours \u00e0 venir,&nbsp;<strong>\u00ab il faudra sans doute prendre des mesures encore plus fortes,<\/strong>&nbsp;a pr\u00e9venu le ministre de la Sant\u00e9,&nbsp;<strong>avec la possible fermeture des bars ou l\u2019interdiction des rassemblements publics \u00bb,<\/strong>&nbsp;\u00e0 Marseille, mais aussi en Guadeloupe.<\/p>\n\n\n\n<h2 class=\"wp-block-heading\">Nice et Lyon, un tour de vis attendu<\/h2>\n\n\n\n<p>Autres m\u00e9tropoles sous haute surveillance : Nice et Lyon. Devant la propagation du virus dans ces deux autres grandes villes de France, le ministre a demand\u00e9 aux pr\u00e9fets du Rh\u00f4ne et des Alpes-Maritimes de proposer, d\u2019ici samedi, en concertation avec les \u00e9lus locaux,&nbsp;<strong>\u00ab des mesures pour enrayer la circulation du virus et limiter son impact sur le syst\u00e8me sanitaire \u00bb.<\/strong><\/p>\n\n\n\n<p>La d\u00e9cision est tomb\u00e9e ce vendredi pour Nice, o\u00f9 les rassemblements de plus de dix personnes dans les parcs, jardins, plages et sur les quais sont d\u00e9sormais interdits.<\/p>\n\n\n\n<h2 class=\"wp-block-heading\">Bordeaux, statu quo<\/h2>\n\n\n\n<p>Deuxi\u00e8me ville au taux d\u2019incidence le plus \u00e9lev\u00e9 derri\u00e8re Marseille, Bordeaux est toujours marqu\u00e9e \u00e0 la culotte. Les mesures d\u00e9j\u00e0 en vigueur dans ces deux villes, \u2013 l\u2019interdiction de rassemblements de plus de 10 personnes dans les parcs ou sur les plages, la r\u00e9duction de la jauge de 5 000 \u00e0 1 000 pour les grands \u00e9v\u00e9nements et l\u2019annulation de certains de ces \u00e9v\u00e9nements -, restent d\u2019actualit\u00e9. Mais \u00e0 l\u2019inverse de Marseille, un durcissement n\u2019est pas envisag\u00e9 \u00e0 Bordeaux. Jeudi 17 septembre, nos confr\u00e8res de\u00a0<em>Sud Ouest<\/em>, dans un reportage au centre hospitalier, observaient que\u00a0<a href=\"https:\/\/www.sudouest.fr\/2020\/09\/17\/covid-19-la-premiere-vague-deferle-a-bordeaux-reportage-au-service-reanimation-du-chu-7857453-2780.php?fromsar=conseilRedac\">\u00ab le service r\u00e9animation de l\u2019h\u00f4pital Saint-Andr\u00e9 \u00e0 Bordeaux est plein, ce qui signifie que le flux est tendu \u00bb.<\/a><\/p>\n\n\n\n<h2 class=\"wp-block-heading\">Paris, jusque-l\u00e0, \u00e7a va \u00e0 peu pr\u00e8s\u2026<\/h2>\n\n\n\n<p>Au regard du fameux taux d\u2019incidence, Paris n\u2019arrive \u00ab qu\u2019en \u00bb neuvi\u00e8me position des villes fran\u00e7aises les plus touch\u00e9es. Donc pas de nouvelles mesures annonc\u00e9es par le ministre de la Sant\u00e9. Mais jeudi soir, dans la foul\u00e9e de la conf\u00e9rence de presse minist\u00e9rielle,&nbsp;<em>Le Parisien<\/em>&nbsp;r\u00e9v\u00e9lait que,&nbsp;<strong>\u00ab convoqu\u00e9s, jeudi soir, \u00e0 la pr\u00e9fecture de police,&nbsp;<a href=\"https:\/\/www.leparisien.fr\/paris-75\/mesures-sanitaires-a-paris-la-police-annonce-un-nouveau-tour-de-vis-pour-les-bars-negligents-17-09-2020-8386896.php\">les repr\u00e9sentants des bars ont eu droit \u00e0 un s\u00e9v\u00e8re rappel \u00e0 l\u2019ordre sur le protocole sanitaire. S\u2019il n\u2019est pas respect\u00e9, les sanctions vont tomber \u00bb.<\/a><\/strong><\/p>\n\n\n\n<h2 class=\"wp-block-heading\">Dans l\u2019Ouest, Rennes inqui\u00e8te<\/h2>\n\n\n\n<p>La capitale bretonne pointe \u00e0 la sixi\u00e8me place au classement du taux d\u2019incidence (158 tests positifs pour 100 000 habitants) des villes de France. Avec Rouen, elle est la seule ville de l\u2019Ouest apparaissant dans le tableau des quatorze villes sous surveillance. Donc, vu du minist\u00e8re, pas d\u2019obligation de renforcer les interdictions mais pour autant, pr\u00e9fecture et collectivit\u00e9s prennent les devants.&nbsp;<a href=\"https:\/\/www.ouest-france.fr\/bretagne\/rennes-35000\/covid-a-rennes-bars-fermes-a-23-h-cinemas-rassemblements-de-nouvelles-mesures-annoncees-6973245\">Mercredi 16 septembre, la pr\u00e9fecture a resserr\u00e9 les boulons pour les sorties au cin\u00e9ma, dans les bars, les rassemblements<\/a>\u2026 Par ailleurs,&nbsp;<a href=\"https:\/\/www.ouest-france.fr\/bretagne\/rennes-35000\/covid-19-le-masque-est-desormais-obligatoire-dans-les-centres-bourgs-de-rennes-metropole-6978004\">le port du masque est obligatoire dans les communes de Rennes m\u00e9tropole situ\u00e9es \u00e0 l\u2019ext\u00e9rieur de la rocade rennaise.<\/a><\/p>\n\n\n\n<p><\/p>\n","protected":false},"excerpt":{"rendered":"<p>C\u2019est un top 14 dans lequel les grandes m\u00e9tropoles aimeraient bien ne pas figurer. Jeudi 17 septembre 2020, Olivier V\u00e9ran, ministre de la Sant\u00e9, a d\u00e9voil\u00e9&nbsp;une liste de quatorze grandes villes (et deux d\u00e9partements d\u2019outre-Mer), qui font l\u2019objet d\u2019une surveillance accrue en raison d\u2019une inqui\u00e9tante propagation du&nbsp;Covid-19. Marseille, trop de tests positifs Avec 279 tests [&hellip;]<\/p>\n","protected":false},"author":2,"featured_media":16453,"comment_status":"open","ping_status":"open","sticky":false,"template":"","format":"standard","meta":{"_jetpack_memberships_contains_paid_content":false,"footnotes":"","jetpack_publicize_message":"","jetpack_publicize_feature_enabled":true,"jetpack_social_post_already_shared":true,"jetpack_social_options":{"image_generator_settings":{"template":"highway","default_image_id":0,"font":"","enabled":false},"version":2},"_wpas_customize_per_network":false},"categories":[405],"tags":[],"class_list":["post-16452","post","type-post","status-publish","format-standard","has-post-thumbnail","hentry","category-actu-france-monde"],"jetpack_publicize_connections":[],"jetpack_featured_media_url":"https:\/\/i0.wp.com\/www.iceagetv.com\/radiosite\/wp-content\/uploads\/2020\/09\/Quelles-sont-les-14-villes-fran%C3%A7aises-qui-inqui%C3%A8tent-le-plus.png?fit=1269%2C549&ssl=1","jetpack_sharing_enabled":true,"_links":{"self":[{"href":"https:\/\/www.iceagetv.com\/radiosite\/wp-json\/wp\/v2\/posts\/16452","targetHints":{"allow":["GET"]}}],"collection":[{"href":"https:\/\/www.iceagetv.com\/radiosite\/wp-json\/wp\/v2\/posts"}],"about":[{"href":"https:\/\/www.iceagetv.com\/radiosite\/wp-json\/wp\/v2\/types\/post"}],"author":[{"embeddable":true,"href":"https:\/\/www.iceagetv.com\/radiosite\/wp-json\/wp\/v2\/users\/2"}],"replies":[{"embeddable":true,"href":"https:\/\/www.iceagetv.com\/radiosite\/wp-json\/wp\/v2\/comments?post=16452"}],"version-history":[{"count":1,"href":"https:\/\/www.iceagetv.com\/radiosite\/wp-json\/wp\/v2\/posts\/16452\/revisions"}],"predecessor-version":[{"id":16454,"href":"https:\/\/www.iceagetv.com\/radiosite\/wp-json\/wp\/v2\/posts\/16452\/revisions\/16454"}],"wp:featuredmedia":[{"embeddable":true,"href":"https:\/\/www.iceagetv.com\/radiosite\/wp-json\/wp\/v2\/media\/16453"}],"wp:attachment":[{"href":"https:\/\/www.iceagetv.com\/radiosite\/wp-json\/wp\/v2\/media?parent=16452"}],"wp:term":[{"taxonomy":"category","embeddable":true,"href":"https:\/\/www.iceagetv.com\/radiosite\/wp-json\/wp\/v2\/categories?post=16452"},{"taxonomy":"post_tag","embeddable":true,"href":"https:\/\/www.iceagetv.com\/radiosite\/wp-json\/wp\/v2\/tags?post=16452"}],"curies":[{"name":"wp","href":"https:\/\/api.w.org\/{rel}","templated":true}]}}