{"id":16455,"date":"2020-09-18T13:49:52","date_gmt":"2020-09-18T13:49:52","guid":{"rendered":"http:\/\/www.iceagetv.com\/radiosite\/?p=16455"},"modified":"2020-09-18T13:49:52","modified_gmt":"2020-09-18T13:49:52","slug":"canal-assigne-le-groupe-mediapro-en-justice-pour-faire-cesser-linegalite-de-traitement-dont-il-se-dit-victime-concernant-les-conditions-de-distribution-de-la-chaine-telefoot","status":"publish","type":"post","link":"https:\/\/www.iceagetv.com\/radiosite\/canal-assigne-le-groupe-mediapro-en-justice-pour-faire-cesser-linegalite-de-traitement-dont-il-se-dit-victime-concernant-les-conditions-de-distribution-de-la-chaine-telefoot\/","title":{"rendered":"Canal+ assigne le groupe Mediapro en justice \u00ab\u00a0pour faire cesser l&rsquo;in\u00e9galit\u00e9 de traitement\u00a0\u00bb dont il se dit victime concernant les conditions de distribution de la cha\u00eene T\u00e9l\u00e9foot"},"content":{"rendered":"\n<p>Canal+ a d\u00e9cid\u00e9 d&rsquo;assigner le groupe sino-espagnol Mediapro en justice \u00ab\u00a0pour faire cesser l&rsquo;in\u00e9galit\u00e9 de traitement\u00a0\u00bb dont il se dit victime concernant les conditions de distribution de la cha\u00eene T\u00e9l\u00e9foot, a annonc\u00e9 la cha\u00eene crypt\u00e9e vendredi. Lanc\u00e9e fin ao\u00fbt, la cha\u00eene du groupe Mediapro est le nouveau diffuseur principal du championnat de France de football et est notamment disponible par abonnement via des op\u00e9rateurs t\u00e9l\u00e9coms, sur internet et sur les appareils d&rsquo;Apple.<\/p>\n\n\n\n<p>\u00ab\u00a0Prenant acte des conditions qui lui sont impos\u00e9es par le Groupe Mediapro pour la distribution de la cha\u00eene T\u00e9l\u00e9foot, le Groupe Canal+ se voit contraint de saisir le juge judiciaire pour faire cesser l&rsquo;in\u00e9galit\u00e9 de traitement dont il est l&rsquo;objet et obtenir des conditions de reprise \u00e9quitables et non discriminatoires\u00a0\u00bb, explique le communiqu\u00e9.<\/p>\n\n\n\n<p>Une premi\u00e8re audience est pr\u00e9vue le 24 septembre au tribunal de commerce de Nanterre, a pr\u00e9cis\u00e9 le groupe \u00e0 l&rsquo;AFP. Mediapro avait remport\u00e9 \u00e0 la surprise g\u00e9n\u00e9rale, en mai 2018, les principaux droits de diffusion de plus de 80% des matches de L1 et L2 sur la p\u00e9riode 2020-2024 pour un montant record de plus de 800 millions d&rsquo;euros annuels.<\/p>\n\n\n\n<p>Le groupe avait sign\u00e9 coup sur coup une s\u00e9rie d&rsquo;accords depuis fin juillet avec les op\u00e9rateurs SFR, Bouygues Telecom, Free et Orange, ainsi qu&rsquo;un partenariat avec Netflix, pour T\u00e9l\u00e9foot. Selon Canal+, \u00ab\u00a0les conditions pr\u00e9alables \u00e0 toute n\u00e9gociation impos\u00e9es par le Groupe Mediapro\u00a0\u00bb s&rsquo;apparentent \u00ab\u00a0\u00e0 des conditions impossibles, sont irr\u00e9alistes dans les conditions de march\u00e9 actuelles et visent \u00e0 exclure\u00a0\u00bb le groupe fran\u00e7ais \u00ab\u00a0de la distribution de l&rsquo;offre particuli\u00e8rement attractive de football de T\u00e9l\u00e9foot\u00a0\u00bb. Contact\u00e9s par l&rsquo;AFP, Canal+ n&rsquo;a pas souhait\u00e9 d\u00e9tailler ces \u00ab\u00a0conditions\u00a0\u00bb, tandis que Mediapro s&rsquo;est refus\u00e9 \u00e0 tout commentaire.<\/p>\n","protected":false},"excerpt":{"rendered":"<p>Canal+ a d\u00e9cid\u00e9 d&rsquo;assigner le groupe sino-espagnol Mediapro en justice \u00ab\u00a0pour faire cesser l&rsquo;in\u00e9galit\u00e9 de traitement\u00a0\u00bb dont il se dit victime concernant les conditions de distribution de la cha\u00eene T\u00e9l\u00e9foot, a annonc\u00e9 la cha\u00eene crypt\u00e9e vendredi. Lanc\u00e9e fin ao\u00fbt, la cha\u00eene du groupe Mediapro est le nouveau diffuseur principal du championnat de France de football [&hellip;]<\/p>\n","protected":false},"author":2,"featured_media":16456,"comment_status":"open","ping_status":"open","sticky":false,"template":"","format":"standard","meta":{"_jetpack_memberships_contains_paid_content":false,"footnotes":"","jetpack_publicize_message":"","jetpack_publicize_feature_enabled":true,"jetpack_social_post_already_shared":true,"jetpack_social_options":{"image_generator_settings":{"template":"highway","default_image_id":0,"font":"","enabled":false},"version":2},"_wpas_customize_per_network":false},"categories":[405],"tags":[],"class_list":["post-16455","post","type-post","status-publish","format-standard","has-post-thumbnail","hentry","category-actu-france-monde"],"jetpack_publicize_connections":[],"jetpack_featured_media_url":"https:\/\/i0.wp.com\/www.iceagetv.com\/radiosite\/wp-content\/uploads\/2020\/09\/Canal-assigne-le-groupe-Mediapro-en-justice.png?fit=621%2C266&ssl=1","jetpack_sharing_enabled":true,"_links":{"self":[{"href":"https:\/\/www.iceagetv.com\/radiosite\/wp-json\/wp\/v2\/posts\/16455","targetHints":{"allow":["GET"]}}],"collection":[{"href":"https:\/\/www.iceagetv.com\/radiosite\/wp-json\/wp\/v2\/posts"}],"about":[{"href":"https:\/\/www.iceagetv.com\/radiosite\/wp-json\/wp\/v2\/types\/post"}],"author":[{"embeddable":true,"href":"https:\/\/www.iceagetv.com\/radiosite\/wp-json\/wp\/v2\/users\/2"}],"replies":[{"embeddable":true,"href":"https:\/\/www.iceagetv.com\/radiosite\/wp-json\/wp\/v2\/comments?post=16455"}],"version-history":[{"count":1,"href":"https:\/\/www.iceagetv.com\/radiosite\/wp-json\/wp\/v2\/posts\/16455\/revisions"}],"predecessor-version":[{"id":16457,"href":"https:\/\/www.iceagetv.com\/radiosite\/wp-json\/wp\/v2\/posts\/16455\/revisions\/16457"}],"wp:featuredmedia":[{"embeddable":true,"href":"https:\/\/www.iceagetv.com\/radiosite\/wp-json\/wp\/v2\/media\/16456"}],"wp:attachment":[{"href":"https:\/\/www.iceagetv.com\/radiosite\/wp-json\/wp\/v2\/media?parent=16455"}],"wp:term":[{"taxonomy":"category","embeddable":true,"href":"https:\/\/www.iceagetv.com\/radiosite\/wp-json\/wp\/v2\/categories?post=16455"},{"taxonomy":"post_tag","embeddable":true,"href":"https:\/\/www.iceagetv.com\/radiosite\/wp-json\/wp\/v2\/tags?post=16455"}],"curies":[{"name":"wp","href":"https:\/\/api.w.org\/{rel}","templated":true}]}}