{"id":16471,"date":"2020-09-19T18:53:18","date_gmt":"2020-09-19T18:53:18","guid":{"rendered":"http:\/\/www.iceagetv.com\/radiosite\/?p=16471"},"modified":"2020-09-19T18:53:18","modified_gmt":"2020-09-19T18:53:18","slug":"les-images-impressionnantes-des-inondations-dans-le-gard-lherault-et-la-lozere","status":"publish","type":"post","link":"https:\/\/www.iceagetv.com\/radiosite\/les-images-impressionnantes-des-inondations-dans-le-gard-lherault-et-la-lozere\/","title":{"rendered":"LES IMAGES IMPRESSIONNANTES DES INONDATIONS DANS LE GARD, L&rsquo;H\u00c9RAULT ET LA LOZ\u00c8RE"},"content":{"rendered":"\n<p>L&rsquo;\u00e9pisode de chaleur a laiss\u00e9 place aux intemp\u00e9ries ce samedi dans le sud du pays : un d\u00e9partement a \u00e9t\u00e9 plac\u00e9 en vigilance rouge pluie-inondation et crues, tandis que deux autres sont en vigilance orange. Les premi\u00e8res images t\u00e9moignent d\u00e9j\u00e0 de la violence des inondations.<\/p>\n\n\n\n<p>Pour l&rsquo;instant, les d\u00e9partements concern\u00e9s sont le&nbsp;<a href=\"https:\/\/www.cnews.fr\/gard\" target=\"_blank\" rel=\"noreferrer noopener\">Gard<\/a>&nbsp;(en rouge), l&rsquo;H\u00e9rault et la Loz\u00e8re (en orange).<\/p>\n\n\n\n<p>M\u00e9t\u00e9o France pr\u00e9voit en outre que de fortes averses et des orages vont se r\u00e9activer en fin de journ\u00e9e, touchant cette fois-ci \u00abautant les plaines que le relief, notamment l&rsquo;Est de l&rsquo;H\u00e9rault et une large moiti\u00e9 Ouest du Gard\u00bb.<\/p>\n\n\n\n<p>Dans le Gard, \u00abune personne est port\u00e9e disparue sur le secteur du Pont-d&rsquo;H\u00e9rault\u00bb, ont indiqu\u00e9 les pompiers. De nombreuses actions de reconnaissances sont en cours sur l&rsquo;ensemble des secteurs concern\u00e9s.<\/p>\n\n\n\n<p>Le ministre de l&rsquo;Int\u00e9rieur G\u00e9rald Darmanin a annonc\u00e9 samedi dans un tweet qu&rsquo;il se rendrait dimanche apr\u00e8s-midi dans ce d\u00e9partement Crue du Gardon d&rsquo;Anduze : un camion est emport\u00e9 par la crue de la rivi\u00e8re.  Voici les lames d&rsquo;eau <a href=\"https:\/\/twitter.com\/hashtag\/record?src=hashtag_click\">#record<\/a> sur 24 heures en France. La valeur de 705 mm de Valleraugue viendrait en 2\u00e8me position des journ\u00e9es les plus pluvieuses jamais mesur\u00e9es. MAIS il semble que les valeurs de <a href=\"https:\/\/twitter.com\/hashtag\/Valleraugue?src=hashtag_click\">#Valleraugue<\/a> et <a href=\"https:\/\/twitter.com\/hashtag\/Llau?src=hashtag_click\">#Llau<\/a> soient surestim\u00e9es d&rsquo;au moins 20 \u00e0 30%&#8230; <\/p>\n","protected":false},"excerpt":{"rendered":"<p>L&rsquo;\u00e9pisode de chaleur a laiss\u00e9 place aux intemp\u00e9ries ce samedi dans le sud du pays : un d\u00e9partement a \u00e9t\u00e9 plac\u00e9 en vigilance rouge pluie-inondation et crues, tandis que deux autres sont en vigilance orange. Les premi\u00e8res images t\u00e9moignent d\u00e9j\u00e0 de la violence des inondations. Pour l&rsquo;instant, les d\u00e9partements concern\u00e9s sont le&nbsp;Gard&nbsp;(en rouge), l&rsquo;H\u00e9rault et [&hellip;]<\/p>\n","protected":false},"author":2,"featured_media":16472,"comment_status":"open","ping_status":"open","sticky":false,"template":"","format":"standard","meta":{"_jetpack_memberships_contains_paid_content":false,"footnotes":"","jetpack_publicize_message":"","jetpack_publicize_feature_enabled":true,"jetpack_social_post_already_shared":true,"jetpack_social_options":{"image_generator_settings":{"template":"highway","default_image_id":0,"font":"","enabled":false},"version":2},"_wpas_customize_per_network":false},"categories":[405],"tags":[],"class_list":["post-16471","post","type-post","status-publish","format-standard","has-post-thumbnail","hentry","category-actu-france-monde"],"jetpack_publicize_connections":[],"jetpack_featured_media_url":"https:\/\/i0.wp.com\/www.iceagetv.com\/radiosite\/wp-content\/uploads\/2020\/09\/LES-IMAGES-IMPRESSIONNANTES-DES-INONDATIONS-DANS-LE-GARD-LH%C3%89RAULT-ET-LA-LOZ%C3%88RE.jpg?fit=640%2C360&ssl=1","jetpack_sharing_enabled":true,"_links":{"self":[{"href":"https:\/\/www.iceagetv.com\/radiosite\/wp-json\/wp\/v2\/posts\/16471","targetHints":{"allow":["GET"]}}],"collection":[{"href":"https:\/\/www.iceagetv.com\/radiosite\/wp-json\/wp\/v2\/posts"}],"about":[{"href":"https:\/\/www.iceagetv.com\/radiosite\/wp-json\/wp\/v2\/types\/post"}],"author":[{"embeddable":true,"href":"https:\/\/www.iceagetv.com\/radiosite\/wp-json\/wp\/v2\/users\/2"}],"replies":[{"embeddable":true,"href":"https:\/\/www.iceagetv.com\/radiosite\/wp-json\/wp\/v2\/comments?post=16471"}],"version-history":[{"count":1,"href":"https:\/\/www.iceagetv.com\/radiosite\/wp-json\/wp\/v2\/posts\/16471\/revisions"}],"predecessor-version":[{"id":16473,"href":"https:\/\/www.iceagetv.com\/radiosite\/wp-json\/wp\/v2\/posts\/16471\/revisions\/16473"}],"wp:featuredmedia":[{"embeddable":true,"href":"https:\/\/www.iceagetv.com\/radiosite\/wp-json\/wp\/v2\/media\/16472"}],"wp:attachment":[{"href":"https:\/\/www.iceagetv.com\/radiosite\/wp-json\/wp\/v2\/media?parent=16471"}],"wp:term":[{"taxonomy":"category","embeddable":true,"href":"https:\/\/www.iceagetv.com\/radiosite\/wp-json\/wp\/v2\/categories?post=16471"},{"taxonomy":"post_tag","embeddable":true,"href":"https:\/\/www.iceagetv.com\/radiosite\/wp-json\/wp\/v2\/tags?post=16471"}],"curies":[{"name":"wp","href":"https:\/\/api.w.org\/{rel}","templated":true}]}}