{"id":16474,"date":"2020-09-20T09:24:20","date_gmt":"2020-09-20T09:24:20","guid":{"rendered":"http:\/\/www.iceagetv.com\/radiosite\/?p=16474"},"modified":"2020-09-20T09:24:20","modified_gmt":"2020-09-20T09:24:20","slug":"xavier-bertrand-se-dit-plus-determine-que-jamais-pour-la-presidentielle-de-2022","status":"publish","type":"post","link":"https:\/\/www.iceagetv.com\/radiosite\/xavier-bertrand-se-dit-plus-determine-que-jamais-pour-la-presidentielle-de-2022\/","title":{"rendered":"Xavier Bertrand se dit \u00ab plus d\u00e9termin\u00e9 que jamais \u00bb pour la pr\u00e9sidentielle de 2022"},"content":{"rendered":"\n<p>Xavier Bertrand est \u00ab plus d\u00e9termin\u00e9 que jamais \u00bb face \u00e0 l\u2019enjeu de l\u2019\u00e9lection pr\u00e9sidentielle de 2022, affirme, samedi 19 septembre dans une interview au Parisien, le pr\u00e9sident des Hauts-de-France.<\/p>\n\n\n\n<p>\u00ab Je suis convaincu qu\u2019Emmanuel Macron n\u2019est pas celui qui r\u00e9ussira \u00e0 r\u00e9concilier les Fran\u00e7ais, ni celui qui prot\u00e9gera le pays \u00bb, poursuit-il : \u00ab Avec lui, il y a un vrai risque de victoire des extr\u00eames. Je suis le repr\u00e9sentant d\u2019une droite sociale, populaire, capable de rassembler et qui refusera toujours le moindre compromis avec l\u2019extr\u00eame droite. \u00bb Il d\u00e9nie, au passage, au pr\u00e9sident de la R\u00e9publique la capacit\u00e9 d\u2019incarner une candidature de droite.\u00a0<em>\u00ab\u00a0Il ne suffit pas d\u2019avoir \u00e9t\u00e9 banquier d\u2019affaires pour \u00eatre de droite<\/em>, explique Xavier Bertrand,\u00a0<em>ni de prendre un premier ministre issu de la droite\u2026 Si Emmanuel Macron \u00e9tait de droite, il aurait fait de la s\u00e9curit\u00e9 des Fran\u00e7ais une priorit\u00e9, il aurait aussi lutt\u00e9 efficacement contre l\u2019immigration ill\u00e9gale. Je suis intimement convaincu qu\u2019il n\u2019y a pas d\u2019autre voie que le retour du respect de l\u2019autorit\u00e9 r\u00e9publicaine.\u00a0\u00bb<\/em> <\/p>\n\n\n\n<h2 class=\"wp-block-heading\">Candidat aux r\u00e9gionales<\/h2>\n\n\n\n<p>Interrog\u00e9 sur le projet de loi attendu sur le s\u00e9paratisme, il objecte&nbsp;:&nbsp;<em>\u00ab&nbsp;Trois ans et demi perdus&nbsp;! Le pr\u00e9sident est un grand na\u00eff qui n\u2019a pas pris la mesure de ces probl\u00e8mes. Il n\u2019est pas \u00e0 l\u2019aise sur les sujets r\u00e9galiens&nbsp;: s\u00e9curit\u00e9, justice, d\u00e9fense ou respect de la la\u00efcit\u00e9. Il parle de s\u00e9paratisme parce qu\u2019il a des probl\u00e8mes \u00e0 \u00e9voquer le communautarisme et l\u2019islamisme.&nbsp;\u00bb<\/em><\/p>\n\n\n\n<p>Xavier Bertrand, qui a quitt\u00e9 le parti Les R\u00e9publicains en&nbsp;2017, est candidat \u00e0 sa r\u00e9\u00e9lection \u00e0 la t\u00eate des Hauts-de-France aux r\u00e9gionales de mars&nbsp;2021.<\/p>\n\n\n\n<p><\/p>\n","protected":false},"excerpt":{"rendered":"<p>Xavier Bertrand est \u00ab plus d\u00e9termin\u00e9 que jamais \u00bb face \u00e0 l\u2019enjeu de l\u2019\u00e9lection pr\u00e9sidentielle de 2022, affirme, samedi 19 septembre dans une interview au Parisien, le pr\u00e9sident des Hauts-de-France. \u00ab Je suis convaincu qu\u2019Emmanuel Macron n\u2019est pas celui qui r\u00e9ussira \u00e0 r\u00e9concilier les Fran\u00e7ais, ni celui qui prot\u00e9gera le pays \u00bb, poursuit-il : \u00ab [&hellip;]<\/p>\n","protected":false},"author":2,"featured_media":16475,"comment_status":"open","ping_status":"open","sticky":false,"template":"","format":"standard","meta":{"_jetpack_memberships_contains_paid_content":false,"footnotes":"","jetpack_publicize_message":"","jetpack_publicize_feature_enabled":true,"jetpack_social_post_already_shared":true,"jetpack_social_options":{"image_generator_settings":{"template":"highway","default_image_id":0,"font":"","enabled":false},"version":2},"_wpas_customize_per_network":false},"categories":[405],"tags":[],"class_list":["post-16474","post","type-post","status-publish","format-standard","has-post-thumbnail","hentry","category-actu-france-monde"],"jetpack_publicize_connections":[],"jetpack_featured_media_url":"https:\/\/i0.wp.com\/www.iceagetv.com\/radiosite\/wp-content\/uploads\/2020\/09\/Xavier-Bertrand.png?fit=644%2C417&ssl=1","jetpack_sharing_enabled":true,"_links":{"self":[{"href":"https:\/\/www.iceagetv.com\/radiosite\/wp-json\/wp\/v2\/posts\/16474","targetHints":{"allow":["GET"]}}],"collection":[{"href":"https:\/\/www.iceagetv.com\/radiosite\/wp-json\/wp\/v2\/posts"}],"about":[{"href":"https:\/\/www.iceagetv.com\/radiosite\/wp-json\/wp\/v2\/types\/post"}],"author":[{"embeddable":true,"href":"https:\/\/www.iceagetv.com\/radiosite\/wp-json\/wp\/v2\/users\/2"}],"replies":[{"embeddable":true,"href":"https:\/\/www.iceagetv.com\/radiosite\/wp-json\/wp\/v2\/comments?post=16474"}],"version-history":[{"count":1,"href":"https:\/\/www.iceagetv.com\/radiosite\/wp-json\/wp\/v2\/posts\/16474\/revisions"}],"predecessor-version":[{"id":16476,"href":"https:\/\/www.iceagetv.com\/radiosite\/wp-json\/wp\/v2\/posts\/16474\/revisions\/16476"}],"wp:featuredmedia":[{"embeddable":true,"href":"https:\/\/www.iceagetv.com\/radiosite\/wp-json\/wp\/v2\/media\/16475"}],"wp:attachment":[{"href":"https:\/\/www.iceagetv.com\/radiosite\/wp-json\/wp\/v2\/media?parent=16474"}],"wp:term":[{"taxonomy":"category","embeddable":true,"href":"https:\/\/www.iceagetv.com\/radiosite\/wp-json\/wp\/v2\/categories?post=16474"},{"taxonomy":"post_tag","embeddable":true,"href":"https:\/\/www.iceagetv.com\/radiosite\/wp-json\/wp\/v2\/tags?post=16474"}],"curies":[{"name":"wp","href":"https:\/\/api.w.org\/{rel}","templated":true}]}}