{"id":16477,"date":"2020-09-20T13:47:48","date_gmt":"2020-09-20T13:47:48","guid":{"rendered":"http:\/\/www.iceagetv.com\/radiosite\/?p=16477"},"modified":"2020-09-20T13:47:48","modified_gmt":"2020-09-20T13:47:48","slug":"le-secretaire-detat-charge-des-affaires-europeennes-deplore-que-les-medias-publics-francais-ne-parlent-pas-plus-deurope-et-appelle-a-reflechir-a-des-mecanismes-pour-que-cela-change","status":"publish","type":"post","link":"https:\/\/www.iceagetv.com\/radiosite\/le-secretaire-detat-charge-des-affaires-europeennes-deplore-que-les-medias-publics-francais-ne-parlent-pas-plus-deurope-et-appelle-a-reflechir-a-des-mecanismes-pour-que-cela-change\/","title":{"rendered":"Le secr\u00e9taire d&rsquo;Etat charg\u00e9 des Affaires europ\u00e9ennes d\u00e9plore que les m\u00e9dias publics fran\u00e7ais ne parlent pas \u00ab\u00a0plus d&rsquo;Europe\u00a0\u00bb et appelle \u00e0 \u00ab\u00a0r\u00e9fl\u00e9chir \u00e0 des m\u00e9canismes\u00a0\u00bb pour que cela change"},"content":{"rendered":"\n<p>Le secr\u00e9taire d&rsquo;Etat charg\u00e9 des Affaires europ\u00e9ennes Cl\u00e9ment Beaune a d\u00e9plor\u00e9 que les m\u00e9dias publics fran\u00e7ais ne parlent pas \u00ab\u00a0plus d&rsquo;Europe\u00a0\u00bb et appel\u00e9 \u00e0 \u00ab\u00a0r\u00e9fl\u00e9chir \u00e0 des m\u00e9canismes\u00a0\u00bb pour que cela change. \u00ab\u00a0Ce que je regrette c&rsquo;est qu&rsquo;on en ait peu parl\u00e9\u00a0\u00bb, a-t-il r\u00e9agi sur la radio France Inter au lendemain du premier discours de la pr\u00e9sidente de la Commission europ\u00e9enne Ursula von der Leyen sur l&rsquo;\u00e9tat de l&rsquo;Union europ\u00e9enne.<\/p>\n\n\n\n<p>\u00ab\u00a0Nos cha\u00eenes de t\u00e9l\u00e9vision, nos cha\u00eenes d&rsquo;information en continu ont peu trouv\u00e9 de temps pour un sujet qui est pourtant majeur\u00a0\u00bb, a estim\u00e9 Cl\u00e9ment Beaune. Dans ce discours, la pr\u00e9sidente de la Commission a d\u00e9voil\u00e9 son plan de bataille pour l&rsquo;Europe face aux menaces sanitaires, au changement climatique et \u00e0 la crise \u00e9conomique. \u00ab\u00a0C&rsquo;est un discours qui va se traduire par des l\u00e9gislations, par des mesures concr\u00e8tes (..) Tout cela il faut en parler. Ce n&rsquo;est pas des affaires \u00e9trang\u00e8res ou des affaires lointaines (&#8230;) c&rsquo;est un sujet extr\u00eamement politique\u00a0\u00bb, a insist\u00e9 Cl\u00e9ment Beaune.<\/p>\n\n\n\n<p>Le secr\u00e9taire d&rsquo;Etat a ensuite appel\u00e9, lors d&rsquo;une audition devant la Commission des Affaires europ\u00e9ennes de l&rsquo;Assembl\u00e9e nationale, \u00e0 faire \u00ab\u00a0pression\u00a0\u00bb dans le d\u00e9bat public pour que cela change. \u00ab\u00a0Je souhaite que d&rsquo;ici (la pr\u00e9sidence fran\u00e7aise de l&rsquo;UE au premier semestre 2022), nous puissions renforcer les m\u00e9canismes qui conduisent nos cha\u00eenes publiques \u00e0 parler davantage d&rsquo;Europe\u00a0\u00bb, a-t-il dit. \u00ab\u00a0Cherchons tous les moyens possibles de contrainte ou de pression pour arriver \u00e0 cela\u00a0\u00bb, a-t-il ajout\u00e9, en pr\u00e9cisant qu&rsquo;il allait proposer une \u00ab\u00a0mission parlementaire rapide\u00a0\u00bb en ce sens au Premier ministre Jean Castex. \u00ab\u00a0Toute pression publique, notamment du Parlement, \u00e0 cet \u00e9gard est absolument n\u00e9cessaire\u00a0\u00bb, a-t-il poursuivi. \u00ab\u00a0Je crois que nous devons faire jouer cette obligation de service public. C&rsquo;est un engagement du service public majeur\u00a0\u00bb, a-t-il encore estim\u00e9.<\/p>\n","protected":false},"excerpt":{"rendered":"<p>Le secr\u00e9taire d&rsquo;Etat charg\u00e9 des Affaires europ\u00e9ennes Cl\u00e9ment Beaune a d\u00e9plor\u00e9 que les m\u00e9dias publics fran\u00e7ais ne parlent pas \u00ab\u00a0plus d&rsquo;Europe\u00a0\u00bb et appel\u00e9 \u00e0 \u00ab\u00a0r\u00e9fl\u00e9chir \u00e0 des m\u00e9canismes\u00a0\u00bb pour que cela change. \u00ab\u00a0Ce que je regrette c&rsquo;est qu&rsquo;on en ait peu parl\u00e9\u00a0\u00bb, a-t-il r\u00e9agi sur la radio France Inter au lendemain du premier discours de [&hellip;]<\/p>\n","protected":false},"author":2,"featured_media":16478,"comment_status":"open","ping_status":"open","sticky":false,"template":"","format":"standard","meta":{"_jetpack_memberships_contains_paid_content":false,"footnotes":"","jetpack_publicize_message":"","jetpack_publicize_feature_enabled":true,"jetpack_social_post_already_shared":true,"jetpack_social_options":{"image_generator_settings":{"template":"highway","default_image_id":0,"font":"","enabled":false},"version":2},"_wpas_customize_per_network":false},"categories":[405],"tags":[],"class_list":["post-16477","post","type-post","status-publish","format-standard","has-post-thumbnail","hentry","category-actu-france-monde"],"jetpack_publicize_connections":[],"jetpack_featured_media_url":"https:\/\/i0.wp.com\/www.iceagetv.com\/radiosite\/wp-content\/uploads\/2020\/09\/Le-secr%C3%A9taire-dEtat-charg%C3%A9-des-Affaires-europ%C3%A9ennes.png?fit=628%2C268&ssl=1","jetpack_sharing_enabled":true,"_links":{"self":[{"href":"https:\/\/www.iceagetv.com\/radiosite\/wp-json\/wp\/v2\/posts\/16477","targetHints":{"allow":["GET"]}}],"collection":[{"href":"https:\/\/www.iceagetv.com\/radiosite\/wp-json\/wp\/v2\/posts"}],"about":[{"href":"https:\/\/www.iceagetv.com\/radiosite\/wp-json\/wp\/v2\/types\/post"}],"author":[{"embeddable":true,"href":"https:\/\/www.iceagetv.com\/radiosite\/wp-json\/wp\/v2\/users\/2"}],"replies":[{"embeddable":true,"href":"https:\/\/www.iceagetv.com\/radiosite\/wp-json\/wp\/v2\/comments?post=16477"}],"version-history":[{"count":1,"href":"https:\/\/www.iceagetv.com\/radiosite\/wp-json\/wp\/v2\/posts\/16477\/revisions"}],"predecessor-version":[{"id":16479,"href":"https:\/\/www.iceagetv.com\/radiosite\/wp-json\/wp\/v2\/posts\/16477\/revisions\/16479"}],"wp:featuredmedia":[{"embeddable":true,"href":"https:\/\/www.iceagetv.com\/radiosite\/wp-json\/wp\/v2\/media\/16478"}],"wp:attachment":[{"href":"https:\/\/www.iceagetv.com\/radiosite\/wp-json\/wp\/v2\/media?parent=16477"}],"wp:term":[{"taxonomy":"category","embeddable":true,"href":"https:\/\/www.iceagetv.com\/radiosite\/wp-json\/wp\/v2\/categories?post=16477"},{"taxonomy":"post_tag","embeddable":true,"href":"https:\/\/www.iceagetv.com\/radiosite\/wp-json\/wp\/v2\/tags?post=16477"}],"curies":[{"name":"wp","href":"https:\/\/api.w.org\/{rel}","templated":true}]}}