{"id":16484,"date":"2020-09-21T06:56:18","date_gmt":"2020-09-21T06:56:18","guid":{"rendered":"http:\/\/www.iceagetv.com\/radiosite\/?p=16484"},"modified":"2020-09-21T06:56:18","modified_gmt":"2020-09-21T06:56:18","slug":"covid-19-une-partie-de-la-population-de-madrid-reconfinee-a-partir-de-ce-lundi","status":"publish","type":"post","link":"https:\/\/www.iceagetv.com\/radiosite\/covid-19-une-partie-de-la-population-de-madrid-reconfinee-a-partir-de-ce-lundi\/","title":{"rendered":"Covid-19 : une partie de la population de Madrid reconfin\u00e9e \u00e0 partir de ce lundi"},"content":{"rendered":"\n<p>858.000 habitants de la r\u00e9gion de Madrid sont reconfin\u00e9s \u00e0 partir d&rsquo;aujourd&rsquo;hui pour une dur\u00e9e de deux semaines. Les personnes concern\u00e9es pourront sortir uniquement pour se rendre au travail, chez le m\u00e9decin ou pour amener leurs enfants \u00e0 l&rsquo;\u00e9cole. Ce reconfinement concerne principalement les quartiers et communes d\u00e9favoris\u00e9s du sud de la capitale. Alors que les parcs seront ferm\u00e9s, les magasins, les bars et les restaurants devront limiter leur capacit\u00e9 d&rsquo;accueil \u00e0 50%.<\/p>\n\n\n\n<p>Ces mesures s&rsquo;accompagnent \u00e9galement d&rsquo;un abaissement de la limite de personnes autoris\u00e9es \u00e0 se r\u00e9unir. Alors que les rassemblements de plus de dix personnes \u00e9taient d\u00e9j\u00e0 interdits, les habitants ne devront d\u00e9sormais plus se retrouver \u00e0 plus de six.<\/p>\n\n\n\n<p>Ces d\u00e9cisions annonc\u00e9es vendredi par la pr\u00e9sidente de la r\u00e9gion Isabel Diaz Ayuso font suite \u00e0 une hausse des cas importante dans la capitale espagnole, devenue \u00e9picentre de l&rsquo;\u00e9pid\u00e9mie dans le pays. Elle avait rappel\u00e9 pendant sa conf\u00e9rence de presse que le taux de contagion d\u00e9passait 1000 cas pour 100.000 habitants.<\/p>\n\n\n\n<p>Il ne s&rsquo;agit pas pour autant d&rsquo;un retour aux s\u00e9v\u00e8res mesures impos\u00e9es au printemps, ont affirm\u00e9 les autorit\u00e9s. Le premier ministre Pedro Sanchez a assur\u00e9 samedi soir \u00abne pas envisager un confinement du pays\u00bb. \u00abC&rsquo;est vrai que nous ne pouvons fermer aucune porte car \u00e9videmment le virus est un agent inconnu (&#8230;) mais je crois que nous avons d\u00e9sormais les outils (&#8230;) pour pouvoir contenir et infl\u00e9chir la courbe\u00bb des contagions, a-t-il ajout\u00e9.<\/p>\n\n\n\n<p><\/p>\n","protected":false},"excerpt":{"rendered":"<p>858.000 habitants de la r\u00e9gion de Madrid sont reconfin\u00e9s \u00e0 partir d&rsquo;aujourd&rsquo;hui pour une dur\u00e9e de deux semaines. Les personnes concern\u00e9es pourront sortir uniquement pour se rendre au travail, chez le m\u00e9decin ou pour amener leurs enfants \u00e0 l&rsquo;\u00e9cole. Ce reconfinement concerne principalement les quartiers et communes d\u00e9favoris\u00e9s du sud de la capitale. Alors que [&hellip;]<\/p>\n","protected":false},"author":2,"featured_media":16485,"comment_status":"open","ping_status":"open","sticky":false,"template":"","format":"standard","meta":{"_jetpack_memberships_contains_paid_content":false,"footnotes":"","jetpack_publicize_message":"","jetpack_publicize_feature_enabled":true,"jetpack_social_post_already_shared":true,"jetpack_social_options":{"image_generator_settings":{"template":"highway","default_image_id":0,"font":"","enabled":false},"version":2},"_wpas_customize_per_network":false},"categories":[405],"tags":[],"class_list":["post-16484","post","type-post","status-publish","format-standard","has-post-thumbnail","hentry","category-actu-france-monde"],"jetpack_publicize_connections":[],"jetpack_featured_media_url":"https:\/\/i0.wp.com\/www.iceagetv.com\/radiosite\/wp-content\/uploads\/2020\/09\/une-partie-de-la-population-de-Madrid-reconfin%C3%A9e-%C3%A0-partir-de-ce-lundi.png?fit=614%2C348&ssl=1","jetpack_sharing_enabled":true,"_links":{"self":[{"href":"https:\/\/www.iceagetv.com\/radiosite\/wp-json\/wp\/v2\/posts\/16484","targetHints":{"allow":["GET"]}}],"collection":[{"href":"https:\/\/www.iceagetv.com\/radiosite\/wp-json\/wp\/v2\/posts"}],"about":[{"href":"https:\/\/www.iceagetv.com\/radiosite\/wp-json\/wp\/v2\/types\/post"}],"author":[{"embeddable":true,"href":"https:\/\/www.iceagetv.com\/radiosite\/wp-json\/wp\/v2\/users\/2"}],"replies":[{"embeddable":true,"href":"https:\/\/www.iceagetv.com\/radiosite\/wp-json\/wp\/v2\/comments?post=16484"}],"version-history":[{"count":1,"href":"https:\/\/www.iceagetv.com\/radiosite\/wp-json\/wp\/v2\/posts\/16484\/revisions"}],"predecessor-version":[{"id":16486,"href":"https:\/\/www.iceagetv.com\/radiosite\/wp-json\/wp\/v2\/posts\/16484\/revisions\/16486"}],"wp:featuredmedia":[{"embeddable":true,"href":"https:\/\/www.iceagetv.com\/radiosite\/wp-json\/wp\/v2\/media\/16485"}],"wp:attachment":[{"href":"https:\/\/www.iceagetv.com\/radiosite\/wp-json\/wp\/v2\/media?parent=16484"}],"wp:term":[{"taxonomy":"category","embeddable":true,"href":"https:\/\/www.iceagetv.com\/radiosite\/wp-json\/wp\/v2\/categories?post=16484"},{"taxonomy":"post_tag","embeddable":true,"href":"https:\/\/www.iceagetv.com\/radiosite\/wp-json\/wp\/v2\/tags?post=16484"}],"curies":[{"name":"wp","href":"https:\/\/api.w.org\/{rel}","templated":true}]}}