{"id":16490,"date":"2020-09-22T07:20:09","date_gmt":"2020-09-22T07:20:09","guid":{"rendered":"http:\/\/www.iceagetv.com\/radiosite\/?p=16490"},"modified":"2020-09-22T07:20:09","modified_gmt":"2020-09-22T07:20:09","slug":"la-directrice-des-ressources-humaines-de-charlie-hebdo-exfiltree-en-catastrophe-de-chez-elle-apres-des-menaces-jai-eu-10-minutes-pour-partir-de-chez-moi-je-ne-reviendrai-peut-etre-jamais","status":"publish","type":"post","link":"https:\/\/www.iceagetv.com\/radiosite\/la-directrice-des-ressources-humaines-de-charlie-hebdo-exfiltree-en-catastrophe-de-chez-elle-apres-des-menaces-jai-eu-10-minutes-pour-partir-de-chez-moi-je-ne-reviendrai-peut-etre-jamais\/","title":{"rendered":"La directrice des ressources humaines de Charlie Hebdo exfiltr\u00e9e en catastrophe de chez elle apr\u00e8s des menaces : \u00ab\u00a0J&rsquo;ai eu 10 minutes pour partir de chez moi, je ne reviendrai peut-\u00eatre jamais."},"content":{"rendered":"\n<p>La directrice des ressources humaines de Charlie Hebdo a \u00e9t\u00e9 exfiltr\u00e9e de son domicile en raison de menaces jug\u00e9es s\u00e9rieuses, en plein proc\u00e8s des attentats de janvier 2015, a-t-elle expliqu\u00e9 dans une interview \u00e0 l&rsquo;hebdomadaire Le Point. A la suite de \u00ab\u00a0menaces pr\u00e9cises et circonstanci\u00e9es\u00a0\u00bb re\u00e7ues le 14 septembre par les officiers de s\u00e9curit\u00e9 qui la prot\u00e8gent depuis bient\u00f4t 5 ans, la DRH de Charlie Hebdo, Marika Bret, a \u00e9t\u00e9 contrainte de partir de chez elle.<\/p>\n\n\n\n<p>\u00ab\u00a0J&rsquo;ai eu dix minutes pour faire mes affaires et quitter mon domicile. Dix minutes pour abandonner une partie de son existence, c&rsquo;est un peu court, et c&rsquo;est tr\u00e8s violent. Je ne reviendrai pas chez moi\u00a0\u00bb, a-t-elle confi\u00e9 au Point. Une exfiltration qui \u00ab\u00a0traduit le niveau de tension in\u00e9dit auquel nous sommes confront\u00e9s\u00a0\u00bb, note-t-elle, en soulignant \u00ab\u00a0un niveau de haine hallucinant autour de Charlie Hebdo\u00a0\u00bb.&nbsp;<\/p>\n\n\n\n<p>\u00ab\u00a0Depuis le d\u00e9but du proc\u00e8s et avec la republication des caricatures, nous avons re\u00e7u toutes sortes d&rsquo;horreurs, notamment des menaces de la part d&rsquo;Al-Qa\u00efda et des appels \u00e0 finir le travail des fr\u00e8res Kouachi\u00a0\u00bb, t\u00e9moigne Mme Bret.<\/p>\n\n\n\n<p>L&rsquo;organisation jihadiste Al-Qa\u00efda a menac\u00e9 d&rsquo;attaquer de nouveau Charlie Hebdo, qui a r\u00e9\u00e9dit\u00e9 des caricatures du proph\u00e8te de l&rsquo;islam Mahomet \u00e0 l&rsquo;occasion du proc\u00e8s, affirmant que le raid meurtrier de janvier 2015 contre le journal \u00ab\u00a0n&rsquo;\u00e9tait pas un incident ponctuel\u00a0\u00bb.<\/p>\n\n\n\n<p>La DRH de Charlie Hebdo accuse \u00e9galement le leader de La France insoumise Jean-Luc M\u00e9lenchon d&rsquo;alimenter \u00ab\u00a0un climat de haine\u00a0\u00bb. \u00ab\u00a0Mais Jean-Luc M\u00e9lenchon n&rsquo;est pas le seul. Beaucoup de responsables politiques ont, par client\u00e9lisme ou par peur, oubli\u00e9 des notions fondamentales comme la citoyennet\u00e9\u00a0\u00bb, estime-t-elle.<\/p>\n\n\n\n<p>\u00ab\u00a0On ne s&rsquo;adresse pas \u00e0 des \u00e9lecteurs potentiels en fonction de leur couleur de peau ou de leur religion, c&rsquo;est la n\u00e9gation m\u00eame de ce que doit \u00eatre la politique\u00a0\u00bb.<\/p>\n","protected":false},"excerpt":{"rendered":"<p>La directrice des ressources humaines de Charlie Hebdo a \u00e9t\u00e9 exfiltr\u00e9e de son domicile en raison de menaces jug\u00e9es s\u00e9rieuses, en plein proc\u00e8s des attentats de janvier 2015, a-t-elle expliqu\u00e9 dans une interview \u00e0 l&rsquo;hebdomadaire Le Point. A la suite de \u00ab\u00a0menaces pr\u00e9cises et circonstanci\u00e9es\u00a0\u00bb re\u00e7ues le 14 septembre par les officiers de s\u00e9curit\u00e9 qui [&hellip;]<\/p>\n","protected":false},"author":2,"featured_media":16491,"comment_status":"open","ping_status":"open","sticky":false,"template":"","format":"standard","meta":{"_jetpack_memberships_contains_paid_content":false,"footnotes":"","jetpack_publicize_message":"","jetpack_publicize_feature_enabled":true,"jetpack_social_post_already_shared":true,"jetpack_social_options":{"image_generator_settings":{"template":"highway","default_image_id":0,"font":"","enabled":false},"version":2},"_wpas_customize_per_network":false},"categories":[405],"tags":[],"class_list":["post-16490","post","type-post","status-publish","format-standard","has-post-thumbnail","hentry","category-actu-france-monde"],"jetpack_publicize_connections":[],"jetpack_featured_media_url":"https:\/\/i0.wp.com\/www.iceagetv.com\/radiosite\/wp-content\/uploads\/2020\/09\/La-directrice-des-ressources-humaines-de-Charlie-Hebdo.png?fit=178%2C70&ssl=1","jetpack_sharing_enabled":true,"_links":{"self":[{"href":"https:\/\/www.iceagetv.com\/radiosite\/wp-json\/wp\/v2\/posts\/16490","targetHints":{"allow":["GET"]}}],"collection":[{"href":"https:\/\/www.iceagetv.com\/radiosite\/wp-json\/wp\/v2\/posts"}],"about":[{"href":"https:\/\/www.iceagetv.com\/radiosite\/wp-json\/wp\/v2\/types\/post"}],"author":[{"embeddable":true,"href":"https:\/\/www.iceagetv.com\/radiosite\/wp-json\/wp\/v2\/users\/2"}],"replies":[{"embeddable":true,"href":"https:\/\/www.iceagetv.com\/radiosite\/wp-json\/wp\/v2\/comments?post=16490"}],"version-history":[{"count":1,"href":"https:\/\/www.iceagetv.com\/radiosite\/wp-json\/wp\/v2\/posts\/16490\/revisions"}],"predecessor-version":[{"id":16492,"href":"https:\/\/www.iceagetv.com\/radiosite\/wp-json\/wp\/v2\/posts\/16490\/revisions\/16492"}],"wp:featuredmedia":[{"embeddable":true,"href":"https:\/\/www.iceagetv.com\/radiosite\/wp-json\/wp\/v2\/media\/16491"}],"wp:attachment":[{"href":"https:\/\/www.iceagetv.com\/radiosite\/wp-json\/wp\/v2\/media?parent=16490"}],"wp:term":[{"taxonomy":"category","embeddable":true,"href":"https:\/\/www.iceagetv.com\/radiosite\/wp-json\/wp\/v2\/categories?post=16490"},{"taxonomy":"post_tag","embeddable":true,"href":"https:\/\/www.iceagetv.com\/radiosite\/wp-json\/wp\/v2\/tags?post=16490"}],"curies":[{"name":"wp","href":"https:\/\/api.w.org\/{rel}","templated":true}]}}