{"id":16496,"date":"2020-09-22T15:03:00","date_gmt":"2020-09-22T15:03:00","guid":{"rendered":"http:\/\/www.iceagetv.com\/radiosite\/?p=16496"},"modified":"2020-09-22T15:03:00","modified_gmt":"2020-09-22T15:03:00","slug":"intemperies-dans-le-gard-un-homme-de-56-ans-porte-disparu-depuis-ce-week-end-a-ete-retrouve-mort-annonce-le-prefet-du-gard","status":"publish","type":"post","link":"https:\/\/www.iceagetv.com\/radiosite\/intemperies-dans-le-gard-un-homme-de-56-ans-porte-disparu-depuis-ce-week-end-a-ete-retrouve-mort-annonce-le-prefet-du-gard\/","title":{"rendered":"Intemp\u00e9ries dans le Gard: Un homme de 56 ans port\u00e9 disparu depuis ce week-end a \u00e9t\u00e9 retrouv\u00e9 mort, annonce le pr\u00e9fet du Gard"},"content":{"rendered":"\n<p>Dans un&nbsp;<a href=\"http:\/\/www.gard.gouv.fr\/Actualites\/Deces-d-une-personne-suite-aux-inondations-de-ce-week-end\" target=\"_blank\" rel=\"noreferrer noopener\">communiqu\u00e9<\/a>, le pr\u00e9fet du Gard annonce qu&rsquo;un homme port\u00e9 disparu depuis ce week-end, suite aux intemp\u00e9ries qui ont touch\u00e9 le d\u00e9partement, a \u00e9t\u00e9 retrouv\u00e9 mort en fin de matin\u00e9e.<\/p>\n\n\n\n<p>\u00ab\u00a0Suite aux intemp\u00e9ries qui ont touch\u00e9 le d\u00e9partement du Gard ce week-end, deux personnes ont \u00e9t\u00e9 port\u00e9es disparues. L\u2019une d\u2019entre elles, un homme de 56 ans, employ\u00e9 municipal \u00e0 Val d\u2019Aigoual, a \u00e9t\u00e9 retrouv\u00e9 sans vie dans le secteur du hameau de Taleyrac, en fin de matin\u00e9e, par les sapeurs-pompiers avec l&rsquo;aide d&rsquo;une \u00e9quipe cynophile\u00a0\u00bb, pr\u00e9cise la pr\u00e9fecture en indiquant l&rsquo;identit\u00e9 de l&rsquo;homme a \u00e9t\u00e9 confirm\u00e9e par la brigade d&rsquo;identification judiciaire de la gendarmerie nationale.<\/p>\n\n\n\n<p>\u00ab\u00a0Les recherches se poursuivent pour retrouver la seconde personne disparue depuis samedi d\u00e9but d\u2019apr\u00e8s-midi\u00a0\u00bb, ajoute le communiqu\u00e9.<\/p>\n","protected":false},"excerpt":{"rendered":"<p>Dans un&nbsp;communiqu\u00e9, le pr\u00e9fet du Gard annonce qu&rsquo;un homme port\u00e9 disparu depuis ce week-end, suite aux intemp\u00e9ries qui ont touch\u00e9 le d\u00e9partement, a \u00e9t\u00e9 retrouv\u00e9 mort en fin de matin\u00e9e. \u00ab\u00a0Suite aux intemp\u00e9ries qui ont touch\u00e9 le d\u00e9partement du Gard ce week-end, deux personnes ont \u00e9t\u00e9 port\u00e9es disparues. L\u2019une d\u2019entre elles, un homme de 56 [&hellip;]<\/p>\n","protected":false},"author":2,"featured_media":16497,"comment_status":"open","ping_status":"open","sticky":false,"template":"","format":"standard","meta":{"_jetpack_memberships_contains_paid_content":false,"footnotes":"","jetpack_publicize_message":"","jetpack_publicize_feature_enabled":true,"jetpack_social_post_already_shared":true,"jetpack_social_options":{"image_generator_settings":{"template":"highway","default_image_id":0,"font":"","enabled":false},"version":2},"_wpas_customize_per_network":false},"categories":[14],"tags":[],"class_list":["post-16496","post","type-post","status-publish","format-standard","has-post-thumbnail","hentry","category-actu-meteo"],"jetpack_publicize_connections":[],"jetpack_featured_media_url":"https:\/\/i0.wp.com\/www.iceagetv.com\/radiosite\/wp-content\/uploads\/2020\/09\/Intemp%C3%A9ries-dans-le-Gard-Un-homme-de-56-ans-port%C3%A9-disparu-depuis-ce-week-end-a-%C3%A9t%C3%A9-retrouv%C3%A9-mort.png?fit=625%2C272&ssl=1","jetpack_sharing_enabled":true,"_links":{"self":[{"href":"https:\/\/www.iceagetv.com\/radiosite\/wp-json\/wp\/v2\/posts\/16496","targetHints":{"allow":["GET"]}}],"collection":[{"href":"https:\/\/www.iceagetv.com\/radiosite\/wp-json\/wp\/v2\/posts"}],"about":[{"href":"https:\/\/www.iceagetv.com\/radiosite\/wp-json\/wp\/v2\/types\/post"}],"author":[{"embeddable":true,"href":"https:\/\/www.iceagetv.com\/radiosite\/wp-json\/wp\/v2\/users\/2"}],"replies":[{"embeddable":true,"href":"https:\/\/www.iceagetv.com\/radiosite\/wp-json\/wp\/v2\/comments?post=16496"}],"version-history":[{"count":1,"href":"https:\/\/www.iceagetv.com\/radiosite\/wp-json\/wp\/v2\/posts\/16496\/revisions"}],"predecessor-version":[{"id":16498,"href":"https:\/\/www.iceagetv.com\/radiosite\/wp-json\/wp\/v2\/posts\/16496\/revisions\/16498"}],"wp:featuredmedia":[{"embeddable":true,"href":"https:\/\/www.iceagetv.com\/radiosite\/wp-json\/wp\/v2\/media\/16497"}],"wp:attachment":[{"href":"https:\/\/www.iceagetv.com\/radiosite\/wp-json\/wp\/v2\/media?parent=16496"}],"wp:term":[{"taxonomy":"category","embeddable":true,"href":"https:\/\/www.iceagetv.com\/radiosite\/wp-json\/wp\/v2\/categories?post=16496"},{"taxonomy":"post_tag","embeddable":true,"href":"https:\/\/www.iceagetv.com\/radiosite\/wp-json\/wp\/v2\/tags?post=16496"}],"curies":[{"name":"wp","href":"https:\/\/api.w.org\/{rel}","templated":true}]}}