{"id":16508,"date":"2020-09-23T18:36:29","date_gmt":"2020-09-23T18:36:29","guid":{"rendered":"http:\/\/www.iceagetv.com\/radiosite\/?p=16508"},"modified":"2020-09-23T18:36:29","modified_gmt":"2020-09-23T18:36:29","slug":"juliette-greco-est-decedee-a-lage-de-93-ans","status":"publish","type":"post","link":"https:\/\/www.iceagetv.com\/radiosite\/juliette-greco-est-decedee-a-lage-de-93-ans\/","title":{"rendered":"Juliette Gr\u00e9co est d\u00e9c\u00e9d\u00e9e \u00e0 l&rsquo;\u00e2ge de 93 ans"},"content":{"rendered":"\n<p>Sa famille a annonc\u00e9 la triste nouvelle ce mercredi soir&nbsp;:&nbsp;la chanteuse Juliette Gr\u00e9co est d\u00e9c\u00e9d\u00e9e \u00e0 l\u2019\u00e2ge de 93 ans.<\/p>\n\n\n\n<p>\u00ab&nbsp;Juliette Gr\u00e9co s\u2019est \u00e9teinte ce mercredi 23&nbsp;septembre 2020 entour\u00e9e des siens dans sa tant aim\u00e9e maison de Ramatuelle (<a href=\"https:\/\/www.20minutes.fr\/societe\/var\/\">Var<\/a>). Sa vie fut hors du commun&nbsp;\u00bb, a indiqu\u00e9 la famille dans un texte transmis \u00e0 l\u2019AFP.<\/p>\n\n\n\n<p>\u00ab\u00a0Elle faisait encore rayonner la chanson fran\u00e7aise \u00e0 89 ans\u00a0\u00bb, a-t-elle ajout\u00e9. Jusqu\u2019\u00e0 l\u2019AVC\u00a0<a href=\"https:\/\/www.20minutes.fr\/people\/1813115-20160324-chanteuse-juliette-greco-hospitalisee-apres-malaise\">qui l\u2019avait frapp\u00e9e en 2016<\/a>, ann\u00e9e o\u00f9 elle avait \u00e9galement perdu sa fille unique Laurence-Marie.<\/p>\n\n\n\n<p>Sa famille a annonc\u00e9 la triste nouvelle ce mercredi soir&nbsp;:&nbsp;la chanteuse Juliette Gr\u00e9co est d\u00e9c\u00e9d\u00e9e \u00e0 l\u2019\u00e2ge de 93 ans.<\/p>\n\n\n\n<p>\u00ab&nbsp;Juliette Gr\u00e9co s\u2019est \u00e9teinte ce mercredi 23&nbsp;septembre 2020 entour\u00e9e des siens dans sa tant aim\u00e9e maison de Ramatuelle (<a href=\"https:\/\/www.20minutes.fr\/societe\/var\/\">Var<\/a>). Sa vie fut hors du commun&nbsp;\u00bb, a indiqu\u00e9 la famille dans un texte transmis \u00e0 l\u2019AFP.<\/p>\n\n\n\n<p>\u00ab&nbsp;Elle faisait encore rayonner la chanson fran\u00e7aise \u00e0 89 ans&nbsp;\u00bb, a-t-elle ajout\u00e9. Jusqu\u2019\u00e0 l\u2019AVC&nbsp;<a href=\"https:\/\/www.20minutes.fr\/people\/1813115-20160324-chanteuse-juliette-greco-hospitalisee-apres-malaise\">qui l\u2019avait frapp\u00e9e en 2016<\/a>, ann\u00e9e o\u00f9 elle avait \u00e9galement perdu sa fille unique Laurence-Marie.<\/p>\n\n\n\n<h2 class=\"wp-block-heading\">\u00ab&nbsp;Ma raison de vivre c\u2019est chanter&nbsp;!&nbsp;\u00bb<\/h2>\n\n\n\n<p>\u00ab&nbsp;Cela me manque terriblement. Ma raison de vivre, c\u2019est chanter&nbsp;!&nbsp;Chanter, c\u2019est la totale, il y a le corps, l\u2019instinct, la t\u00eate&nbsp;\u00bb, d\u00e9clarait la chanteuse encore tout r\u00e9cemment lors d\u2019un&nbsp;<a href=\"https:\/\/www.telerama.fr\/musique\/juliette-greco-je-suis-resistante-jai-un-sale-caractere-ce-qui-est-une-qualite-6666337.php\" target=\"_blank\" rel=\"noreferrer noopener\">entretien publi\u00e9 en juillet dans&nbsp;<em>T\u00e9l\u00e9rama<\/em><\/a>.<\/p>\n\n\n\n<p>L\u2019ic\u00f4ne de la chanson fran\u00e7aise est aussi&nbsp;c\u00e9l\u00e8bre aussi pour son interpr\u00e9tation de Belph\u00e9gor \u00e0 la t\u00e9l\u00e9vision. \u00ab&nbsp;C\u2019est une tr\u00e8s grande dame qui s\u2019en va&nbsp;\u00bb, a r\u00e9agi Alexandre Baud, producteur de sa derni\u00e8re tourn\u00e9e. \u00ab&nbsp;Juliette \u00e9tait fatigu\u00e9e depuis quelque temps mais elle avait conserv\u00e9 son esprit extr\u00eamement vif comme en t\u00e9moigne sa d\u00e9brid\u00e9e interview avec&nbsp;<em>T\u00e9l\u00e9rama<\/em>&nbsp;\u00bb.<\/p>\n\n\n\n<p><\/p>\n","protected":false},"excerpt":{"rendered":"<p>Sa famille a annonc\u00e9 la triste nouvelle ce mercredi soir&nbsp;:&nbsp;la chanteuse Juliette Gr\u00e9co est d\u00e9c\u00e9d\u00e9e \u00e0 l\u2019\u00e2ge de 93 ans. \u00ab&nbsp;Juliette Gr\u00e9co s\u2019est \u00e9teinte ce mercredi 23&nbsp;septembre 2020 entour\u00e9e des siens dans sa tant aim\u00e9e maison de Ramatuelle (Var). Sa vie fut hors du commun&nbsp;\u00bb, a indiqu\u00e9 la famille dans un texte transmis \u00e0 l\u2019AFP. [&hellip;]<\/p>\n","protected":false},"author":2,"featured_media":16509,"comment_status":"open","ping_status":"open","sticky":false,"template":"","format":"standard","meta":{"_jetpack_memberships_contains_paid_content":false,"footnotes":"","jetpack_publicize_message":"","jetpack_publicize_feature_enabled":true,"jetpack_social_post_already_shared":true,"jetpack_social_options":{"image_generator_settings":{"template":"highway","default_image_id":0,"font":"","enabled":false},"version":2},"_wpas_customize_per_network":false},"categories":[68],"tags":[],"class_list":["post-16508","post","type-post","status-publish","format-standard","has-post-thumbnail","hentry","category-actu-culturelle"],"jetpack_publicize_connections":[],"jetpack_featured_media_url":"https:\/\/i0.wp.com\/www.iceagetv.com\/radiosite\/wp-content\/uploads\/2020\/09\/Juliette-Gr%C3%A9co-est-d%C3%A9c%C3%A9d%C3%A9e-%C3%A0-l%C3%A2ge-de-93-ans.png?fit=646%2C414&ssl=1","jetpack_sharing_enabled":true,"_links":{"self":[{"href":"https:\/\/www.iceagetv.com\/radiosite\/wp-json\/wp\/v2\/posts\/16508","targetHints":{"allow":["GET"]}}],"collection":[{"href":"https:\/\/www.iceagetv.com\/radiosite\/wp-json\/wp\/v2\/posts"}],"about":[{"href":"https:\/\/www.iceagetv.com\/radiosite\/wp-json\/wp\/v2\/types\/post"}],"author":[{"embeddable":true,"href":"https:\/\/www.iceagetv.com\/radiosite\/wp-json\/wp\/v2\/users\/2"}],"replies":[{"embeddable":true,"href":"https:\/\/www.iceagetv.com\/radiosite\/wp-json\/wp\/v2\/comments?post=16508"}],"version-history":[{"count":1,"href":"https:\/\/www.iceagetv.com\/radiosite\/wp-json\/wp\/v2\/posts\/16508\/revisions"}],"predecessor-version":[{"id":16510,"href":"https:\/\/www.iceagetv.com\/radiosite\/wp-json\/wp\/v2\/posts\/16508\/revisions\/16510"}],"wp:featuredmedia":[{"embeddable":true,"href":"https:\/\/www.iceagetv.com\/radiosite\/wp-json\/wp\/v2\/media\/16509"}],"wp:attachment":[{"href":"https:\/\/www.iceagetv.com\/radiosite\/wp-json\/wp\/v2\/media?parent=16508"}],"wp:term":[{"taxonomy":"category","embeddable":true,"href":"https:\/\/www.iceagetv.com\/radiosite\/wp-json\/wp\/v2\/categories?post=16508"},{"taxonomy":"post_tag","embeddable":true,"href":"https:\/\/www.iceagetv.com\/radiosite\/wp-json\/wp\/v2\/tags?post=16508"}],"curies":[{"name":"wp","href":"https:\/\/api.w.org\/{rel}","templated":true}]}}