{"id":16511,"date":"2020-09-24T12:35:12","date_gmt":"2020-09-24T12:35:12","guid":{"rendered":"http:\/\/www.iceagetv.com\/radiosite\/?p=16511"},"modified":"2020-09-24T12:35:12","modified_gmt":"2020-09-24T12:35:12","slug":"fermeture-des-bars-et-des-restaurants-a-marseille-la-ville-reclame-un-delai-de-dix-jours","status":"publish","type":"post","link":"https:\/\/www.iceagetv.com\/radiosite\/fermeture-des-bars-et-des-restaurants-a-marseille-la-ville-reclame-un-delai-de-dix-jours\/","title":{"rendered":"Fermeture des bars et des restaurants \u00e0 Marseille : la Ville r\u00e9clame un d\u00e9lai de dix jours"},"content":{"rendered":"\n<p> Face \u00e0 une remont\u00e9e du taux d\u2019incidence du Covid-19 dans la m\u00e9tropole d\u2019Aix-Marseille et en\u00a0Guadeloupe, le ministre de la sant\u00e9, Olivier V\u00e9ran,\u00a0<a href=\"https:\/\/www.lemonde.fr\/planete\/article\/2020\/09\/23\/vers-des-mesures-specifiques-de-lutte-contre-le-coronavirus-a-paris_6053290_3244.html\">a annonc\u00e9 mercredi soir des mesures tr\u00e8s strictes<\/a>\u00a0dans ces deux r\u00e9gions, d\u00e9sormais plac\u00e9es en\u00a0<em>\u00ab\u00a0zone d\u2019alerte maximale\u00a0\u00bb<\/em>\u00a0: bars et restaurants sont contraints \u00e0 une fermeture totale \u00e0 partir de samedi. Onze autres m\u00e9tropoles, dont Paris, ont \u00e9t\u00e9 plac\u00e9es en\u00a0<em>\u00ab\u00a0zone d\u2019alerte renforc\u00e9e\u00a0\u00bb<\/em>, ce qui implique notamment la fermeture des bars \u00e0 partir de 22\u00a0heures et la limitation de la vente d\u2019alcool.  Les professionnels de la restauration et les bistrotiers ne d\u00e9col\u00e9raient pas, jeudi\u00a024\u00a0septembre, d\u00e9non\u00e7ant une\u00a0<em>\u00ab\u00a0d\u00e9cision inique\u00a0\u00bb<\/em>\u00a0d\u2019un gouvernement\u00a0<em>\u00ab\u00a0incapable de g\u00e9rer la crise\u00a0\u00bb<\/em>\u00a0sanitaire, de fermer leurs \u00e9tablissements dans la m\u00e9tropole d\u2019Aix-Marseille et de leur imposer une fermeture \u00e0 22\u00a0heures, ailleurs. Le premier adjoint de Marseille, Beno\u00eet Payan, a qualifi\u00e9 jeudi d\u2019<em>\u00ab\u00a0affront\u00a0\u00bb<\/em>\u00a0l\u2019annonce\u00a0<em>\u00ab\u00a0sans concertation\u00a0\u00bb<\/em>\u00a0par le gouvernement de\u00a0<em>\u00ab\u00a0restrictions incroyables\u00a0\u00bb<\/em>\u00a0pour lutter contre le Covid-19, et r\u00e9clam\u00e9 un d\u00e9lai de dix jours avant la mise en \u0153uvre de nouvelles mesures.  L\u2019agence Sant\u00e9 publique France a fait \u00e9tat mercredi de 13\u00a0072\u00a0nouvelles contaminationsen vingt-quatre heures, soit 3\u00a0064 de plus que la veille. Le nombre de patients hospitalis\u00e9s au cours des sept derniers jours s\u2019\u00e9l\u00e8ve selon elle \u00e0 4\u00a0244, comme mardi, et parmi eux, 675 ont \u00e9t\u00e9 admis en r\u00e9animation, soit 24 de plus que la veille. Le taux de positivit\u00e9 des tests est remont\u00e9 6,1\u00a0% \u00e0 6,2\u00a0% et 1\u00a0039\u00a0foyers d\u2019infections sont en cours d\u2019investigations (+ 70 en\u00a0vingt-quatre\u00a0heures). Quarante-trois d\u00e9c\u00e8s suppl\u00e9mentaires ont par ailleurs \u00e9t\u00e9 recens\u00e9s, ce qui porte le bilan \u00e0 31\u00a0459\u00a0morts depuis le d\u00e9but de l\u2019\u00e9pid\u00e9mie en France. <\/p>\n\n\n\n<ul class=\"wp-block-list\"><li>Mesure injustifi\u00e9e&nbsp;\u00bb, \u00ab&nbsp;sacr\u00e9 coup de massue&nbsp;\u00bb<\/li><\/ul>\n\n\n\n<p><em>\u00ab&nbsp;C\u2019est une mesure injustifi\u00e9e, car les contaminations surviennent dans le milieu priv\u00e9 et familial. Et c\u2019est discriminatoire, parce qu\u2019on nous stigmatise. Enfin, c\u2019est contre-productif&nbsp;: en&nbsp;fermant nos \u00e9tablissements \u00e0 22&nbsp;heures, on pousse nos clients \u00e0 faire la f\u00eate ailleurs&nbsp;: les plages et bords de fleuves tant qu\u2019il fait beau, et demain les appartements priv\u00e9s&nbsp;\u00bb<\/em>, a d\u00e9clar\u00e9 Franck Trouet, porte-parole du Groupement national des ind\u00e9pendants (GNI), un syndicat patronal qui repr\u00e9sente les ind\u00e9pendants de l\u2019h\u00f4tellerie et de la restauration.<\/p>\n\n\n\n<p>Pour le GNI, cette situation r\u00e9sulte de&nbsp;<em>\u00ab&nbsp;l\u2019incapacit\u00e9 du ministre de l\u2019int\u00e9rieur \u00e0 faire respecter les r\u00e8gles&nbsp;: interdiction des rassemblements de plus de 10&nbsp;personnes, de la consommation d\u2019alcool sur la voie publique, distanciation sociale et port du masque&nbsp;\u00bb<\/em>.&nbsp;<em>\u00ab&nbsp;Nos \u00e9tablissements, eux, ont d\u00e9pens\u00e9 des millions d\u2019euros pour respecter les protocoles et on veut nous faire fermer&nbsp;?!&nbsp;\u00bb<\/em>, s\u2019est indign\u00e9 M.&nbsp;Trouet.<\/p>\n\n\n\n<p>La fermeture des restaurants d\u00e9cr\u00e9t\u00e9e dans la m\u00e9tropole d\u2019Aix-Marseille et en Guadeloupe est un&nbsp;<em>\u00ab&nbsp;sacr\u00e9 coup de massue&nbsp;\u00bb<\/em>,&nbsp;<a href=\"https:\/\/www.europe1.fr\/emissions\/linterview-politique-de-8h20\/fermetures-des-bars-et-restaurants-a-aix-marseille-cest-un-sacre-coup-de-massue-pour-francois-asselin-3993933\">a r\u00e9agi de son c\u00f4t\u00e9 jeudi sur Europe 1 le pr\u00e9sident de la Conf\u00e9d\u00e9ration des petites et moyennes entreprises (CPME), Fran\u00e7ois Asselin<\/a>.&nbsp;<em>\u00ab&nbsp;Pour les h\u00f4teliers, les bars et toute la fili\u00e8re en amont, les fournisseurs, il faut tout simplement annuler leurs charges&nbsp;\u00bb<\/em>&nbsp;et pas seulement les reporter, a-t-il demand\u00e9.&nbsp;<em>\u00ab&nbsp;Ils ne pourront pas rembourser, ou alors \u00e7a sera direction le tribunal de commerce, et l\u00e0, de toute fa\u00e7on, ils ne paieront pas&nbsp;\u00bb<\/em>, a d\u00e9clar\u00e9 M. Asselin.<\/p>\n\n\n\n<p>Re\u00e7us jeudi matin par le ministre de l\u2019\u00e9conomie, Bruno Le Maire, et le ministre d\u00e9l\u00e9gu\u00e9 aux petites et moyennes entreprises (PME), Alain Griset, \u00e0 Bercy, les professionnels vont demander, pour les \u00e9tablissements contraints de fermer,&nbsp;<em>\u00ab&nbsp;une prise en charge par l\u2019Etat des loyers et des charges fixes&nbsp;\u00bb<\/em>, et, pour ceux devant baisser le rideau \u00e0 22&nbsp;heures,&nbsp;<em>\u00ab&nbsp;une indemnisation de la perte d\u2019exploitation&nbsp;\u00bb<\/em>, selon Franck Trouet.<\/p>\n\n\n\n<p><em>\u00ab Les bars et les restaurants ont besoin du soutien de l\u2019Etat qui doit compenser totalement leur perte d\u2019exploitation \u00bb<\/em>, a tweet\u00e9 le pr\u00e9sident du Medef, Geoffroy Roux de B\u00e9zieux avant cette r\u00e9union.&nbsp;<em>\u00ab C\u2019est urgent car c\u2019est une question de survie \u00bb<\/em>, a-t-il ajout\u00e9.<\/p>\n\n\n\n<p><\/p>\n","protected":false},"excerpt":{"rendered":"<p>Face \u00e0 une remont\u00e9e du taux d\u2019incidence du Covid-19 dans la m\u00e9tropole d\u2019Aix-Marseille et en\u00a0Guadeloupe, le ministre de la sant\u00e9, Olivier V\u00e9ran,\u00a0a annonc\u00e9 mercredi soir des mesures tr\u00e8s strictes\u00a0dans ces deux r\u00e9gions, d\u00e9sormais plac\u00e9es en\u00a0\u00ab\u00a0zone d\u2019alerte maximale\u00a0\u00bb\u00a0: bars et restaurants sont contraints \u00e0 une fermeture totale \u00e0 partir de samedi. Onze autres m\u00e9tropoles, dont Paris, [&hellip;]<\/p>\n","protected":false},"author":2,"featured_media":16512,"comment_status":"open","ping_status":"open","sticky":false,"template":"","format":"standard","meta":{"_jetpack_memberships_contains_paid_content":false,"footnotes":"","jetpack_publicize_message":"","jetpack_publicize_feature_enabled":true,"jetpack_social_post_already_shared":true,"jetpack_social_options":{"image_generator_settings":{"template":"highway","default_image_id":0,"font":"","enabled":false},"version":2},"_wpas_customize_per_network":false},"categories":[405],"tags":[],"class_list":["post-16511","post","type-post","status-publish","format-standard","has-post-thumbnail","hentry","category-actu-france-monde"],"jetpack_publicize_connections":[],"jetpack_featured_media_url":"https:\/\/i0.wp.com\/www.iceagetv.com\/radiosite\/wp-content\/uploads\/2020\/09\/Fermeture-des-bars-et-des-restaurants-%C3%A0-Marseille.png?fit=567%2C380&ssl=1","jetpack_sharing_enabled":true,"_links":{"self":[{"href":"https:\/\/www.iceagetv.com\/radiosite\/wp-json\/wp\/v2\/posts\/16511","targetHints":{"allow":["GET"]}}],"collection":[{"href":"https:\/\/www.iceagetv.com\/radiosite\/wp-json\/wp\/v2\/posts"}],"about":[{"href":"https:\/\/www.iceagetv.com\/radiosite\/wp-json\/wp\/v2\/types\/post"}],"author":[{"embeddable":true,"href":"https:\/\/www.iceagetv.com\/radiosite\/wp-json\/wp\/v2\/users\/2"}],"replies":[{"embeddable":true,"href":"https:\/\/www.iceagetv.com\/radiosite\/wp-json\/wp\/v2\/comments?post=16511"}],"version-history":[{"count":1,"href":"https:\/\/www.iceagetv.com\/radiosite\/wp-json\/wp\/v2\/posts\/16511\/revisions"}],"predecessor-version":[{"id":16513,"href":"https:\/\/www.iceagetv.com\/radiosite\/wp-json\/wp\/v2\/posts\/16511\/revisions\/16513"}],"wp:featuredmedia":[{"embeddable":true,"href":"https:\/\/www.iceagetv.com\/radiosite\/wp-json\/wp\/v2\/media\/16512"}],"wp:attachment":[{"href":"https:\/\/www.iceagetv.com\/radiosite\/wp-json\/wp\/v2\/media?parent=16511"}],"wp:term":[{"taxonomy":"category","embeddable":true,"href":"https:\/\/www.iceagetv.com\/radiosite\/wp-json\/wp\/v2\/categories?post=16511"},{"taxonomy":"post_tag","embeddable":true,"href":"https:\/\/www.iceagetv.com\/radiosite\/wp-json\/wp\/v2\/tags?post=16511"}],"curies":[{"name":"wp","href":"https:\/\/api.w.org\/{rel}","templated":true}]}}