{"id":16523,"date":"2020-09-25T13:23:12","date_gmt":"2020-09-25T13:23:12","guid":{"rendered":"http:\/\/www.iceagetv.com\/radiosite\/?p=16523"},"modified":"2020-09-25T13:23:12","modified_gmt":"2020-09-25T13:23:12","slug":"attaque-anciens-locaux-charlie-hebdo-le-parquet-national-antiterroriste-saisi-lauteur-principal-a-ete-arrete-et-est-actuellement-en-garde-a-vue-procureur-au-moins-2-blesses-graves","status":"publish","type":"post","link":"https:\/\/www.iceagetv.com\/radiosite\/attaque-anciens-locaux-charlie-hebdo-le-parquet-national-antiterroriste-saisi-lauteur-principal-a-ete-arrete-et-est-actuellement-en-garde-a-vue-procureur-au-moins-2-blesses-graves\/","title":{"rendered":"Attaque anciens locaux Charlie Hebdo: Le Parquet national antiterroriste saisi &#8211; \u00ab\u00a0L&rsquo;auteur principal a \u00e9t\u00e9 arr\u00eat\u00e9 et est actuellement en garde \u00e0 vue\u00a0\u00bb (Procureur) &#8211; Au moins 2 bless\u00e9s graves"},"content":{"rendered":"\n<p> <strong>L&rsquo;auteur principal a \u00e9t\u00e9 arr\u00eat\u00e9 et est actuellement en garde \u00e0 vue\u00a0\u00bb, a d\u00e9clar\u00e9 le procureur de Paris.<\/strong> <\/p>\n\n\n\n<p><strong>Le Premier ministre s&rsquo;exprime<\/strong><\/p>\n\n\n\n<p>\u00ab\u00a0Des faits graves ont \u00e9t\u00e9 commis ici (&#8230;) J&rsquo;ai d&rsquo;abord voulu t\u00e9moigner ma solidarit\u00e9 envers les familles des victimes\u00a0\u00bb<\/p>\n\n\n\n<p>\u00ab\u00a0Les jours des deux bless\u00e9s ne sont pas en danger\u00a0\u00bb Les parents des \u00e9l\u00e8ves confin\u00e9s dans les \u00e9tablissements scolaires des 11\u00e8me, 3\u00e8me et 4\u00e8me arrondissements peuvent venir chercher leurs enfants, les mesures de pr\u00e9caution \u00e9tant lev\u00e9es\u00a0\u00bb, annonce la pr\u00e9fecture de police sur Twitter.\u00a0  <strong>125 \u00e9coles, coll\u00e8ges et lyc\u00e9es sont confin\u00e9s dans les 3e, 4e et 11e arrondissements, annonce l\u2019Acad\u00e9mie de Paris<\/strong>  En raison d&rsquo;une mesure de s\u00e9curit\u00e9 les lignes de bus 29, 56, 69, 75, 76, 86, 87, 91 sont d\u00e9vi\u00e9es sur le secteur de Bastille\u00a0\u00bb, annonce la RATP sur Twitter  Le Premier ministre Jean Castex et le Ministre de l&rsquo;Int\u00e9rieur G\u00e9rald Darmanin sont arriv\u00e9s sur place. Ils sont accompagn\u00e9s de la maire de Paris Anne Hidalgo <\/p>\n\n\n\n<p><strong>CE QUE L&rsquo;ON SAIT A 14h30:<\/strong><\/p>\n\n\n\n<p>Une attaque \u00e0 l&rsquo;arme blanche a fait deux bless\u00e9s vendredi \u00e0 Paris pr\u00e8s des anciens locaux de l&rsquo;hebdomadaire satirique Charlie Hebdo, en plein proc\u00e8s de l&rsquo;attentat meurtrier qui l&rsquo;avait vis\u00e9 en janvier 2015, et deux suspects ont \u00e9t\u00e9 interpell\u00e9s par la police. Le parquet national antiterroriste (Pnat) a annonc\u00e9 \u00eatre saisi d&rsquo;une enqu\u00eate pour \u00ab\u00a0tentative d&rsquo;assassinat en relation avec une entreprise terroriste\u00a0\u00bb, confi\u00e9e brigade criminelle et \u00e0 la Direction g\u00e9n\u00e9rale de la s\u00e9curit\u00e9 int\u00e9rieure (DGSI). Un premier bilan de la pr\u00e9fecture de police (PP) faisait \u00e9tat de quatre bless\u00e9s dont deux en \u00ab\u00a0urgence absolue\u00a0\u00bb, avant d&rsquo;\u00eatre revu \u00e0 la baisse. Un premier suspect a \u00e9t\u00e9 interpell\u00e9 par la police pr\u00e8s de la place de la Bastille, a pr\u00e9cis\u00e9 la PP. Une deuxi\u00e8me personne a \u00e9t\u00e9 plac\u00e9e en garde \u00e0 vue, a-t-on ajout\u00e9 une source judiciaire.<\/p>\n\n\n\n<p>L&rsquo;hypoth\u00e8se de la pr\u00e9sence d&rsquo;un colis suspect, un temps \u00e9voqu\u00e9, a finalement \u00e9t\u00e9 lev\u00e9e. \u00ab\u00a0Aucun engin explosif n&rsquo;a \u00e9t\u00e9 d\u00e9tect\u00e9\u00a0\u00bb, a indiqu\u00e9 la PP. Un large p\u00e9rim\u00e8tre de s\u00e9curit\u00e9 a \u00e9t\u00e9 \u00e9tabli autour des anciens locaux de Charlie Hebdo, situ\u00e9s dans le XIe arrondissement. Les \u00e9coles des IIIe, IVe et IXe arrondissements ont \u00e9t\u00e9 confin\u00e9es, selon la PP, et les stations de m\u00e9tro Bastille et Saint-S\u00e9bastien Froissart ont \u00e9t\u00e9 ferm\u00e9es au public par \u00ab\u00a0mesure de s\u00e9curit\u00e9\u00a0\u00bb, a indiqu\u00e9 la RATP.<\/p>\n\n\n\n<p>Une cellule de crise a \u00e9t\u00e9 ouverte au minist\u00e8re de l&rsquo;Int\u00e9rieur, o\u00f9 le ministre de G\u00e9rald Darmanin et le Premier ministre Jean Castex se sont rendus. Ils doivent aller dans l&rsquo;apr\u00e8s-midi sur les lieux de l&rsquo;attaque . Les deux bless\u00e9s font partie de l&rsquo;agence Premi\u00e8res Lignes, qui travaille notamment pour l&rsquo;\u00e9mission de France 2 Cash Investigation. \u00ab\u00a0Cela s&rsquo;est pass\u00e9 vers 11H45, un homme est arriv\u00e9 et a attaqu\u00e9 avec un hachoir deux salari\u00e9s qui fumaient devant l&rsquo;immeuble, un homme et une femme\u00a0\u00bb, a d\u00e9clar\u00e9 \u00e0 l&rsquo;AFP Paul Moreira, fondateur et co-dirigeant de Premi\u00e8res Lignes. \u00ab\u00a0L&rsquo;homme et la femme ont \u00e9t\u00e9 tous les deux tr\u00e8s gravement bless\u00e9s\u00a0\u00bb, a-t-il ajout\u00e9.<\/p>\n\n\n\n<p>\u00ab\u00a0Deux coll\u00e8gues fumaient une cigarette en bas de l&rsquo;immeuble, dans la rue. J&rsquo;ai entendu des hurlements. Je suis all\u00e9e \u00e0 la fen\u00eatre et j&rsquo;ai vu un de mes coll\u00e8gues, tach\u00e9 de sang, \u00eatre poursuivi par un homme avec une machette dans la rue. On sait que nos deux coll\u00e8gues sont bless\u00e9s, mais nous n&rsquo;en savons pas davantage pour le moment\u00a0\u00bb, a d\u00e9clar\u00e9 sous couvert d&rsquo;anonymat \u00e0 l&rsquo;AFP une employ\u00e9e de Premi\u00e8res Lignes. Vers midi, on est all\u00e9 faire une pause d\u00e9jeuner au restaurant. En arrivant, la patronne s&rsquo;est mise \u00e0 crier +partez, partez+, il y a un attentat&#8230; On est partis en courant s&rsquo;enfermer et rester \u00e0 l&rsquo;int\u00e9rieur de notre boutique avec quatre clients\u00a0\u00bb, a racont\u00e9 \u00e0 l&rsquo;AFP Hassani Erwan, 23 ans, un coiffeur du quartier.<\/p>\n\n\n\n<p>Cette attaque survient alors que la r\u00e9daction de Charlie Hebdo fait l&rsquo;objet de nouvelles menaces depuis que l&rsquo;hebdomadaire a republi\u00e9 des caricatures de Mahomet le 2 septembre, \u00e0 l&rsquo;occasion de l&rsquo;ouverture du proc\u00e8s des attentats de janvier 2015, qui doit se tenir jusqu&rsquo;au 10 novembre. Apr\u00e8s une courte suspension au proc\u00e8s, l&rsquo;audience a repris sans aucune mention par la cour d&rsquo;assises sp\u00e9ciale de Paris de cette attaque, selon une journaliste de l&rsquo;AFP.<\/p>\n\n\n\n<p>En d\u00e9but de semaine, la directrice des ressources humaines de Charlie Hebdo, Marika Bret, avait \u00e9t\u00e9 exfiltr\u00e9e de son domicile en raison de menaces jug\u00e9es s\u00e9rieuses. A la suite de ces menaces, G\u00e9rald Darmanin avait demand\u00e9 \u00ab\u00a0qu&rsquo;on puisse r\u00e9\u00e9valuer les menaces qui p\u00e8sent sur les journalistes et les collaborateurs de Charlie Hebdo\u00a0\u00bb. Pr\u00e8s d&rsquo;une centaine de m\u00e9dias (journaux, magazines, cha\u00eenes de t\u00e9l\u00e9vision et radios) ont publi\u00e9 en r\u00e9action mercredi une lettre ouverte appelant les Fran\u00e7ais \u00e0 se mobiliser en faveur de la libert\u00e9 d&rsquo;expression. \u00ab\u00a0Aujourd&rsquo;hui, en 2020, certains d&rsquo;entre vous sont menac\u00e9s de mort sur les r\u00e9seaux sociaux quand ils exposent des opinions singuli\u00e8res. Des m\u00e9dias sont ouvertement d\u00e9sign\u00e9s comme cibles par des organisations terroristes internationales\u00a0\u00bb, pouvait-on lire dans cette lettre intitul\u00e9e \u00ab\u00a0Ensemble, d\u00e9fendons la Libert\u00e9\u00a0\u00bb. Le 7 janvier 2015, les fr\u00e8res Kouachi avaient attaqu\u00e9 la r\u00e9daction de Charlie Hebdo \u00e0 l&rsquo;arme de guerre, y assassinant 12 personnes, dont les dessinateurs historiques Cabu et Wolinski, avant de prendre la fuite. Leur p\u00e9riple meurtrier avait pris fin dans une imprimerie de Dammartin-en-Go\u00eble (Seine-et-Marne) o\u00f9 ils s&rsquo;\u00e9taient retranch\u00e9s avant d&rsquo;\u00eatre tu\u00e9s dans un assaut du GIGN. La mairie de Paris annonce que les cr\u00e8ches et les r\u00e9sidences pour personnes \u00e2g\u00e9es du secteur du boulevard Richard-Lenoir sont \u00e9galement confin\u00e9es, tout comme les \u00e9coles.  <strong>Le Premier ministre, Jean Castex, et le ministre de l&rsquo;Int\u00e9rieur, G\u00e9rald Darmanin doivent se rendre vendredi apr\u00e8s-midi sur les lieux d&rsquo;une attaque \u00e0 l&rsquo;arme blanche survenue dans la matin\u00e9e, pr\u00e8s des anciens locaux de Charlie Hebdo, qui a fait deux bless\u00e9s, a indiqu\u00e9 Matignon. Deux suspects ont \u00e9t\u00e9 interpell\u00e9s, alors que le parquet national antiterroriste a annonc\u00e9 \u00eatre saisi d&rsquo;une enqu\u00eate pour \u00ab\u00a0tentative d&rsquo;assassinat en relation avec une entreprise terroriste\u00a0\u00bb.<\/strong>  Pr\u00e9sente ce vendredi au proc\u00e8s de Charlie Hebdo, l&rsquo;ancienne DRH Marika Bret r\u00e9agit face \u00e0 la presse \u00e0 l&rsquo;attaque:\u00a0\u00ab\u00a0Je suis chavir\u00e9e j&rsquo;ai le coeur \u00e0 l&rsquo;envers je suis an\u00e9antie [&#8230;] c&rsquo;est un nouveau coup de massue, il n&rsquo;y a qu&rsquo;un seul mot: l&rsquo;horreur\u00a0\u00bb, a confi\u00e9 Marika Bret. <\/p>\n\n\n\n<p><strong>&nbsp;LE POINT SUR CE QUE L&rsquo;ON SAIT A 14h:<\/strong><\/p>\n\n\n\n<p>Une attaque \u00e0 l\u2019arme blanche a fait deux bless\u00e9s vendredi \u00e0 Paris pr\u00e8s des anciens locaux de l\u2019hebdomadaire satirique Charlie Hebdo, en plein proc\u00e8s de l\u2019attentat meurtrier qui l\u2019avait vis\u00e9 en janvier 2015, et un \u00absuspect\u00bb rapidement interpell\u00e9 par la police. Un deuxi\u00e8me a \u00e9t\u00e9 interpell\u00e9 vers 13h30, et le Parquet antiterroriste annonce avoir \u00e9t\u00e9 saisi.<\/p>\n\n\n\n<p>Un premier bilan de la pr\u00e9fecture de police (PP) faisait \u00e9tat de quatre bless\u00e9s dont deux en \u00aburgence absolue\u00bb, avant d\u2019\u00eatre revu \u00e0 la baisse.<\/p>\n\n\n\n<p>Le suspect a \u00e9t\u00e9 interpell\u00e9 par la police pr\u00e8s de la place de la Bastille, a pr\u00e9cis\u00e9 la PP.<\/p>\n\n\n\n<p>Un p\u00e9rim\u00e8tre de s\u00e9curit\u00e9 a \u00e9t\u00e9 \u00e9tabli autour des anciens locaux de Charlie Hebdo, situ\u00e9s dans le XIe arrondissement, pour un \u00abcolis suspect\u00bb, a ajout\u00e9 la pr\u00e9fecture.<\/p>\n\n\n\n<p>La BRI a \u00e9t\u00e9 mobilis\u00e9e et le laboratoire central de la pr\u00e9fecture se rend sur place, a encore dit la PP, invitant \u00e0 \u00ab\u00e9viter le secteur\u00bb. Une cellule de crise a \u00e9t\u00e9 ouverte au minist\u00e8re de l\u2019Int\u00e9rieur, o\u00f9 le ministre G\u00e9rald Darmanin et le Premier ministre Jean Castex devaient se rendre \u00aben urgence\u00bb.<\/p>\n\n\n\n<p>Cinq \u00e9coles ont \u00e9galement \u00e9t\u00e9 confin\u00e9es dans le p\u00e9rim\u00e8tre, a indiqu\u00e9 \u00e0 l\u2019AFP le rectorat de Paris<\/p>\n\n\n\n<p>Le Samu a de son c\u00f4t\u00e9 indiqu\u00e9 avoir d\u00e9clench\u00e9 sa cellule de crise op\u00e9rationnelle, tandis que la RATP a d\u00e9clar\u00e9 avoir \u00abcompl\u00e8tement ferm\u00e9 au public\u00bb la station de m\u00e9tro Bastille par \u00abmesure de s\u00e9curit\u00e9\u00bb.<\/p>\n\n\n\n<p>La rue Nicolas Appert, o\u00f9 se trouvaient les locaux du journal, est bloqu\u00e9e, avec une dizaine de policiers en armes d\u00e9ploy\u00e9s sur place, a constat\u00e9 une journaliste de l\u2019AFP.<\/p>\n\n\n\n<p>\u00abVers midi, on est all\u00e9 faire une pause d\u00e9jeuner au restaurant. En arrivant, la patronne s\u2019est mise \u00e0 crier +partez, partez+, il y a un attentat&#8230; On est partis en courant s\u2019enfermer et rester \u00e0 l\u2019int\u00e9rieur de notre boutique avec quatre clients\u00bb, a racont\u00e9 \u00e0 l\u2019AFP Hassani Erwan, 23 ans, un coiffeur situ\u00e9 au coin de la rue Saint-Sabin et la rue Verte.<\/p>\n\n\n\n<p>\u00abExtr\u00eamement choqu\u00e9e par l\u2019attaque meurtri\u00e8re \u00e0 proximit\u00e9 des anciens locaux de #CharlieHebdo, dans un arrondissement de Paris qui a d\u00e9j\u00e0 pay\u00e9 un lourd tribu \u00e0 la violence terroriste\u00bb, a r\u00e9agi sur Twitter la pr\u00e9sidente de la r\u00e9gion \u00cele-de-France Val\u00e9rie P\u00e9cresse.<\/p>\n\n\n\n<p>Cette attaque survient alors que la r\u00e9daction de Charlie Hebdo fait l\u2019objet de nouvelles menaces depuis que l\u2019hebdomadaire a republi\u00e9 des caricatures de Mahomet le 2 septembre, \u00e0 l\u2019occasion de l\u2019ouverture du proc\u00e8s des attentats de janvier 2015, qui doit se tenir jusqu\u2019au 10 novembre.<\/p>\n\n\n\n<p>Apr\u00e8s une courte suspension au proc\u00e8s, l\u2019audience a repris sans aucune mention par la cour d\u2019assises sp\u00e9ciale de Paris de cette attaque, selon une journaliste de l\u2019AFP.<\/p>\n\n\n\n<p>En d\u00e9but de semaine, la directrice des ressources humaines de Charlie Hebdo, Marika Bret, avait \u00e9t\u00e9 exfiltr\u00e9e de son domicile en raison de menaces jug\u00e9es s\u00e9rieuses.<\/p>\n\n\n\n<p>A la suite de ces menaces, le ministre de l\u2019Int\u00e9rieur G\u00e9rald Darmanin avait demand\u00e9 \u00e0 ce \u00abqu\u2019on puisse r\u00e9\u00e9valuer les menaces qui p\u00e8sent sur les journalistes et les collaborateurs de Charlie Hebdo\u00bb.<\/p>\n\n\n\n<p>Pr\u00e8s d\u2019une centaine de m\u00e9dias (journaux, magazines, cha\u00eenes de t\u00e9l\u00e9vision et radios) ont publi\u00e9 en r\u00e9action mercredi une lettre ouverte appelant les Fran\u00e7ais \u00e0 se mobiliser en faveur de la libert\u00e9 d\u2019expression.<\/p>\n\n\n\n<p>\u00abAujourd\u2019hui, en 2020, certains d\u2019entre vous sont menac\u00e9s de mort sur les r\u00e9seaux sociaux quand ils exposent des opinions singuli\u00e8res. Des m\u00e9dias sont ouvertement d\u00e9sign\u00e9s comme cibles par des organisations terroristes internationales\u00bb, pouvait-on lire dans cette lettre intitul\u00e9e \u00abEnsemble, d\u00e9fendons la Libert\u00e9\u00bb.<\/p>\n\n\n\n<p>Le 7 janvier 2015, les fr\u00e8res Kouachi avaient attaqu\u00e9 la r\u00e9daction de Charlie Hebdo \u00e0 l\u2019arme de guerre, y assassinant 12 personnes, dont les dessinateurs historiques Cabu et Wolinski, avant de prendre la fuite.<\/p>\n\n\n\n<p>Leur p\u00e9riple meurtrier avait pris fin dans une imprimerie de Dammartin-en-Go\u00eble (Seine-et-Marne) o\u00f9 ils s\u2019\u00e9taient retranch\u00e9s avant d\u2019\u00eatre tu\u00e9s dans un assaut du GIGN.<\/p>\n\n\n\n<p><\/p>\n\n\n\n<p><\/p>\n\n\n\n<p><\/p>\n","protected":false},"excerpt":{"rendered":"<p>L&rsquo;auteur principal a \u00e9t\u00e9 arr\u00eat\u00e9 et est actuellement en garde \u00e0 vue\u00a0\u00bb, a d\u00e9clar\u00e9 le procureur de Paris. Le Premier ministre s&rsquo;exprime \u00ab\u00a0Des faits graves ont \u00e9t\u00e9 commis ici (&#8230;) J&rsquo;ai d&rsquo;abord voulu t\u00e9moigner ma solidarit\u00e9 envers les familles des victimes\u00a0\u00bb \u00ab\u00a0Les jours des deux bless\u00e9s ne sont pas en danger\u00a0\u00bb Les parents des \u00e9l\u00e8ves [&hellip;]<\/p>\n","protected":false},"author":2,"featured_media":16524,"comment_status":"open","ping_status":"open","sticky":false,"template":"","format":"standard","meta":{"_jetpack_memberships_contains_paid_content":false,"footnotes":"","jetpack_publicize_message":"","jetpack_publicize_feature_enabled":true,"jetpack_social_post_already_shared":true,"jetpack_social_options":{"image_generator_settings":{"template":"highway","default_image_id":0,"font":"","enabled":false},"version":2},"_wpas_customize_per_network":false},"categories":[405],"tags":[],"class_list":["post-16523","post","type-post","status-publish","format-standard","has-post-thumbnail","hentry","category-actu-france-monde"],"jetpack_publicize_connections":[],"jetpack_featured_media_url":"https:\/\/i0.wp.com\/www.iceagetv.com\/radiosite\/wp-content\/uploads\/2020\/09\/Attaque-anciens-locaux-Charlie-Hebdo.png?fit=608%2C347&ssl=1","jetpack_sharing_enabled":true,"_links":{"self":[{"href":"https:\/\/www.iceagetv.com\/radiosite\/wp-json\/wp\/v2\/posts\/16523","targetHints":{"allow":["GET"]}}],"collection":[{"href":"https:\/\/www.iceagetv.com\/radiosite\/wp-json\/wp\/v2\/posts"}],"about":[{"href":"https:\/\/www.iceagetv.com\/radiosite\/wp-json\/wp\/v2\/types\/post"}],"author":[{"embeddable":true,"href":"https:\/\/www.iceagetv.com\/radiosite\/wp-json\/wp\/v2\/users\/2"}],"replies":[{"embeddable":true,"href":"https:\/\/www.iceagetv.com\/radiosite\/wp-json\/wp\/v2\/comments?post=16523"}],"version-history":[{"count":1,"href":"https:\/\/www.iceagetv.com\/radiosite\/wp-json\/wp\/v2\/posts\/16523\/revisions"}],"predecessor-version":[{"id":16525,"href":"https:\/\/www.iceagetv.com\/radiosite\/wp-json\/wp\/v2\/posts\/16523\/revisions\/16525"}],"wp:featuredmedia":[{"embeddable":true,"href":"https:\/\/www.iceagetv.com\/radiosite\/wp-json\/wp\/v2\/media\/16524"}],"wp:attachment":[{"href":"https:\/\/www.iceagetv.com\/radiosite\/wp-json\/wp\/v2\/media?parent=16523"}],"wp:term":[{"taxonomy":"category","embeddable":true,"href":"https:\/\/www.iceagetv.com\/radiosite\/wp-json\/wp\/v2\/categories?post=16523"},{"taxonomy":"post_tag","embeddable":true,"href":"https:\/\/www.iceagetv.com\/radiosite\/wp-json\/wp\/v2\/tags?post=16523"}],"curies":[{"name":"wp","href":"https:\/\/api.w.org\/{rel}","templated":true}]}}