{"id":16535,"date":"2020-09-26T15:45:31","date_gmt":"2020-09-26T15:45:31","guid":{"rendered":"http:\/\/www.iceagetv.com\/radiosite\/?p=16535"},"modified":"2020-09-26T15:45:31","modified_gmt":"2020-09-26T15:45:31","slug":"le-journaliste-et-ecrivain-denis-tillinac-age-de-73-ans-est-mort-dans-cette-nuit-il-etait-pourtant-present-hier-a-la-fete-du-livre-en-cote-dor-le-point","status":"publish","type":"post","link":"https:\/\/www.iceagetv.com\/radiosite\/le-journaliste-et-ecrivain-denis-tillinac-age-de-73-ans-est-mort-dans-cette-nuit-il-etait-pourtant-present-hier-a-la-fete-du-livre-en-cote-dor-le-point\/","title":{"rendered":"Le journaliste et \u00e9crivain Denis Tillinac, \u00e2g\u00e9 de 73 ans, est mort dans cette nuit &#8211; Il \u00e9tait pourtant pr\u00e9sent hier \u00e0 la f\u00eate du livre en C\u00f4te-d&rsquo;Or (Le Point)"},"content":{"rendered":"\n<p>Le journaliste et \u00e9crivain Denis Tillinac, \u00e2g\u00e9 de 73 ans, est mort dans cette nuit.&nbsp;L&rsquo;\u00e9crivain est mort \u00e0 l&rsquo;\u00e2ge de 73 ans dans la nuit de vendredi \u00e0 samedi, a-t-on appris aupr\u00e8s de ses proches. Ce vendredi, il \u00e9tait pourtant pr\u00e9sent \u00e0 la f\u00eate du livre Livres en vignes, organis\u00e9e au c\u0153ur du vignoble bourguignon, au ch\u00e2teau du Clos de Vougeot C\u00f4te-d&rsquo;Or) pr\u00e9cise Le Point qui annonce l&rsquo;information sur son site internet.<\/p>\n\n\n\n<p>Dipl\u00f4m\u00e9 de l&rsquo;Institut d&rsquo;\u00e9tudes politiques de Bordeaux (1971), il travaille comme journaliste \u00e0 La Montagne, en Corr\u00e8ze, \u00e0 Madame Figaro et \u00e0 La D\u00e9p\u00eache du Midi, dans les ann\u00e9es 1970. Il en a tir\u00e9 un journal, Spleen en Corr\u00e8ze, paru en 1979, o\u00f9 l&rsquo;on voit notamment Jacques Chirac sillonner ses terres \u00e9lectorales. Il est le repr\u00e9sentant personnel de Jacques Chirac au Conseil permanent de la francophonie de 1995 \u00e0 1998 et fait partie des chiraquiens historiques qui soutiennent Nicolas Sarkozy. Il dirige la maison d&rsquo;\u00e9dition La Table Ronde de 1992 \u00e0 2007.<\/p>\n\n\n\n<p>Il est membre de l&rsquo;Institut Thomas-More. Il fait partie, aux c\u00f4t\u00e9s de Claude Michelet, Michel Peyramaure, de ce qu&rsquo;il est convenu d&rsquo;appeler l\u2019\u00c9cole de Brive.<\/p>\n\n\n\n<p>En 2005, il pr\u00e9side un \u00ab Comit\u00e9 de r\u00e9flexion et de propositions sur la traite des Noirs \u00e0 Bordeaux \u00bb.<\/p>\n\n\n\n<p>Il signe un billet d&rsquo;humeur chaque semaine dans l&rsquo;hebdomadaire Valeurs actuelles et publie de temps \u00e0 autre une tribune dans Marianne. Il est membre de la Ligue nationale de rugby et de l&rsquo;Acad\u00e9mie catholique de France. (<a href=\"https:\/\/fr.wikipedia.org\/wiki\/Denis_Tillinac\" target=\"_blank\" rel=\"noreferrer noopener\">Wikipedia<\/a>)<\/p>\n","protected":false},"excerpt":{"rendered":"<p>Le journaliste et \u00e9crivain Denis Tillinac, \u00e2g\u00e9 de 73 ans, est mort dans cette nuit.&nbsp;L&rsquo;\u00e9crivain est mort \u00e0 l&rsquo;\u00e2ge de 73 ans dans la nuit de vendredi \u00e0 samedi, a-t-on appris aupr\u00e8s de ses proches. Ce vendredi, il \u00e9tait pourtant pr\u00e9sent \u00e0 la f\u00eate du livre Livres en vignes, organis\u00e9e au c\u0153ur du vignoble bourguignon, [&hellip;]<\/p>\n","protected":false},"author":2,"featured_media":16536,"comment_status":"open","ping_status":"open","sticky":false,"template":"","format":"standard","meta":{"_jetpack_memberships_contains_paid_content":false,"footnotes":"","jetpack_publicize_message":"","jetpack_publicize_feature_enabled":true,"jetpack_social_post_already_shared":true,"jetpack_social_options":{"image_generator_settings":{"template":"highway","default_image_id":0,"font":"","enabled":false},"version":2},"_wpas_customize_per_network":false},"categories":[68],"tags":[],"class_list":["post-16535","post","type-post","status-publish","format-standard","has-post-thumbnail","hentry","category-actu-culturelle"],"jetpack_publicize_connections":[],"jetpack_featured_media_url":"https:\/\/i0.wp.com\/www.iceagetv.com\/radiosite\/wp-content\/uploads\/2020\/09\/Le-journaliste-et-%C3%A9crivain-Denis-Tillinac.png?fit=693%2C310&ssl=1","jetpack_sharing_enabled":true,"_links":{"self":[{"href":"https:\/\/www.iceagetv.com\/radiosite\/wp-json\/wp\/v2\/posts\/16535","targetHints":{"allow":["GET"]}}],"collection":[{"href":"https:\/\/www.iceagetv.com\/radiosite\/wp-json\/wp\/v2\/posts"}],"about":[{"href":"https:\/\/www.iceagetv.com\/radiosite\/wp-json\/wp\/v2\/types\/post"}],"author":[{"embeddable":true,"href":"https:\/\/www.iceagetv.com\/radiosite\/wp-json\/wp\/v2\/users\/2"}],"replies":[{"embeddable":true,"href":"https:\/\/www.iceagetv.com\/radiosite\/wp-json\/wp\/v2\/comments?post=16535"}],"version-history":[{"count":1,"href":"https:\/\/www.iceagetv.com\/radiosite\/wp-json\/wp\/v2\/posts\/16535\/revisions"}],"predecessor-version":[{"id":16537,"href":"https:\/\/www.iceagetv.com\/radiosite\/wp-json\/wp\/v2\/posts\/16535\/revisions\/16537"}],"wp:featuredmedia":[{"embeddable":true,"href":"https:\/\/www.iceagetv.com\/radiosite\/wp-json\/wp\/v2\/media\/16536"}],"wp:attachment":[{"href":"https:\/\/www.iceagetv.com\/radiosite\/wp-json\/wp\/v2\/media?parent=16535"}],"wp:term":[{"taxonomy":"category","embeddable":true,"href":"https:\/\/www.iceagetv.com\/radiosite\/wp-json\/wp\/v2\/categories?post=16535"},{"taxonomy":"post_tag","embeddable":true,"href":"https:\/\/www.iceagetv.com\/radiosite\/wp-json\/wp\/v2\/tags?post=16535"}],"curies":[{"name":"wp","href":"https:\/\/api.w.org\/{rel}","templated":true}]}}