{"id":16538,"date":"2020-09-27T09:53:34","date_gmt":"2020-09-27T09:53:34","guid":{"rendered":"http:\/\/www.iceagetv.com\/radiosite\/?p=16538"},"modified":"2020-09-27T09:53:34","modified_gmt":"2020-09-27T09:53:34","slug":"etats-unis-six-choses-a-savoir-sur-amy-coney-barrett-choisie-par-donald-trump-pour-remplacer-ruth-bader-ginsburg-a-la-cour-supreme","status":"publish","type":"post","link":"https:\/\/www.iceagetv.com\/radiosite\/etats-unis-six-choses-a-savoir-sur-amy-coney-barrett-choisie-par-donald-trump-pour-remplacer-ruth-bader-ginsburg-a-la-cour-supreme\/","title":{"rendered":"Etats-Unis : six choses \u00e0 savoir sur Amy Coney Barrett, choisie par Donald Trump pour remplacer Ruth Bader Ginsburg \u00e0 la Cour supr\u00eame"},"content":{"rendered":"\n<p><em>Nous allons annoncer quelqu&rsquo;un de fantastique ! Je pense que demain<\/em>&nbsp;[samedi]&nbsp;<em>va \u00eatre une grande journ\u00e9e.<\/em>\u00ab\u00a0En&nbsp;ces quelques mots, prononc\u00e9s devant la foule acquise d&rsquo;un meeting \u00e0 Newport News, en Virginie (Etats-Unis),&nbsp;<a href=\"https:\/\/www.francetvinfo.fr\/monde\/usa\/presidentielle\/donald-trump\/\">Donald Trump<\/a>&nbsp;a fait savoir que son choix \u00e9tait fait, vendredi 25 septembre. Sans en dire plus, le pr\u00e9sident am\u00e9ricain a sugg\u00e9r\u00e9 avoir trouv\u00e9&nbsp;sa candidate pour un remplacement d\u00e9cisif : celui&nbsp;de la juge&nbsp;<a href=\"https:\/\/www.francetvinfo.fr\/economie\/emploi\/metiers\/droit-et-justice\/video-qui-est-ruth-bader-ginsburg-grande-figure-de-la-lutte-pour-le-droit-des-femmes_3127909.html\">Ruth Bader Ginsburg<\/a>&nbsp;\u00e0 la Cour supr\u00eame.&nbsp;Moins d&rsquo;une semaine apr\u00e8s&nbsp;<a href=\"https:\/\/www.francetvinfo.fr\/monde\/usa\/presidentielle\/etats-unis-ruth-bader-ginsburg-doyenne-de-la-cour-supreme-et-icone-de-la-gauche-meurt-a-87-ans_4111369.html\">la mort de la doyenne de la Cour<\/a>,&nbsp;ic\u00f4ne&nbsp;progressiste et f\u00e9ministe aux&nbsp;<a href=\"https:\/\/www.francetvinfo.fr\/monde\/usa\/\">Etats-Unis<\/a>, le dirigeant r\u00e9publicain&nbsp;<a href=\"https:\/\/www.francetvinfo.fr\/monde\/usa\/presidentielle\/donald-trump\/etats-unis-donald-trump-devrait-nommer-samedi-la-conservatrice-amy-coney-barrett-a-la-cour-supreme_4119141.html\">a choisi<\/a>&nbsp;la magistrate conservatrice&nbsp;Amy Coney Barrett.&nbsp;<\/p>\n\n\n\n<p>Si la nomination d&rsquo;Amy Coney Barrett est confirm\u00e9e,&nbsp;la Cour supr\u00eame comptera alors six juges conservateurs et seulement trois juges progressistes. La d\u00e9cision de nommer&nbsp;un nouveau juge avant l&rsquo;\u00e9lection pr\u00e9sidentielle,&nbsp;<a href=\"https:\/\/www.francetvinfo.fr\/monde\/usa\/presidentielle\/donald-trump\/presidentielle-americaine-apres-la-mort-de-ruth-bader-ginsburg-c-est-une-autre-campagne-qui-commence_4113859.html\">d\u00e9nonc\u00e9e par les d\u00e9mocrates<\/a>,&nbsp;peut d\u00e9finitivement ancrer dans le conservatisme la plus haute juridiction des Etats-Unis. Une institution capable de trancher des d\u00e9bats fondamentaux de soci\u00e9t\u00e9, comme le droit \u00e0 l&rsquo;avortement ou le port des armes. Qui est cette magistrate, dont les convictions sont aux antipodes de celles d\u00e9fendues par Ruth Bader Ginsburg ? El\u00e9ments de r\u00e9ponse.&nbsp;&nbsp;<\/p>\n\n\n\n<h2 class=\"wp-block-heading\"><strong>1<\/strong>Une universitaire \u00e0 la vision \u00ab\u00a0originaliste\u00a0\u00bb&nbsp;<\/h2>\n\n\n\n<p>Amy Coney Barrett a grandi \u00e0 la Nouvelle-Orl\u00e9ans, en Louisiane, avant de partir pour le Tennessee, o\u00f9 elle a \u00e9tudi\u00e9 la litt\u00e9rature anglaise. C&rsquo;est surtout \u00e0 la facult\u00e9 de droit Notre-Dame, \u00e0 South Bend dans l&rsquo;Indiana, que l&rsquo;\u00e9tudiante s&rsquo;est illustr\u00e9e. Dipl\u00f4m\u00e9e avec mention tr\u00e8s bien de cette institution confessionnelle catholique, elle l&rsquo;a rejointe d\u00e8s l&rsquo;\u00e2ge de 30 ans en tant que professeure, souligne le&nbsp;<em><a href=\"https:\/\/www.chicagotribune.com\/nation-world\/ct-nw-amy-coney-barrett-supreme-court-20200921-zsxtfxamezhy3dz52hwlj64apu-story.html\">Chicago Tribune<\/a>*.&nbsp;<\/em>Et ce, pour une dur\u00e9e de quinze ans. Plusieurs de ses anciens coll\u00e8gues, cit\u00e9s par le&nbsp;<em>New York Times,&nbsp;<\/em>\u00e9voquent une universitaire et une juriste ing\u00e9nieuse, saluant son travail malgr\u00e9 leurs d\u00e9saccords.&nbsp;<\/p>\n\n\n\n<p>Avant cela, Amy Coney Barrett a travaill\u00e9 pour plusieurs avocats&nbsp;et pour un juge conservateur de la Cour supr\u00eame,&nbsp;Antonin Scalia, avec qui elle partageait une vision \u00ab\u00a0originaliste\u00a0\u00bb du droit. Il s&rsquo;agit, en d&rsquo;autres termes, d&rsquo;interpr\u00e9ter la Constitution telle qu&rsquo;elle a \u00e9t\u00e9 pens\u00e9e lors de sa r\u00e9daction, plut\u00f4t que de se baser sur des jurisprudences.&nbsp;<em>\u00ab\u00a0Dans un syst\u00e8me de jurisprudences, la nouvelle majorit\u00e9 est charg\u00e9e d&rsquo;expliquer en quoi la vision constitutionnelle de ses pr\u00e9d\u00e9cesseurs est imparfaite, et en quoi la sienne saisit mieux le sens de notre loi fondamentale\u00a0\u00bb<\/em>, critiquait-elle dans un article en 2013, rel\u00e8ve&nbsp;<em><a href=\"https:\/\/www.politico.com\/story\/2018\/07\/09\/amy-coney-barrett-who-is-she-bio-facts-background-and-political-views-703347\">Politico<\/a>*.&nbsp;<\/em><\/p>\n\n\n\n<h2 class=\"wp-block-heading\"><strong>2<\/strong>Une \u00ab\u00a0fid\u00e8le catholique\u00a0\u00bb, membre d&rsquo;un&nbsp;groupe contest\u00e9&nbsp;<\/h2>\n\n\n\n<p>A 48 ans, Amy Coney Barrett est m\u00e8re de sept enfants, tous \u00e2g\u00e9s de moins de 20 ans, rel\u00e8ve le&nbsp;<em><a href=\"https:\/\/www.nytimes.com\/2020\/09\/20\/us\/politics\/supreme-court-barrett.html\">New York Times<\/a>*.&nbsp;<\/em>Deux d&rsquo;entre eux ont \u00e9t\u00e9 adopt\u00e9s et sont originaires d&rsquo;Ha\u00efti. L&rsquo;enfant le plus jeune du couple Barrett souffre de handicap, il est atteint de trisomie 21.&nbsp;<\/p>\n\n\n\n<p><em>\u00ab\u00a0Fid\u00e8le catholique\u00a0\u00bb<\/em>, selon ses propres mots, Amy Coney Barrett et son mari, un ancien procureur, sont aussi membres d&rsquo;un groupe chr\u00e9tien nomm\u00e9 The People of Praise (Le Peuple de louange, en fran\u00e7ais) fond\u00e9 en 1971. Une organisation critiqu\u00e9e pour son organisation jug\u00e9e autoritaire, certaines \u00ab\u00a0t\u00eates\u00a0\u00bb du groupe r\u00e9gissant le quotidien de plusieurs membres, d\u00e9voile le&nbsp;<em><a href=\"https:\/\/www.theguardian.com\/us-news\/2020\/sep\/26\/amy-coney-barrett-supreme-court-donald-trump-people-of-praise?utm_term=37bf807de9ee8a3e6c54772f30c228e1&amp;utm_campaign=GuardianTodayUS&amp;utm_source=esp&amp;utm_medium=Email&amp;CMP=GTUS_email\">Guardian<\/a>*.&nbsp;<\/em>Dans ce groupe, les \u00e9poux ont ainsi autorit\u00e9 sur leurs femmes, et chaque membre doit faire don de 5% de ses revenus \u00e0 la communaut\u00e9.&nbsp;<\/p>\n\n\n\n<p>Des critiques rejet\u00e9es par Le Peuple de louange, qui se pr\u00e9sente comme une communaut\u00e9 de&nbsp;<em>\u00ab\u00a0partage de vies\u00a0\u00bb<\/em>,&nbsp;<em>\u00ab\u00a0o\u00f9 nous nous soutenons mutuellement, d&rsquo;un point de vue financier, mat\u00e9riel et spirituel\u00a0\u00bb<\/em>.&nbsp;<\/p>\n\n\n\n<h2 class=\"wp-block-heading\"><strong>3<\/strong>Une favorite des&nbsp;conservateurs&nbsp;<\/h2>\n\n\n\n<p>Forte de quinze ans d&rsquo;exp\u00e9rience universitaire, Amy Coney Barrett n&rsquo;est cependant juge f\u00e9d\u00e9rale que depuis le mois d&rsquo;octobre 2017, apr\u00e8s avoir \u00e9t\u00e9 nomm\u00e9e directement par Donald Trump. Lors de son audition de confirmation au S\u00e9nat, plusieurs \u00e9lus d\u00e9mocrates lui avaient reproch\u00e9 certaines de ses d\u00e9clarations, dans lesquelles elle parlait ouvertement de ses convictions catholiques.&nbsp;La juriste avait, entre autres, d\u00e9j\u00e0 d\u00e9clar\u00e9&nbsp;qu&rsquo;une&nbsp;<em>\u00ab\u00a0carri\u00e8re l\u00e9gale\u00a0\u00bb<\/em>&nbsp;\u00e9tait&nbsp;<em>\u00ab\u00a0un moyen au service d&rsquo;une cause\u00a0\u00bb<\/em>&nbsp;:<em>&nbsp;\u00ab\u00a0construire le Royaume de Dieu\u00a0\u00bb.&nbsp;<\/em>Devant le S\u00e9nat, elle avait assur\u00e9&nbsp;que ses croyances ne p\u00e8seraient en rien sur ses missions de juge.<\/p>\n\n\n\n<p><em>\u00ab\u00a0Le dogme religieux vit bruyamment en vous\u00a0\u00bb<\/em>, lui avait lanc\u00e9&nbsp;la s\u00e9natrice d\u00e9mocrate Dianne Feinstein en 2017. Une citation qui a permis \u00e0 la nouvelle juge f\u00e9d\u00e9rale de gagner en popularit\u00e9 dans les cercles catholiques traditionalistes : ces mots ont \u00e9t\u00e9 repris sur des mugs ou des tee-shirts, comme&nbsp;le symbole suppos\u00e9 d&rsquo;une intol\u00e9rance \u00e0 l&rsquo;encontre des catholiques, souligne le&nbsp;<em>New York Times.&nbsp;<\/em><\/p>\n\n\n\n<p>Un an plus tard, Amy Coney Barrett figurait d\u00e9j\u00e0 parmi les candidats favoris pour un poste \u00e0 la Cour supr\u00eame. Celui-ci a finalement \u00e9t\u00e9 pourvu par Brett Kavanaugh, mais&nbsp;<em>\u00ab\u00a0je la garde pour Ginsburg\u00a0\u00bb<\/em>, avait ensuite d\u00e9clar\u00e9 le pr\u00e9sident am\u00e9ricain, d&rsquo;apr\u00e8s le site&nbsp;<a href=\"https:\/\/www.axios.com\/supreme-court-trump-judge-amy-barrett-ruth-bader-ginsburg-11d25276-a92e-4094-8958-eb2d197707c8.html\">Axios<\/a>*.&nbsp;<\/p>\n\n\n\n<h2 class=\"wp-block-heading\"><strong>4<\/strong>Une juge oppos\u00e9e au droit \u00e0 l&rsquo;avortement&#8230;&nbsp;<\/h2>\n\n\n\n<p>Amy Coney Barrett expose depuis longtemps des positions anti-avortement. Elle le faisait d\u00e9j\u00e0 en tant que professeure de droit, puisqu&rsquo;elle \u00e9tait membre de l&rsquo;organisation Faculty for Life, un groupe r\u00e9unissant des universitaires oppos\u00e9s \u00e0&nbsp;<a href=\"https:\/\/www.francetvinfo.fr\/societe\/ivg\/\">l&rsquo;interruption volontaire de grossesse (IVG<\/a>).&nbsp;<\/p>\n\n\n\n<p>Comme le rappelle&nbsp;<a href=\"https:\/\/www.reuters.com\/article\/us-usa-court-barrett-rulings-factbox-idUSKCN26G37S\">Reuters<\/a>*, certains de ses votes en tant que juge f\u00e9d\u00e9rale vont dans le sens de ces convictions. Elle s&rsquo;est ainsi oppos\u00e9e \u00e0 certaines d\u00e9cisions visant \u00e0 invalider des restrictions au droit \u00e0 l&rsquo;avortement.<\/p>\n\n\n\n<p>Si la juge f\u00e9d\u00e9rale est bien nomm\u00e9e \u00e0 la Cour supr\u00eame, le camp progressiste craint qu&rsquo;elle ne vienne menacer l&rsquo;arr\u00eat historique&nbsp;Roe v. Wade de 1973,&nbsp;qui a l\u00e9galis\u00e9 le droit \u00e0 l&rsquo;avortement aux Etats-Unis. Reviendra-t-elle sur cette d\u00e9cision ? Lors d&rsquo;un d\u00e9bat en 2016, l&rsquo;universitaire estimait que le droit \u00e0 l&rsquo;avortement ne serait&nbsp;pas modifi\u00e9 dans un futur proche. Mais les restrictions locales contre l&rsquo;IVG de certains des 50 Etats du pays pourraient, selon elles, \u00e9voluer, rappelle&nbsp;<a href=\"https:\/\/www.harpersbazaar.com\/culture\/politics\/a34167818\/amy-coney-barrett-roe-v-wade-abortion\/\"><em>Harper&rsquo;s Bazaar<\/em><\/a>*.<\/p>\n\n\n\n<h2 class=\"wp-block-heading\"><strong>5<\/strong>&#8230; et critique de l&rsquo;Obamacare<\/h2>\n\n\n\n<p>Fin juin, le minist\u00e8re de la Justice am\u00e9ricain&nbsp;<a href=\"https:\/\/www.francetvinfo.fr\/monde\/usa\/presidentielle\/donald-trump\/etats-unis-l-administration-de-donald-trump-demande-a-la-cour-supreme-d-abroger-l-obamacare_4022919.html\">a demand\u00e9<\/a>&nbsp;officiellement \u00e0 la Cour supr\u00eame d&rsquo;abroger Obamacare, la loi sur l&rsquo;assurance-maladie vot\u00e9e par l&rsquo;administration Obama. Alors que la juridiction doit r\u00e9examiner l&rsquo;Affordable Care Act en novembre, quelle est la vision de sa potentielle future juge sur le sujet ?&nbsp;<\/p>\n\n\n\n<p>En 2012, rappelle le&nbsp;<em>Guardian<\/em>, Amy Coney Barrett s&rsquo;\u00e9tait attaqu\u00e9e \u00e0&nbsp;une mesure de la loi qui imposait aux compagnies d&rsquo;assurance&nbsp;d&rsquo;offrir une prise en charge des m\u00e9thodes de contraception. L&rsquo;enseignante avait alors \u00e9voqu\u00e9&nbsp;<em>\u00ab\u00a0une violation grave de la libert\u00e9 religieuse\u00a0\u00bb.&nbsp;<\/em>Dans ses \u00e9crits, Amy Coney Barrett a \u00e9galement critiqu\u00e9 l&rsquo;action du pr\u00e9sident de la Cour supr\u00eame, John Roberts, permettant le maintien d&rsquo;Obamacare, rappelle le&nbsp;<em><a href=\"https:\/\/www.latimes.com\/politics\/story\/2020-09-26\/with-amy-barrett-conservatives-get-the-supreme-court-champion-theyve-been-seeking\">Los Angeles Times<\/a>*.<\/em><\/p>\n\n\n\n<h2 class=\"wp-block-heading\"><strong>6<\/strong>Une d\u00e9fenseuse du droit au port d&rsquo;armes<\/h2>\n\n\n\n<p>La candidate \u00e0 la Cour supr\u00eame s&rsquo;est&nbsp;aussi d\u00e9j\u00e0 exprim\u00e9e sur la question du droit au port d&rsquo;armes \u00e0 feu aux Etats-Unis. Elle a&nbsp;notamment souhait\u00e9 contester&nbsp;une loi interdisant l&rsquo;acquisition d&rsquo;armes \u00e0 feu pour les personnes ayant commis des crimes.<\/p>\n\n\n\n<p>Un entrepreneur, reconnu coupable de fraude, jugeait alors que ce texte, qui lui interdisait donc l&rsquo;acquisition&nbsp;d&rsquo;une arme, \u00e9tait contraire \u00e0 la Constitution. Dans un avis, Amy Coney Barret estimait que cette loi violait le deuxi\u00e8me amendement de la Constitution dans son cas, car celui-ci n&rsquo;avait jamais \u00e9t\u00e9&nbsp;accus\u00e9 de violences.<\/p>\n","protected":false},"excerpt":{"rendered":"<p>Nous allons annoncer quelqu&rsquo;un de fantastique ! Je pense que demain&nbsp;[samedi]&nbsp;va \u00eatre une grande journ\u00e9e.\u00ab\u00a0En&nbsp;ces quelques mots, prononc\u00e9s devant la foule acquise d&rsquo;un meeting \u00e0 Newport News, en Virginie (Etats-Unis),&nbsp;Donald Trump&nbsp;a fait savoir que son choix \u00e9tait fait, vendredi 25 septembre. Sans en dire plus, le pr\u00e9sident am\u00e9ricain a sugg\u00e9r\u00e9 avoir trouv\u00e9&nbsp;sa candidate pour un [&hellip;]<\/p>\n","protected":false},"author":2,"featured_media":0,"comment_status":"open","ping_status":"open","sticky":false,"template":"","format":"standard","meta":{"_jetpack_memberships_contains_paid_content":false,"footnotes":"","jetpack_publicize_message":"","jetpack_publicize_feature_enabled":true,"jetpack_social_post_already_shared":true,"jetpack_social_options":{"image_generator_settings":{"template":"highway","default_image_id":0,"font":"","enabled":false},"version":2},"_wpas_customize_per_network":false},"categories":[405],"tags":[],"class_list":["post-16538","post","type-post","status-publish","format-standard","hentry","category-actu-france-monde"],"jetpack_publicize_connections":[],"jetpack_featured_media_url":"","jetpack_sharing_enabled":true,"_links":{"self":[{"href":"https:\/\/www.iceagetv.com\/radiosite\/wp-json\/wp\/v2\/posts\/16538","targetHints":{"allow":["GET"]}}],"collection":[{"href":"https:\/\/www.iceagetv.com\/radiosite\/wp-json\/wp\/v2\/posts"}],"about":[{"href":"https:\/\/www.iceagetv.com\/radiosite\/wp-json\/wp\/v2\/types\/post"}],"author":[{"embeddable":true,"href":"https:\/\/www.iceagetv.com\/radiosite\/wp-json\/wp\/v2\/users\/2"}],"replies":[{"embeddable":true,"href":"https:\/\/www.iceagetv.com\/radiosite\/wp-json\/wp\/v2\/comments?post=16538"}],"version-history":[{"count":1,"href":"https:\/\/www.iceagetv.com\/radiosite\/wp-json\/wp\/v2\/posts\/16538\/revisions"}],"predecessor-version":[{"id":16539,"href":"https:\/\/www.iceagetv.com\/radiosite\/wp-json\/wp\/v2\/posts\/16538\/revisions\/16539"}],"wp:attachment":[{"href":"https:\/\/www.iceagetv.com\/radiosite\/wp-json\/wp\/v2\/media?parent=16538"}],"wp:term":[{"taxonomy":"category","embeddable":true,"href":"https:\/\/www.iceagetv.com\/radiosite\/wp-json\/wp\/v2\/categories?post=16538"},{"taxonomy":"post_tag","embeddable":true,"href":"https:\/\/www.iceagetv.com\/radiosite\/wp-json\/wp\/v2\/tags?post=16538"}],"curies":[{"name":"wp","href":"https:\/\/api.w.org\/{rel}","templated":true}]}}