{"id":1654,"date":"2015-04-29T09:25:30","date_gmt":"2015-04-29T09:25:30","guid":{"rendered":"http:\/\/www.iceagetv.com\/radiosite\/?p=1654"},"modified":"2015-04-29T09:25:30","modified_gmt":"2015-04-29T09:25:30","slug":"le-real-madrid-et-latletico-prives-de-mercato-par-la-fifa-comment-le-real-a-deja-prevu-le-coup","status":"publish","type":"post","link":"https:\/\/www.iceagetv.com\/radiosite\/le-real-madrid-et-latletico-prives-de-mercato-par-la-fifa-comment-le-real-a-deja-prevu-le-coup\/","title":{"rendered":"Le Real Madrid et l&rsquo;Atl\u00e9tico priv\u00e9s de mercato par la FIFA ? Comment le Real a d\u00e9j\u00e0 pr\u00e9vu le coup"},"content":{"rendered":"<p>\n\t<br \/>\n\tLe&nbsp;Real Madrid&nbsp;et l&#39;Atl&eacute;tico Madrid&nbsp;sont sur le point d&#39;&ecirc;tre interdits de recrutement pour les deux prochains march&eacute;s des transferts, ont annonc&eacute; la Cadena Ser et la Cadena Cope &#8211; deux radios espagnoles -. Comme le&nbsp;FC Barcelone, les deux clubs madril&egrave;nes sont dans le viseur de la FIFA pour des cas de transferts de mineurs. Mais le Real a un coup d&#39;avance.\n<\/p>\n<p>\n\tQuelle est l&#39;information ?\n<\/p>\n<p>\n\tLe Real Madrid et l&#39;Atl&eacute;tico Madrid sont sur le point d&rsquo;&ecirc;tre sanctionn&eacute;s par la FIFA, ont annonc&eacute; mardi soir la Cadena Cope et la Cadena Ser qui est souvent tr&egrave;s bien inform&eacute;e. Pour quelle raison ? Elle est identique &agrave; celle du FC Barcelone : un non-respect de la r&eacute;glementation des transferts des joueurs mineurs. L&#39;enqu&ecirc;te de la FIFA, qui avait pr&eacute;venu la f&eacute;d&eacute;ration espagnole, portait notamment sur d&#39;&eacute;ventuels transferts de mineurs via des clubs satellites.\n<\/p>\n<p>\n\tQue risquent le Real Madrid et l&#39;Atl&eacute;tico?\n<\/p>\n<p>\n\tCe serait la m&ecirc;me sanction que le FC Barcelone. A savoir une interdiction de recruter. &quot;La commission de discipline a d&eacute;cid&eacute; de sanctionner le FC Barcelone d&#39;une interdiction de transfert, au niveau national et international, pour deux p&eacute;riodes de transferts cons&eacute;cutives&nbsp;(march&eacute;s d&#39;&eacute;t&eacute; 2014 et d&#39;hiver 2015), ainsi que d&#39;une amende de 450.000 francs suisses&quot;, avait pr&eacute;cis&eacute; la FIFA dans son communiqu&eacute; en avril dernier. D&#39;apr&egrave;s la Cadena Ser, les deux clubs madril&egrave;nes pourraient, eux, &ecirc;tre interdits de recruter d&egrave;s cet &eacute;t&eacute; et l&#39;hiver prochain.&nbsp;\n<\/p>\n<p>\n\tPourquoi ce n&#39;est pas une surprise et comment le Real a anticip&eacute; ?\n<\/p>\n<p>\n\tL&#39;enqu&ecirc;te de la FIFA avait d&eacute;j&agrave; filtr&eacute;. Et apr&egrave;s la sanction du Bar&ccedil;a,&nbsp;Florentino Perez, le pr&eacute;sident madril&egrave;ne, savait qu&#39;un jour ou l&#39;autre le Real Madrid risquait de se retrouver dans l&#39;&oelig;il du cyclone. Ainsi, le club merengue s&#39;est activ&eacute; lors des derniers march&eacute;s des transferts pour se prot&eacute;ger de toute sanction. Notamment cet hiver. Comment ? En recrutant. Et en recrutant des jeunes. Ainsi, &nbsp;Lucas Silva (22 ans), Marco Asensio (18 ans) et Martin&nbsp;Odegaard&nbsp;(16 ans) ont &eacute;t&eacute; recrut&eacute;s cet hiver. Et Danilo, le lat&eacute;ral br&eacute;silien de 23 ans, vient d&#39;&ecirc;tre achet&eacute; au&nbsp;FC Porto. En quelques mois, la Maison Blanche a ainsi d&eacute;pens&eacute; plus de 50 millions d&#39;euros sur des jeunes d&#39;avenir. Tout sauf un hasard.<\/p>\n","protected":false},"excerpt":{"rendered":"<p>Le&nbsp;Real Madrid&nbsp;et l&#39;Atl&eacute;tico Madrid&nbsp;sont sur le point d&#39;&ecirc;tre interdits de recrutement pour les deux prochains march&eacute;s des transferts, ont annonc&eacute; la Cadena Ser et la Cadena Cope &#8211; deux radios espagnoles -. Comme le&nbsp;FC Barcelone, les deux clubs madril&egrave;nes sont dans le viseur de la FIFA pour des cas de transferts de mineurs. Mais le [&hellip;]<\/p>\n","protected":false},"author":2,"featured_media":1655,"comment_status":"open","ping_status":"open","sticky":false,"template":"","format":"standard","meta":{"_jetpack_memberships_contains_paid_content":false,"footnotes":"","jetpack_publicize_message":"","jetpack_publicize_feature_enabled":true,"jetpack_social_post_already_shared":false,"jetpack_social_options":{"image_generator_settings":{"template":"highway","default_image_id":0,"font":"","enabled":false},"version":2},"_wpas_customize_per_network":false},"categories":[18],"tags":[],"class_list":["post-1654","post","type-post","status-publish","format-standard","has-post-thumbnail","hentry","category-actu-sport"],"jetpack_publicize_connections":[],"jetpack_featured_media_url":"https:\/\/i0.wp.com\/www.iceagetv.com\/radiosite\/wp-content\/uploads\/2015\/04\/1113962-18538193-1600-900.jpg?fit=1600%2C900&ssl=1","jetpack_sharing_enabled":true,"_links":{"self":[{"href":"https:\/\/www.iceagetv.com\/radiosite\/wp-json\/wp\/v2\/posts\/1654","targetHints":{"allow":["GET"]}}],"collection":[{"href":"https:\/\/www.iceagetv.com\/radiosite\/wp-json\/wp\/v2\/posts"}],"about":[{"href":"https:\/\/www.iceagetv.com\/radiosite\/wp-json\/wp\/v2\/types\/post"}],"author":[{"embeddable":true,"href":"https:\/\/www.iceagetv.com\/radiosite\/wp-json\/wp\/v2\/users\/2"}],"replies":[{"embeddable":true,"href":"https:\/\/www.iceagetv.com\/radiosite\/wp-json\/wp\/v2\/comments?post=1654"}],"version-history":[{"count":1,"href":"https:\/\/www.iceagetv.com\/radiosite\/wp-json\/wp\/v2\/posts\/1654\/revisions"}],"predecessor-version":[{"id":1656,"href":"https:\/\/www.iceagetv.com\/radiosite\/wp-json\/wp\/v2\/posts\/1654\/revisions\/1656"}],"wp:featuredmedia":[{"embeddable":true,"href":"https:\/\/www.iceagetv.com\/radiosite\/wp-json\/wp\/v2\/media\/1655"}],"wp:attachment":[{"href":"https:\/\/www.iceagetv.com\/radiosite\/wp-json\/wp\/v2\/media?parent=1654"}],"wp:term":[{"taxonomy":"category","embeddable":true,"href":"https:\/\/www.iceagetv.com\/radiosite\/wp-json\/wp\/v2\/categories?post=1654"},{"taxonomy":"post_tag","embeddable":true,"href":"https:\/\/www.iceagetv.com\/radiosite\/wp-json\/wp\/v2\/tags?post=1654"}],"curies":[{"name":"wp","href":"https:\/\/api.w.org\/{rel}","templated":true}]}}