{"id":16540,"date":"2020-09-27T09:58:29","date_gmt":"2020-09-27T09:58:29","guid":{"rendered":"http:\/\/www.iceagetv.com\/radiosite\/?p=16540"},"modified":"2020-09-27T09:58:29","modified_gmt":"2020-09-27T09:58:29","slug":"pourquoi-le-debat-sur-larrivee-de-la-5g-en-france-est-il-aussi-survolte","status":"publish","type":"post","link":"https:\/\/www.iceagetv.com\/radiosite\/pourquoi-le-debat-sur-larrivee-de-la-5g-en-france-est-il-aussi-survolte\/","title":{"rendered":"Pourquoi le d\u00e9bat sur l&rsquo;arriv\u00e9e de la 5G en France est-il aussi survolt\u00e9 ?"},"content":{"rendered":"\n<p>ntre smartphone et lampe \u00e0 huile, va-t-il falloir choisir son camp&nbsp;? Le d\u00e9bat sur le d\u00e9ploiement prochain&nbsp;<a href=\"https:\/\/www.francetvinfo.fr\/internet\/telephonie\/vous-ne-comprenez-pas-tout-a-la-5g-on-repond-a-9-questions-sur-le-reseau-qui-va-revolutionner-nos-communications_3238799.html\" target=\"_blank\" rel=\"noreferrer noopener\">du r\u00e9seau 5G en France<\/a>, qui doit permettre une circulation des donn\u00e9es \u00e0 un d\u00e9bit nettement sup\u00e9rieur \u00e0 la 4G, agite le d\u00e9bat politique. Emmanuel Macron a r\u00e9cemment compar\u00e9 les opposants \u00e0 la 5G \u00e0 des&nbsp;<a href=\"https:\/\/www.francetvinfo.fr\/politique\/emmanuel-macron\/emmanuel-macron-assure-que-la-france-prendra-le-tournant-de-la-5g-critiquant-ceux-qui-lui-preferent-le-modele-amish_4106363.html\" target=\"_blank\" rel=\"noreferrer noopener\">Amishs qui souhaiteraient&nbsp;<\/a><em><a href=\"https:\/\/www.francetvinfo.fr\/politique\/emmanuel-macron\/emmanuel-macron-assure-que-la-france-prendra-le-tournant-de-la-5g-critiquant-ceux-qui-lui-preferent-le-modele-amish_4106363.html\" target=\"_blank\" rel=\"noreferrer noopener\">\u00ab\u00a0le retour de la lampe \u00e0 huile<\/a>\u00ab\u00a0<\/em>. Face \u00e0 lui, une partie des \u00e9lus de gauche et \u00e9cologistes redoutent une&nbsp;<a href=\"https:\/\/www.francetvinfo.fr\/internet\/telephonie\/5g\/la-5g-dangereuse-inutile-ou-encore-polluante-on-a-examine-a-la-loupe-les-arguments-des-elus-de-gauche_4106859.html\" target=\"_blank\" rel=\"noreferrer noopener\">technologie dangereuse, inutile et polluante<\/a>.<\/p>\n\n\n\n<p>En d\u00e9clarant que la France prendrait, co\u00fbte que co\u00fbte, le tournant de la 5G, le chef de l&rsquo;Etat a crisp\u00e9 l&rsquo;opposition.&nbsp;<em>\u00ab\u00a0Le gouvernement fait comme si tout le monde \u00e9tait d\u00e9j\u00e0 d&rsquo;accord\u00a0\u00bb<\/em>, s&rsquo;indigne Fran\u00e7ois Thiollet, membre du bureau ex\u00e9cutif d&rsquo;EELV interrog\u00e9 par franceinfo. L&rsquo;\u00e9cologiste, \u00e0 l&rsquo;initiative d&rsquo;<a href=\"https:\/\/www.francetvinfo.fr\/internet\/telephonie\/5g-des-elus-de-gauche-et-ecologistes-demandent-un-moratoire_4104365.html\" target=\"_blank\" rel=\"noreferrer noopener\">une tribune pour un moratoire sur la 5G<\/a>&nbsp;sign\u00e9e par une soixantaine d&rsquo;\u00e9lus et les maires de onze grandes villes, estime que le ton employ\u00e9 par le gouvernement a permis de f\u00e9d\u00e9rer le camp adverse.<\/p>\n\n\n\n<p><em>Si nous ne sommes pas tous d&rsquo;accord sur la question de la 5G, il y a une chose qui nous r\u00e9unit&nbsp;: c&rsquo;est le rejet de la m\u00e9thode du gouvernement qui fait dans la caricature, voire dans l&rsquo;insulte.<\/em>Fran\u00e7ois Thiollet, membre d&rsquo;EELV<em>\u00e0 franceinfo<\/em><\/p>\n\n\n\n<p>La tribune, publi\u00e9e dans le&nbsp;<em><a href=\"https:\/\/www.lejdd.fr\/Societe\/5g-une-soixantaine-de-maires-et-de-deputes-demandent-un-moratoire-au-moins-jusqua-lete-2021-3991401\" target=\"_blank\" rel=\"noreferrer noopener\">Journal du dimanche<\/a>,<\/em>&nbsp;a en effet r\u00e9uni un spectre assez large d&rsquo;\u00e9lus de gauche, de personnalit\u00e9s PS comme Delphine Batho aux figures de La France insoumise comme Adrien Quattenens, Fran\u00e7ois Ruffin et Jean-Luc M\u00e9lenchon.&nbsp;<em>\u00ab\u00a0C&rsquo;est une question qui f\u00e9d\u00e8re tr\u00e8s largement \u00e0 gauche\u00a0\u00bb<\/em>, confirme \u00e0 franceinfo Antoine Martin, \u00e9lu municipal La France insoumise \u00e0 Tours, qui a collabor\u00e9 \u00e0 la r\u00e9daction du texte et \u00e0 la r\u00e9union des signatures.<\/p>\n\n\n\n<p>Les arguments \u00e9cologistes du texte ne sont pas du go\u00fbt de la droite. La critique&nbsp;concernant les m\u00e9thodes du pr\u00e9sident, accus\u00e9&nbsp;<em>\u00ab\u00a0d&rsquo;inculture et d&rsquo;ignorance\u00a0\u00bb,<\/em>&nbsp;est cependant partag\u00e9e, comme l&rsquo;explique le d\u00e9put\u00e9 Les R\u00e9publicains du Lot Aur\u00e9lien Pradi\u00e9 dans<em>&nbsp;<a href=\"https:\/\/www.lepoint.fr\/politique\/aurelien-pradie-la-5g-c-est-le-match-entre-les-integristes-du-progres-et-les-integristes-de-l-ecologie-19-09-2020-2392606_20.php\" target=\"_blank\" rel=\"noreferrer noopener\">Le Point<\/a><\/em>.&nbsp;<em>\u00ab\u00a0Cela montre combien il fracture la soci\u00e9t\u00e9\u00a0\u00bb<\/em>, pr\u00e9cise-t-il.<\/p>\n\n\n\n<h2 class=\"wp-block-heading\">Un co\u00fbt environnemental discut\u00e9<\/h2>\n\n\n\n<p>Parmi les inqui\u00e9tudes des opposants&nbsp;: une pr\u00e9occupation sanitaire et l&rsquo;id\u00e9e que les ondes pourraient \u00eatre nocives pour l&rsquo;homme. Une rh\u00e9torique fragile, \u00e0 en croire le secr\u00e9taire d&rsquo;Etat charg\u00e9 de la Transition num\u00e9rique, C\u00e9dric O, qui s&rsquo;est empress\u00e9, dans une interview \u00e0&nbsp;<a href=\"https:\/\/www.publicsenat.fr\/emission\/bonjour-chez-vous\/invite-cedric-o-184210\" target=\"_blank\" rel=\"noreferrer noopener\">Public S\u00e9nat<\/a>, de citer&nbsp;<a href=\"https:\/\/www.francetvinfo.fr\/internet\/telephonie\/5g\/existe-t-il-vraiment-28000-etudes-qui-prouvent-la-non-nocivite-des-ondes-telephoniques-sur-la-sante-comme-l-affirme-cedric-o_4114497.html\" target=\"_blank\" rel=\"noreferrer noopener\">les&nbsp;<em>\u00ab\u00a028 000 \u00e9tudes\u00a0\u00bb<\/em>&nbsp;r\u00e9alis\u00e9es \u00ab\u00a0<\/a><em><a href=\"https:\/\/www.francetvinfo.fr\/internet\/telephonie\/5g\/existe-t-il-vraiment-28000-etudes-qui-prouvent-la-non-nocivite-des-ondes-telephoniques-sur-la-sante-comme-l-affirme-cedric-o_4114497.html\" target=\"_blank\" rel=\"noreferrer noopener\">depuis 1950 dans le monde\u00a0\u00bb<\/a><\/em>&nbsp;concluant \u00e0 l&rsquo;absence d&rsquo;effets sanitaires des ondes t\u00e9l\u00e9phoniques, m\u00eame si moins de 200 de ces \u00e9tudes concernent la 5G.&nbsp;<em>\u00ab\u00a0Sur les enjeux sanitaires, le match est pli\u00e9. Il y a des dizaines d&rsquo;\u00e9tudes qui d\u00e9montrent que rien ne permet de craindre des effets n\u00e9gatifs de ces ondes sur la sant\u00e9\u00a0\u00bb,<\/em>&nbsp;insiste le d\u00e9put\u00e9 LREM Eric Bothorel, interrog\u00e9 par franceinfo.<\/p>\n\n\n\n<p><em>\u00ab\u00a0C&rsquo;est vrai que les arguments sanitaires sont les plus fragiles, mais ce ne sont pas les plus importants\u00a0\u00bb,<\/em>&nbsp;admet Fran\u00e7ois Thiollet. C&rsquo;est le co\u00fbt environnemental du r\u00e9seau 5G qu&rsquo;il faut surveiller, selon lui, notamment la consommation \u00e9nerg\u00e9tique du r\u00e9seau.&nbsp;<em>\u00ab\u00a0Les industriels s&rsquo;accordent sur la promesse de multiplication par 1&nbsp;000 des donn\u00e9es \u00e9chang\u00e9es sur les r\u00e9seaux dans les prochaines d\u00e9cennies, faisant augmenter la consommation \u00e9nerg\u00e9tique de fa\u00e7on exponentielle\u00a0\u00bb<\/em>, avertit-il. Antoine Martin ajoute \u00eatre<em>&nbsp;\u00ab\u00a0s\u00fbr\u00a0\u00bb<\/em>&nbsp;que ce nouveau r\u00e9seau va aussi inciter les consommateurs \u00e0 changer de smartphone.&nbsp;<\/p>\n\n\n\n<p><em>Aujourd&rsquo;hui, le march\u00e9 est moribond, les taux de croissance sont en chute libre. La 5G arrive comme une chance immense pour tout un secteur qui esp\u00e8re relancer la consommation de smartphones.<\/em>Antoine Martin, \u00e9lu municipal LFI<em>\u00e0 franceinfo<\/em><\/p>\n\n\n\n<p>Viennent ensuite s&rsquo;ajouter \u00e0 la liste des griefs, la consommation des ressources rares pour produire les t\u00e9l\u00e9phones adapt\u00e9s&nbsp;et la production des d\u00e9chets li\u00e9s au remplacement des appareils.&nbsp;<em>\u00ab\u00a0On produit des objets connect\u00e9s qui vont devenir des d\u00e9chets suppl\u00e9mentaires qu&rsquo;on recycle actuellement tr\u00e8s mal\u00a0\u00bb<\/em>, rappelle Fran\u00e7ois Thiollet.<\/p>\n\n\n\n<p>La R\u00e9publique en marche veut balayer l&rsquo;argument.&nbsp;<em>\u00ab\u00a0On se trompe de bataille\u00a0\u00bb<\/em>, estime Eric Bothorel.&nbsp;<em>\u00ab\u00a0Les gens changent de portable \u00e0 No\u00ebl, pour avoir un meilleur appareil photo ou un \u00e9cran plus grand, les infrastructures sont finalement tr\u00e8s peu responsables\u00a0\u00bb<\/em>, avance le d\u00e9put\u00e9 LREM, pour qui l&rsquo;argument revient \u00e0<em>&nbsp;\u00ab\u00a0rendre les autoroutes responsables de la pollution, plut\u00f4t que les voitures\u00a0\u00bb<\/em>.<\/p>\n\n\n\n<p>Le gouvernement veut mettre l&rsquo;accent sur les effets b\u00e9n\u00e9fiques que le r\u00e9seau 5G pourrait au contraire avoir dans le combat contre le r\u00e9chauffement climatique&nbsp;: l&rsquo;am\u00e9lioration des conditions du t\u00e9l\u00e9travail, qui ferait baisser l&rsquo;impact environnemental des transports quotidiens, ou encore le contr\u00f4le des flux dans une m\u00e9tropole, qui permettrait de mieux g\u00e9rer les d\u00e9penses \u00e9nerg\u00e9tiques.<em>&nbsp;\u00ab\u00a0La transition \u00e9cologique ne se fera pas sans la 5G\u00a0\u00bb<\/em>, assure Eric Bothorel.<\/p>\n\n\n\n<h2 class=\"wp-block-heading\">Des&nbsp;b\u00e9n\u00e9fices r\u00e9els&nbsp;incertains<\/h2>\n\n\n\n<p><em>\u00ab\u00a0Les politiques sont convaincus qu&rsquo;on peut pacifier le d\u00e9bat en rassurant les citoyens sur le fait qu&rsquo;il n&rsquo;y a pas de danger\u00a0\u00bb<\/em>, analyse le philosophe Jean-Michel Besnier, membre du conseil scientifique de l\u2019Institut des hautes \u00e9tudes pour la science et la technologie (IHEST). Pour lui, cette question&nbsp;est secondaire.&nbsp;<em>\u00ab\u00a0Ce dont il s&rsquo;agit, c&rsquo;est de savoir pourquoi on vivrait mieux avec la 5G\u00a0\u00bb<\/em>, interroge le philosophe, aupr\u00e8s de franceinfo.<\/p>\n\n\n\n<p>Or les&nbsp;apports concrets de cette technologie sont loin de mettre tout le monde d&rsquo;accord. Ainsi, le maire \u00e9cologiste de Grenoble, Eric Piolle, a estim\u00e9&nbsp;<a href=\"https:\/\/www.lci.fr\/politique\/eric-piolle-eelv-moque-la-5g-une-technologie-qui-sert-a-regarder-du-porno-dans-l-ascenseur-en-hd-2158471.html\" target=\"_blank\" rel=\"noreferrer noopener\">sur LCI<\/a>, que la 5G ne servirait qu&rsquo;\u00e0&nbsp;<em>\u00ab\u00a0regarder du porno en HD dans l&rsquo;ascenseur\u00a0\u00bb<\/em>. Une caricature&nbsp;? En tout cas,&nbsp;<em>\u00ab\u00a0la question des usages est fondamentale<\/em>, assure Fran\u00e7ois Thiollet,<em>&nbsp;si c&rsquo;est pour faire du jeu immersif, est-ce vraiment n\u00e9cessaire&nbsp;?\u00a0\u00bb<\/em><\/p>\n\n\n\n<p>Peut-on anticiper les usages que la 5G favorisera&nbsp;?&nbsp;<em>\u00ab\u00a0L&rsquo;Histoire nous enseigne qu&rsquo;on apprend seulement plus tard quelles nouvelles applications naissent d&rsquo;une innovation\u00a0\u00bb<\/em>,&nbsp;r\u00e9pond Eric Bothorel. Le d\u00e9put\u00e9 veut tout de m\u00eame croire \u00e0 des applications vertueuses, qui<em>&nbsp;\u00ab\u00a0feront le bonheur des gens et permettront de mieux vivre\u00a0\u00bb<\/em>. Il cite la possibilit\u00e9 de faciliter&nbsp;le recours \u00e0 la&nbsp;t\u00e9l\u00e9consultation dans les d\u00e9serts m\u00e9dicaux, ou encore l&rsquo;acc\u00e8s \u00e0 la culture,<em>\u00ab\u00a0en visites virtuelles\u00a0\u00bb.<\/em><\/p>\n\n\n\n<h2 class=\"wp-block-heading\">Un progr\u00e8s ou une simple innovation&nbsp;?<\/h2>\n\n\n\n<p>Au-del\u00e0 des usages concrets, le d\u00e9ploiement de la 5G pose la question de la course technologique.&nbsp;<em>\u00ab\u00a0Je crois qu&rsquo;une partie de la soci\u00e9t\u00e9 est lass\u00e9e de l&rsquo;innovation sans fin\u00a0\u00bb<\/em>,&nbsp;note Jean-Michel Besnier, pour qui la 5G va&nbsp;<em>\u00ab\u00a0surtout servir le monde des entreprises\u00a0\u00bb.<\/em><\/p>\n\n\n\n<p><em>Aujourd&rsquo;hui, la technologie nous est impos\u00e9e comme un destin, quelque chose dont on ne doit plus d\u00e9battre, car on ne peut pas le r\u00e9genter. Ce n&rsquo;est pas un progr\u00e8s, ce ne sont que des innovations.<\/em>Jean-Michel Besnier, philosophe<em>\u00e0 franceinfo<\/em><\/p>\n\n\n\n<p><em>\u00ab\u00a0Je crois n\u00e9cessaire de poser un d\u00e9bat sur le sens des \u00e9volutions scientifiques et technologiques<\/em><em>\u00ab\u00a0,&nbsp;<\/em>abonde le d\u00e9put\u00e9 LR Aur\u00e9lien Pradi\u00e9, dans son interview au&nbsp;<em>Point<\/em>.&nbsp;<em>\u00ab\u00a0Le progr\u00e8s, c&rsquo;est toujours celui de la soci\u00e9t\u00e9, pas de la technologie,<\/em>&nbsp;partage Fran\u00e7ois Thiollet.&nbsp;<em>Le progr\u00e8s, c&rsquo;est rechercher une soci\u00e9t\u00e9 meilleure pour tout le monde.\u00a0\u00bb<\/em><\/p>\n\n\n\n<p>L&rsquo;\u00e9lu de la France insoumise Antoine Martin regrette qu&rsquo;Emmanuel Macron se borne \u00e0 pr\u00e9senter&nbsp;le passage \u00e0 la 5G comme une \u00e9volution naturelle, dans un domaine o\u00f9 la France se doit d&rsquo;\u00eatre \u00e0 la pointe, sous peine d&rsquo;\u00eatre en retard.&nbsp;<em>\u00ab\u00a0C&rsquo;est pourtant au politique de d\u00e9finir un horizon d\u00e9sirable sur ces questions-l\u00e0,<\/em>&nbsp;affirme-t-il.&nbsp;<em>La soci\u00e9t\u00e9 va changer&nbsp;: nous devons prendre un d\u00e9cision ensemble sur l&rsquo;avenir que l&rsquo;on souhaite, choisir ensemble si l&rsquo;on d\u00e9sire, ou non, prendre ce chemin technologique-l\u00e0.\u00a0\u00bb<\/em><\/p>\n","protected":false},"excerpt":{"rendered":"<p>ntre smartphone et lampe \u00e0 huile, va-t-il falloir choisir son camp&nbsp;? Le d\u00e9bat sur le d\u00e9ploiement prochain&nbsp;du r\u00e9seau 5G en France, qui doit permettre une circulation des donn\u00e9es \u00e0 un d\u00e9bit nettement sup\u00e9rieur \u00e0 la 4G, agite le d\u00e9bat politique. Emmanuel Macron a r\u00e9cemment compar\u00e9 les opposants \u00e0 la 5G \u00e0 des&nbsp;Amishs qui souhaiteraient&nbsp;\u00ab\u00a0le retour [&hellip;]<\/p>\n","protected":false},"author":2,"featured_media":16541,"comment_status":"open","ping_status":"open","sticky":false,"template":"","format":"standard","meta":{"_jetpack_memberships_contains_paid_content":false,"footnotes":"","jetpack_publicize_message":"","jetpack_publicize_feature_enabled":true,"jetpack_social_post_already_shared":true,"jetpack_social_options":{"image_generator_settings":{"template":"highway","default_image_id":0,"font":"","enabled":false},"version":2},"_wpas_customize_per_network":false},"categories":[16],"tags":[],"class_list":["post-16540","post","type-post","status-publish","format-standard","has-post-thumbnail","hentry","category-actu-high-tech"],"jetpack_publicize_connections":[],"jetpack_featured_media_url":"https:\/\/i0.wp.com\/www.iceagetv.com\/radiosite\/wp-content\/uploads\/2020\/09\/5g.jpg?fit=1212%2C712&ssl=1","jetpack_sharing_enabled":true,"_links":{"self":[{"href":"https:\/\/www.iceagetv.com\/radiosite\/wp-json\/wp\/v2\/posts\/16540","targetHints":{"allow":["GET"]}}],"collection":[{"href":"https:\/\/www.iceagetv.com\/radiosite\/wp-json\/wp\/v2\/posts"}],"about":[{"href":"https:\/\/www.iceagetv.com\/radiosite\/wp-json\/wp\/v2\/types\/post"}],"author":[{"embeddable":true,"href":"https:\/\/www.iceagetv.com\/radiosite\/wp-json\/wp\/v2\/users\/2"}],"replies":[{"embeddable":true,"href":"https:\/\/www.iceagetv.com\/radiosite\/wp-json\/wp\/v2\/comments?post=16540"}],"version-history":[{"count":1,"href":"https:\/\/www.iceagetv.com\/radiosite\/wp-json\/wp\/v2\/posts\/16540\/revisions"}],"predecessor-version":[{"id":16542,"href":"https:\/\/www.iceagetv.com\/radiosite\/wp-json\/wp\/v2\/posts\/16540\/revisions\/16542"}],"wp:featuredmedia":[{"embeddable":true,"href":"https:\/\/www.iceagetv.com\/radiosite\/wp-json\/wp\/v2\/media\/16541"}],"wp:attachment":[{"href":"https:\/\/www.iceagetv.com\/radiosite\/wp-json\/wp\/v2\/media?parent=16540"}],"wp:term":[{"taxonomy":"category","embeddable":true,"href":"https:\/\/www.iceagetv.com\/radiosite\/wp-json\/wp\/v2\/categories?post=16540"},{"taxonomy":"post_tag","embeddable":true,"href":"https:\/\/www.iceagetv.com\/radiosite\/wp-json\/wp\/v2\/tags?post=16540"}],"curies":[{"name":"wp","href":"https:\/\/api.w.org\/{rel}","templated":true}]}}