{"id":16549,"date":"2020-09-28T11:56:33","date_gmt":"2020-09-28T11:56:33","guid":{"rendered":"http:\/\/www.iceagetv.com\/radiosite\/?p=16549"},"modified":"2020-09-28T11:56:33","modified_gmt":"2020-09-28T11:56:33","slug":"villefontaine-le-corps-sans-vie-de-victorine-18-ans-qui-a-disparu-samedi-soir-a-ete-retrouve-ce-matin-par-les-enqueteurs-le-dauphine-libere","status":"publish","type":"post","link":"https:\/\/www.iceagetv.com\/radiosite\/villefontaine-le-corps-sans-vie-de-victorine-18-ans-qui-a-disparu-samedi-soir-a-ete-retrouve-ce-matin-par-les-enqueteurs-le-dauphine-libere\/","title":{"rendered":"Villefontaine: Le corps sans vie de Victorine, 18 ans, qui a disparu samedi soir, a \u00e9t\u00e9 retrouv\u00e9 ce matin par les enqu\u00eateurs (Le Dauphin\u00e9 Lib\u00e9r\u00e9)"},"content":{"rendered":"\n<p><strong>e corps sans vie de Victorine a \u00e9t\u00e9 d\u00e9couvert ce matin dans la r\u00e9serve naturelle de l&rsquo;\u00e9tang de Saint-Bonnet, \u00e0 Villefontaine en Is\u00e8re, selon les informations du&nbsp;<a href=\"https:\/\/www.ledauphine.com\/faits-divers-justice\/2020\/09\/28\/disparition-de-victorine-en-isere-son-telephone-reste-muet\" target=\"_blank\" rel=\"noreferrer noopener\">Dauphin\u00e9 Lib\u00e9r\u00e9<\/a>.<\/strong><\/p>\n\n\n\n<p>\u00ab\u00a0Le g\u00e9n\u00e9ral Yann Trehin, commandant du groupement de gendarmerie de l&rsquo;Is\u00e8re, vient d&rsquo;annoncer que la procureure de Bienne s&rsquo;entretient actuellement avec la famille\u00a0\u00bb, expliquent nos confr\u00e8res.<\/p>\n\n\n\n<p>Depuis plusieurs heures, des recherches avaient lieu. De gros moyens avaient \u00e9t\u00e9 engag\u00e9s avec h\u00e9licopt\u00e8re, gendarmes au sol et un chien Saint-Hubert sp\u00e9cialis\u00e9 dans la recherche de personnes.<\/p>\n\n\n\n<p>Les points d&rsquo;eau (\u00e9tangs, ruisseaux) sont pass\u00e9s au crible par des plongeurs depuis dimanche. Plusieurs dizaines de gendarmes \u00e9taient de nouveau sur le terrain ce lundi.&nbsp;<\/p>\n\n\n\n<p>\u00ab\u00a0Outre l&rsquo;ensemble des \u00e9quipes qui ratissent le terrain, ce sont pas moins de 25 enqu\u00eateurs de la Section de recherches de Grenoble qui sont actuellement mobilis\u00e9s s&rsquo;ajoutant \u00e0 ceux de la brigade de recherches de Bourgoin-Jallieu\u00a0\u00bb, pr\u00e9cise Le Dauphin\u00e9 Lib\u00e9r\u00e9.<\/p>\n\n\n\n<p>La disparition samedi soir \u00e0 Villefontaine (Is\u00e8re) d&rsquo;une jeune fille de 18 ans sans probl\u00e8me avait \u00e9t\u00e9 jug\u00e9 \u00abinqui\u00e9tante\u00bb et a entra\u00een\u00e9 l&rsquo;ouverture imm\u00e9diate d&rsquo;une enqu\u00eate. \u00abUne enqu\u00eate pour disparition inqui\u00e9tante a \u00e9t\u00e9 ouverte samedi soir par le parquet, apr\u00e8s que les parents sont venus signaler la disparition de leur fille aux gendarmes\u00bb \u00e0 21h30, avait indiqu\u00e9 la procureure Audrey Quey,<\/p>\n","protected":false},"excerpt":{"rendered":"<p>e corps sans vie de Victorine a \u00e9t\u00e9 d\u00e9couvert ce matin dans la r\u00e9serve naturelle de l&rsquo;\u00e9tang de Saint-Bonnet, \u00e0 Villefontaine en Is\u00e8re, selon les informations du&nbsp;Dauphin\u00e9 Lib\u00e9r\u00e9. \u00ab\u00a0Le g\u00e9n\u00e9ral Yann Trehin, commandant du groupement de gendarmerie de l&rsquo;Is\u00e8re, vient d&rsquo;annoncer que la procureure de Bienne s&rsquo;entretient actuellement avec la famille\u00a0\u00bb, expliquent nos confr\u00e8res. Depuis [&hellip;]<\/p>\n","protected":false},"author":2,"featured_media":16550,"comment_status":"open","ping_status":"open","sticky":false,"template":"","format":"standard","meta":{"_jetpack_memberships_contains_paid_content":false,"footnotes":"","jetpack_publicize_message":"","jetpack_publicize_feature_enabled":true,"jetpack_social_post_already_shared":true,"jetpack_social_options":{"image_generator_settings":{"template":"highway","default_image_id":0,"font":"","enabled":false},"version":2},"_wpas_customize_per_network":false},"categories":[405],"tags":[],"class_list":["post-16549","post","type-post","status-publish","format-standard","has-post-thumbnail","hentry","category-actu-france-monde"],"jetpack_publicize_connections":[],"jetpack_featured_media_url":"https:\/\/i0.wp.com\/www.iceagetv.com\/radiosite\/wp-content\/uploads\/2020\/09\/Le-corps-sans-vie-de-Victorine.jpg?fit=750%2C390&ssl=1","jetpack_sharing_enabled":true,"_links":{"self":[{"href":"https:\/\/www.iceagetv.com\/radiosite\/wp-json\/wp\/v2\/posts\/16549","targetHints":{"allow":["GET"]}}],"collection":[{"href":"https:\/\/www.iceagetv.com\/radiosite\/wp-json\/wp\/v2\/posts"}],"about":[{"href":"https:\/\/www.iceagetv.com\/radiosite\/wp-json\/wp\/v2\/types\/post"}],"author":[{"embeddable":true,"href":"https:\/\/www.iceagetv.com\/radiosite\/wp-json\/wp\/v2\/users\/2"}],"replies":[{"embeddable":true,"href":"https:\/\/www.iceagetv.com\/radiosite\/wp-json\/wp\/v2\/comments?post=16549"}],"version-history":[{"count":1,"href":"https:\/\/www.iceagetv.com\/radiosite\/wp-json\/wp\/v2\/posts\/16549\/revisions"}],"predecessor-version":[{"id":16551,"href":"https:\/\/www.iceagetv.com\/radiosite\/wp-json\/wp\/v2\/posts\/16549\/revisions\/16551"}],"wp:featuredmedia":[{"embeddable":true,"href":"https:\/\/www.iceagetv.com\/radiosite\/wp-json\/wp\/v2\/media\/16550"}],"wp:attachment":[{"href":"https:\/\/www.iceagetv.com\/radiosite\/wp-json\/wp\/v2\/media?parent=16549"}],"wp:term":[{"taxonomy":"category","embeddable":true,"href":"https:\/\/www.iceagetv.com\/radiosite\/wp-json\/wp\/v2\/categories?post=16549"},{"taxonomy":"post_tag","embeddable":true,"href":"https:\/\/www.iceagetv.com\/radiosite\/wp-json\/wp\/v2\/tags?post=16549"}],"curies":[{"name":"wp","href":"https:\/\/api.w.org\/{rel}","templated":true}]}}