{"id":16611,"date":"2020-10-04T15:23:00","date_gmt":"2020-10-04T15:23:00","guid":{"rendered":"http:\/\/www.iceagetv.com\/radiosite\/?p=16611"},"modified":"2020-10-04T15:23:00","modified_gmt":"2020-10-04T15:23:00","slug":"referendum-sur-lindependance-de-la-nouvelle-caledonie-le-non-lemporte-dune-courte-tete","status":"publish","type":"post","link":"https:\/\/www.iceagetv.com\/radiosite\/referendum-sur-lindependance-de-la-nouvelle-caledonie-le-non-lemporte-dune-courte-tete\/","title":{"rendered":"R\u00e9f\u00e9rendum sur l\u2019ind\u00e9pendance de la Nouvelle-Cal\u00e9donie : le non l\u2019emporte d\u2019une courte t\u00eate"},"content":{"rendered":"\n<p>Le non&nbsp;\u00e0 l\u2019ind\u00e9pendance arrive de justesse en t\u00eate du r\u00e9f\u00e9rendum organis\u00e9 en Nouvelle-Cal\u00e9donie, dimanche 4&nbsp;octobre, selon les r\u00e9sultats provisoires communiqu\u00e9s par le Haut-Commissariat sur la base de l\u2019int\u00e9gralit\u00e9 des bureaux de vote. Le non&nbsp;r\u00e9colte 53,26&nbsp;% des voix face au oui (46,74&nbsp;%). Au-del\u00e0 de son verdict, ce scrutin est \u00e9galement marqu\u00e9&nbsp;<a href=\"https:\/\/www.lemonde.fr\/politique\/article\/2020\/10\/04\/la-nouvelle-caledonie-decide-de-nouveau-de-son-destin-par-referendum_6054680_823448.html\">par une forte participation<\/a>, qui s\u2019\u00e9l\u00e8ve \u00e0 85,64&nbsp;%.<\/p>\n\n\n\n<p>Pr\u00e8s de 181&nbsp;000 \u00e9lecteurs de cet archipel fran\u00e7ais, colonis\u00e9 en&nbsp;1853, \u00e9taient appel\u00e9s aux urnes pour dire s\u2019ils souhaitaient ou non&nbsp;<em>\u00ab&nbsp;que la Nouvelle-Cal\u00e9donie acc\u00e8de \u00e0 la pleine souverainet\u00e9 et devienne ind\u00e9pendante&nbsp;\u00bb<\/em>.<\/p>\n\n\n\n<p>Un premier scrutin organis\u00e9 le 4\u00a0novembre\u00a02018 dans le cadre des accords de Noum\u00e9a (1998) avait vu les pro-Fran\u00e7ais\u00a0<a href=\"https:\/\/www.lemonde.fr\/politique\/article\/2018\/11\/04\/nouvelle-caledonie-un-taux-de-participation-au-referendum-de-41-81-a-la-mi-journee_5378556_823448.html\">l\u2019emporter par 56,7\u00a0% des voix<\/a>. L\u2019\u00e9cart entre les deux camps s\u2019est donc sensiblement resserr\u00e9 en deux ans, et il n\u2019est d\u00e9sormais que de 9\u00a0965 voix, pr\u00e9cise-t-on au minist\u00e8re des outre-mer. Un troisi\u00e8me scrutin resterait th\u00e9oriquement encore possible d\u2019ici \u00e0 2022.<\/p>\n\n\n\n<h2 class=\"wp-block-heading\">n troisi\u00e8me r\u00e9f\u00e9rendum possible<\/h2>\n\n\n\n<p><em>\u00ab&nbsp;En tant que chef de l\u2019Etat, j\u2019accueille cette marque de confiance dans la R\u00e9publique avec un profond sentiment de reconnaissance. J\u2019accueille \u00e9galement ces r\u00e9sultats avec humilit\u00e9&nbsp;\u00bb,<\/em>&nbsp;a r\u00e9agi Emmanuel Macron lors d\u2019une courte allocution, dimanche \u00e0 14&nbsp;heures (heure de Paris) depuis l\u2019Elys\u00e9e.<\/p>\n\n\n\n<p>Le chef de l\u2019Etat a par ailleurs invit\u00e9 l\u2019archipel \u00e0&nbsp;<em>\u00ab&nbsp;se tourner vers l\u2019avenir&nbsp;\u00bb<\/em>. Et de pr\u00e9ciser&nbsp;:<\/p>\n\n\n\n<p>\u00ab&nbsp;L\u2019avenir, c\u2019est la derni\u00e8re \u00e9tape de l\u2019accord de Noum\u00e9a. Un troisi\u00e8me r\u00e9f\u00e9rendum est possible. C\u2019est \u00e0 vos \u00e9lus du Congr\u00e8s d\u2019en d\u00e9cider. L\u2019Etat, fid\u00e8le \u00e0 sa parole, se tient pr\u00eat \u00e0 l\u2019organiser, si tel est leur choix. L\u2019avenir, c\u2019est aussi, avec ou sans r\u00e9f\u00e9rendum, la pr\u00e9paration de la sortie de l\u2019accord de Noum\u00e9a en&nbsp;2022. (\u2026) Nous avons devant nous deux ann\u00e9es pour dialoguer et imaginer l\u2019avenir, et pas seulement l\u2019avenir institutionnel.&nbsp;\u00bb<\/p>\n\n\n\n<p>Emmanuel Macron a termin\u00e9 son intervention en insistant sur les trois d\u00e9fis auquel l\u2019archipel aura \u00e0 faire face ces prochaines ann\u00e9es, selon lui\u00a0: le d\u00e9fi\u00a0<em>\u00ab\u00a0indo-Pacifique, le d\u00e9veloppement \u00e9conomique et le d\u00e9fi climatique, dont on mesure chaque jour un peu plus combien il est pr\u00e9gnant, urgent\u00a0\u00bb<\/em>.<\/p>\n\n\n\n<p>De son c\u00f4t\u00e9, le premier ministre, Jean Castex, a confirm\u00e9 dans un communiqu\u00e9 qu\u2019il allait r\u00e9unir&nbsp;<em>\u00ab&nbsp;prochainement&nbsp;\u00bb<\/em>&nbsp;tous les acteurs de la Nouvelle-Cal\u00e9donie&nbsp;<em>\u00ab&nbsp;dispos\u00e9s \u00e0 travailler ensemble \u00e0 la poursuite du processus de dialogue et de paix \u00e0 l\u2019\u0153uvre depuis trente ans&nbsp;\u00bb<\/em>.<\/p>\n\n\n\n<p>Aux N\u00e9o-Cal\u00e9doniens qui ont vot\u00e9 oui \u00e0 l\u2019ind\u00e9pendance, le chef du gouvernement adresse&nbsp;<em>\u00ab&nbsp;un message de profond respect&nbsp;\u00bb<\/em>. Il assure que le gouvernement&nbsp;<em>\u00ab&nbsp;restera fid\u00e8le \u00e0 sa parole&nbsp;: conform\u00e9ment \u00e0 l\u2019accord de Noum\u00e9a, il respectera le choix des \u00e9lus cal\u00e9doniens de solliciter, ou non, une troisi\u00e8me consultation&nbsp;\u00bb<\/em>.<\/p>\n\n\n\n<p><em>\u00ab&nbsp;Les prochains mois devront permettre d\u2019approfondir les diff\u00e9rentes options qui s\u2019offrent \u00e0 la Nouvelle-Cal\u00e9donie et d\u2019imaginer concr\u00e8tement les solutions institutionnelles mais aussi politiques, \u00e9conomiques et sociales sur le chemin du destin commun&nbsp;\u00bb<\/em>, ajoute-t-il.<\/p>\n\n\n\n<p><\/p>\n\n\n\n<p><\/p>\n","protected":false},"excerpt":{"rendered":"<p>Le non&nbsp;\u00e0 l\u2019ind\u00e9pendance arrive de justesse en t\u00eate du r\u00e9f\u00e9rendum organis\u00e9 en Nouvelle-Cal\u00e9donie, dimanche 4&nbsp;octobre, selon les r\u00e9sultats provisoires communiqu\u00e9s par le Haut-Commissariat sur la base de l\u2019int\u00e9gralit\u00e9 des bureaux de vote. Le non&nbsp;r\u00e9colte 53,26&nbsp;% des voix face au oui (46,74&nbsp;%). Au-del\u00e0 de son verdict, ce scrutin est \u00e9galement marqu\u00e9&nbsp;par une forte participation, qui s\u2019\u00e9l\u00e8ve [&hellip;]<\/p>\n","protected":false},"author":2,"featured_media":16612,"comment_status":"open","ping_status":"open","sticky":false,"template":"","format":"standard","meta":{"_jetpack_memberships_contains_paid_content":false,"footnotes":"","jetpack_publicize_message":"","jetpack_publicize_feature_enabled":true,"jetpack_social_post_already_shared":true,"jetpack_social_options":{"image_generator_settings":{"template":"highway","default_image_id":0,"font":"","enabled":false},"version":2},"_wpas_customize_per_network":false},"categories":[2585],"tags":[],"class_list":["post-16611","post","type-post","status-publish","format-standard","has-post-thumbnail","hentry","category-actu-outre-mer"],"jetpack_publicize_connections":[],"jetpack_featured_media_url":"https:\/\/i0.wp.com\/www.iceagetv.com\/radiosite\/wp-content\/uploads\/2020\/10\/R%C3%A9f%C3%A9rendum-sur-l%E2%80%99ind%C3%A9pendance-de-la-Nouvelle-Cal%C3%A9donie.png?fit=566%2C376&ssl=1","jetpack_sharing_enabled":true,"_links":{"self":[{"href":"https:\/\/www.iceagetv.com\/radiosite\/wp-json\/wp\/v2\/posts\/16611","targetHints":{"allow":["GET"]}}],"collection":[{"href":"https:\/\/www.iceagetv.com\/radiosite\/wp-json\/wp\/v2\/posts"}],"about":[{"href":"https:\/\/www.iceagetv.com\/radiosite\/wp-json\/wp\/v2\/types\/post"}],"author":[{"embeddable":true,"href":"https:\/\/www.iceagetv.com\/radiosite\/wp-json\/wp\/v2\/users\/2"}],"replies":[{"embeddable":true,"href":"https:\/\/www.iceagetv.com\/radiosite\/wp-json\/wp\/v2\/comments?post=16611"}],"version-history":[{"count":1,"href":"https:\/\/www.iceagetv.com\/radiosite\/wp-json\/wp\/v2\/posts\/16611\/revisions"}],"predecessor-version":[{"id":16613,"href":"https:\/\/www.iceagetv.com\/radiosite\/wp-json\/wp\/v2\/posts\/16611\/revisions\/16613"}],"wp:featuredmedia":[{"embeddable":true,"href":"https:\/\/www.iceagetv.com\/radiosite\/wp-json\/wp\/v2\/media\/16612"}],"wp:attachment":[{"href":"https:\/\/www.iceagetv.com\/radiosite\/wp-json\/wp\/v2\/media?parent=16611"}],"wp:term":[{"taxonomy":"category","embeddable":true,"href":"https:\/\/www.iceagetv.com\/radiosite\/wp-json\/wp\/v2\/categories?post=16611"},{"taxonomy":"post_tag","embeddable":true,"href":"https:\/\/www.iceagetv.com\/radiosite\/wp-json\/wp\/v2\/tags?post=16611"}],"curies":[{"name":"wp","href":"https:\/\/api.w.org\/{rel}","templated":true}]}}